{"id":14016,"date":"2023-06-14T10:39:04","date_gmt":"2023-06-14T08:39:04","guid":{"rendered":"https:\/\/nandi.info\/?p=14016"},"modified":"2023-06-14T10:39:04","modified_gmt":"2023-06-14T08:39:04","slug":"la-famille-judiciaire-et-le-monde-universitaire-du-mali-en-deuil-daniel-amagoin-tessougue-nest-plus","status":"publish","type":"post","link":"https:\/\/nandi.info\/?p=14016","title":{"rendered":"La famille judiciaire et le monde universitaire du Mali en deuil : Daniel Amagoin Tessougu\u00e9 n\u2019est plus"},"content":{"rendered":"\n<p><strong>\u00ab Chaque \u00e2me go\u00fbtera la mort \u00bb. Comme une h\u00e9catombe, on se rappelle de cette triste r\u00e9alit\u00e9 de la vie de par le rappel \u00e0 Dieu, de notre cher et estim\u00e9 p\u00e8re, fr\u00e8re et ami&nbsp;<\/strong><strong>Daniel<\/strong><strong>&nbsp;Amagoin Tessougu\u00e9. Magistrat de grade exceptionnel et fiert\u00e9 de toute une nation,&nbsp;<\/strong><strong>Daniel<\/strong><strong>&nbsp;Tessougu\u00e9 nous a quitt\u00e9 hier dimanche 11 juin 2023 \u00e0 Bamako.<\/strong><\/p>\n\n\n\n<p class=\"has-drop-cap\">En quelques heures \u00e0 peine apr\u00e8s son d\u00e9c\u00e8s, les r\u00e9seaux sociaux furent inond\u00e9s de par la nouvelle de son d\u00e9c\u00e8s. Ancien procureur g\u00e9n\u00e9ral pr\u00e8s la Cour d\u2019appel de Bamako, ancien Pr\u00e9sident de la Cour de Justice de l\u2019Uemoa depuis le 31 mai 2019 et charg\u00e9 de cours au niveau de plusieurs \u00e9tablissements d\u2019enseignement sup\u00e9rieur, Daniel Tessougu\u00e9 est un magistrat de renom et l\u2019un des membres fondateurs du fameux syndicat autonome de la magistrature (SAM) dont il fut d\u2019ailleurs pr\u00e9sident.<\/p>\n\n\n\n<p>Il faut reconna\u00eetre que Daniel Tessougu\u00e9 a assum\u00e9 \u00e9galement plusieurs autres hautes fonctions telles que, Chef de cabinet puis secr\u00e9taire g\u00e9n\u00e9ral du minist\u00e8re de la justice et l\u2019inspecteur en chef des services judiciaires.<\/p>\n\n\n\n<p>Il s\u2019en est all\u00e9 pour toujours ce dimanche 11 juin 2023. Selon sa corporation les obs\u00e8ques feront l\u2019objet d\u2019un autre communiqu\u00e9.<\/p>\n\n\n\n<p>Et comme si une mauvaise nouvelle n\u2019arrivait pas seule, l\u2019on apprend \u00e9galement, le m\u00eame jour, du d\u00e9c\u00e8s d\u2019une autre haute personnalit\u00e9. Il s\u2019agit de M. Makan Aliou TOUNKARA, Ancien Ministre des Mines, de l\u2019\u00c9nergie et de l\u2019Eau sous la Transition de 2012.<\/p>\n\n\n\n<p>Dormez en paix. Votre service \u00e0 la nation sera grav\u00e9 dans la m\u00e9moire collective.<\/p>\n\n\n\n<p>Que terre vous soit l\u00e9g\u00e8re.<\/p>\n\n\n\n<p><strong>Issa Djiguiba<\/strong><\/p>\n\n\n\n<p><\/p>\n","protected":false},"excerpt":{"rendered":"<p>\u00ab Chaque \u00e2me go\u00fbtera la mort \u00bb. Comme une h\u00e9catombe, on se rappelle de cette triste r\u00e9alit\u00e9 de la vie de par le rappel \u00e0 Dieu, de notre cher et&hellip;<\/p>\n","protected":false},"author":1,"featured_media":14017,"comment_status":"open","ping_status":"closed","sticky":false,"template":"","format":"standard","meta":{"content-type":"","_lmt_disableupdate":"","_lmt_disable":"","_jetpack_memberships_contains_paid_content":false,"footnotes":"","jetpack_publicize_message":"","jetpack_publicize_feature_enabled":true,"jetpack_social_post_already_shared":true,"jetpack_social_options":{"image_generator_settings":{"template":"highway","default_image_id":0,"font":"","enabled":false},"version":2}},"categories":[71,37,21],"tags":[],"class_list":["post-14016","post","type-post","status-publish","format-standard","has-post-thumbnail","hentry","category-le-pays","category-necrologie","category-societe"],"jetpack_publicize_connections":[],"featured_image_urls":{"full":"","thumbnail":"","medium":"","medium_large":"","large":"","1536x1536":"","2048x2048":"","penci-recipe-1200x1200":"","penci-recipe-1200x900":"","penci-recipe-1200x675":"","penci-single-full":"","penci-slider-full-thumb":"","penci-full-thumb":"","penci-slider-thumb":"","penci-magazine-slider":"","penci-thumb":"","penci-masonry-thumb":"","penci-thumb-square":"","penci-thumb-vertical":"","penci-thumb-small":""},"author_info":{"display_name":"Nandi","author_link":"https:\/\/nandi.info\/?author=1"},"category_info":"<a href=\"https:\/\/nandi.info\/?cat=71\" rel=\"category\">Le Pays<\/a> <a href=\"https:\/\/nandi.info\/?cat=37\" rel=\"category\">N\u00e9crologie<\/a> <a href=\"https:\/\/nandi.info\/?cat=21\" rel=\"category\">Soci\u00e9t\u00e9<\/a>","tag_info":"Soci\u00e9t\u00e9","comment_count":"0","jetpack_featured_media_url":"","jetpack_sharing_enabled":true,"_links":{"self":[{"href":"https:\/\/nandi.info\/index.php?rest_route=\/wp\/v2\/posts\/14016","targetHints":{"allow":["GET"]}}],"collection":[{"href":"https:\/\/nandi.info\/index.php?rest_route=\/wp\/v2\/posts"}],"about":[{"href":"https:\/\/nandi.info\/index.php?rest_route=\/wp\/v2\/types\/post"}],"author":[{"embeddable":true,"href":"https:\/\/nandi.info\/index.php?rest_route=\/wp\/v2\/users\/1"}],"replies":[{"embeddable":true,"href":"https:\/\/nandi.info\/index.php?rest_route=%2Fwp%2Fv2%2Fcomments&post=14016"}],"version-history":[{"count":0,"href":"https:\/\/nandi.info\/index.php?rest_route=\/wp\/v2\/posts\/14016\/revisions"}],"wp:featuredmedia":[{"embeddable":true,"href":"https:\/\/nandi.info\/index.php?rest_route=\/"}],"wp:attachment":[{"href":"https:\/\/nandi.info\/index.php?rest_route=%2Fwp%2Fv2%2Fmedia&parent=14016"}],"wp:term":[{"taxonomy":"category","embeddable":true,"href":"https:\/\/nandi.info\/index.php?rest_route=%2Fwp%2Fv2%2Fcategories&post=14016"},{"taxonomy":"post_tag","embeddable":true,"href":"https:\/\/nandi.info\/index.php?rest_route=%2Fwp%2Fv2%2Ftags&post=14016"}],"curies":[{"name":"wp","href":"https:\/\/api.w.org\/{rel}","templated":true}]}}