{"id":14008,"date":"2023-06-14T10:29:55","date_gmt":"2023-06-14T08:29:55","guid":{"rendered":"https:\/\/nandi.info\/?p=14008"},"modified":"2023-06-14T10:29:55","modified_gmt":"2023-06-14T08:29:55","slug":"referendum-constitutionnel-les-forces-armees-de-defense-et-de-securite-ont-vote-hier","status":"publish","type":"post","link":"https:\/\/nandi.info\/?p=14008","title":{"rendered":"R\u00e9f\u00e9rendum constitutionnel : les Forces arm\u00e9es de d\u00e9fense et de s\u00e9curit\u00e9 ont vot\u00e9 hier"},"content":{"rendered":"\n<p><strong><em>Hier 11 juin 2023 a eu lieu sur toute l\u2019entendue du territoire national le vote r\u00e9f\u00e9rendaire pour les Forces arm\u00e9es de d\u00e9fense et de s\u00e9curit\u00e9. Le ministre de la s\u00e9curit\u00e9 et de la protection civile, le g\u00e9n\u00e9ral de brigade, Daoud Aly Mohammadine et celui de la d\u00e9fense et des anciens combattants, le colonel Sadio Camara ont donn\u00e9 le ton par un vote symbolique respectivement \u00e0 l\u2019Ecole Nationale de la Police et au Camp de la garde Nationale.<\/em><\/strong><\/p>\n\n\n\n<p class=\"has-drop-cap\">Il avait \u00e9t\u00e9 bien dit que les forces arm\u00e9es maliennes de d\u00e9fense et de s\u00e9curit\u00e9 anticiperaient leur vote afin de pouvoir s\u00e9curiser le scrutin r\u00e9f\u00e9rendaire le 18 juin 2023. C\u2019est dans ce cadre que des bureaux de vote ont \u00e9t\u00e9 install\u00e9s dans tous les camps des forces arm\u00e9es de d\u00e9fense et de s\u00e9curit\u00e9 pour rendre effectif cet exercice.<\/p>\n\n\n\n<p>Au total, 14 centres de vote ont \u00e9t\u00e9 mis en place pour le vote des forces arm\u00e9es de d\u00e9fense et de s\u00e9curit\u00e9. L\u2019Ecole Nationale de la police compte 10 bureaux de vote et le Camp de la Garde Nationale en compte 07.<\/p>\n\n\n\n<p>Selon le ministre de la s\u00e9curit\u00e9 et de la protection civile, ce vote est d\u2019une importance capitale pour tout le peuple malien, car selon lui, il s\u2019agit non seulement d\u2019un devoir de citoyennet\u00e9, mais aussi la mise \u0153uvre du processus de refondation du Mali entam\u00e9 par les plus hautes autorit\u00e9s de la transition.<\/p>\n\n\n\n<p>\u00abLa tenue de ce r\u00e9f\u00e9rendum n\u2019est pas une volont\u00e9 exprim\u00e9e par le pr\u00e9sident de la transition ni par le gouvernement, c\u2019est une recommandation forte du peuple malien lors des Assises Nationales de la refondation que nous avons jug\u00e9 n\u00e9cessaire d\u2019accomplir&nbsp;\u00bb a laiss\u00e9 entendre le ministre Daoud Aly Mohammadine.<\/p>\n\n\n\n<p>Pour que cette constitution puisse \u00eatre mise en vigueur permettant au Mali de se doter d\u2019une nouvelle norme constitutionnelle, le chef du d\u00e9partement de la s\u00e9curit\u00e9 et de la protection civile a lanc\u00e9 un vibrant appel aux forces arm\u00e9es de d\u00e9fense et de s\u00e9curit\u00e9 afin de sortir pour voter massivement et en faveur du Oui. D\u2019apr\u00e8s ses explications, le Mali a aujourd\u2019hui et plus jamais besoin de cette nouvelle constitution pour ce reconstruire.<\/p>\n\n\n\n<p>Quant au ministre de la D\u00e9fense et des anciens combattants, le colonel Sadio Camara, il rappelle que le Mali est tr\u00e8s longtemps rest\u00e9 sous domination des autres, et aujourd\u2019hui, selon lui, gr\u00e2ce \u00e0 la population malienne, le pays arrive \u00e0 se frayer un chemin propre \u00e0 lui-m\u00eame.<\/p>\n\n\n\n<p>\u00ab Une \u00e9tape de ce chemin a \u00e9t\u00e9 franchie aujourd\u2019hui, mais nous devons rester vigilants car les ennemis de l\u2019int\u00e9rieur comme de l\u2019ext\u00e9rieur sont toujours \u00e0 l\u2019\u0153uvre \u00e0 travers des actes pour pouvoir paniquer les paisibles citoyens \u00bb a-t-il mis en garde le chef du d\u00e9partement de la d\u00e9fense et des anciens combattants.<\/p>\n\n\n\n<p>En outre, le colonel Sadio Camara a invit\u00e9 les Maliens de l\u2019int\u00e9rieur comme de l\u2019ext\u00e9rieur \u00e0 se donner la main pour reconstruire le Mali et faire de lui, un pays \u00e9mergent.<\/p>\n\n\n\n<p>Notons que L\u2019autorit\u00e9 Ind\u00e9pendante de gestion des \u00c9lections (AIGE) \u00e9tait pr\u00e9sente sur les lieux pour s\u2019enqu\u00e9rir du d\u00e9roulement du vote dans les diff\u00e9rents camps des FAMa.<\/p>\n\n\n\n<p><strong>Tioumb\u00e8 Adeline Tolofoudi\u00e9<\/strong><\/p>\n\n\n\n<p><strong>Le \u00a8Pays<\/strong><\/p>\n","protected":false},"excerpt":{"rendered":"<p>Hier 11 juin 2023 a eu lieu sur toute l\u2019entendue du territoire national le vote r\u00e9f\u00e9rendaire pour les Forces arm\u00e9es de d\u00e9fense et de s\u00e9curit\u00e9. Le ministre de la s\u00e9curit\u00e9&hellip;<\/p>\n","protected":false},"author":1,"featured_media":14010,"comment_status":"open","ping_status":"closed","sticky":false,"template":"","format":"standard","meta":{"content-type":"","_lmt_disableupdate":"","_lmt_disable":"","_jetpack_memberships_contains_paid_content":false,"footnotes":"","jetpack_publicize_message":"","jetpack_publicize_feature_enabled":true,"jetpack_social_post_already_shared":true,"jetpack_social_options":{"image_generator_settings":{"template":"highway","default_image_id":0,"font":"","enabled":false},"version":2}},"categories":[89,71,21],"tags":[],"class_list":["post-14008","post","type-post","status-publish","format-standard","has-post-thumbnail","hentry","category-elections-ceni","category-le-pays","category-societe"],"jetpack_publicize_connections":[],"featured_image_urls":{"full":"","thumbnail":"","medium":"","medium_large":"","large":"","1536x1536":"","2048x2048":"","penci-recipe-1200x1200":"","penci-recipe-1200x900":"","penci-recipe-1200x675":"","penci-single-full":"","penci-slider-full-thumb":"","penci-full-thumb":"","penci-slider-thumb":"","penci-magazine-slider":"","penci-thumb":"","penci-masonry-thumb":"","penci-thumb-square":"","penci-thumb-vertical":"","penci-thumb-small":""},"author_info":{"display_name":"Nandi","author_link":"https:\/\/nandi.info\/?author=1"},"category_info":"<a href=\"https:\/\/nandi.info\/?cat=89\" rel=\"category\">Elections \/ CENI<\/a> <a href=\"https:\/\/nandi.info\/?cat=71\" rel=\"category\">Le Pays<\/a> <a href=\"https:\/\/nandi.info\/?cat=21\" rel=\"category\">Soci\u00e9t\u00e9<\/a>","tag_info":"Soci\u00e9t\u00e9","comment_count":"0","jetpack_featured_media_url":"","jetpack_sharing_enabled":true,"_links":{"self":[{"href":"https:\/\/nandi.info\/index.php?rest_route=\/wp\/v2\/posts\/14008","targetHints":{"allow":["GET"]}}],"collection":[{"href":"https:\/\/nandi.info\/index.php?rest_route=\/wp\/v2\/posts"}],"about":[{"href":"https:\/\/nandi.info\/index.php?rest_route=\/wp\/v2\/types\/post"}],"author":[{"embeddable":true,"href":"https:\/\/nandi.info\/index.php?rest_route=\/wp\/v2\/users\/1"}],"replies":[{"embeddable":true,"href":"https:\/\/nandi.info\/index.php?rest_route=%2Fwp%2Fv2%2Fcomments&post=14008"}],"version-history":[{"count":0,"href":"https:\/\/nandi.info\/index.php?rest_route=\/wp\/v2\/posts\/14008\/revisions"}],"wp:featuredmedia":[{"embeddable":true,"href":"https:\/\/nandi.info\/index.php?rest_route=\/"}],"wp:attachment":[{"href":"https:\/\/nandi.info\/index.php?rest_route=%2Fwp%2Fv2%2Fmedia&parent=14008"}],"wp:term":[{"taxonomy":"category","embeddable":true,"href":"https:\/\/nandi.info\/index.php?rest_route=%2Fwp%2Fv2%2Fcategories&post=14008"},{"taxonomy":"post_tag","embeddable":true,"href":"https:\/\/nandi.info\/index.php?rest_route=%2Fwp%2Fv2%2Ftags&post=14008"}],"curies":[{"name":"wp","href":"https:\/\/api.w.org\/{rel}","templated":true}]}}