{"id":13898,"date":"2023-06-06T13:57:48","date_gmt":"2023-06-06T11:57:48","guid":{"rendered":"https:\/\/nandi.info\/?p=13898"},"modified":"2023-06-06T13:57:48","modified_gmt":"2023-06-06T11:57:48","slug":"lancement-de-la-campagne-referendaire-au-mali-ladema-pasj-appelle-a-voter-oui-au-referendum","status":"publish","type":"post","link":"https:\/\/nandi.info\/?p=13898","title":{"rendered":"Lancement de la campagne r\u00e9f\u00e9rendaire au Mali : L\u2019ADEMA PASJ appelle \u00e0 voter OUI au r\u00e9f\u00e9rendum"},"content":{"rendered":"\n<p class=\"has-drop-cap\">L\u2019Alliance pour la d\u00e9mocratie au Mali- Parti Africain pour la Solidarit\u00e9 et la Justice (AD\u00c9MA-PASJ) a proc\u00e9d\u00e9, le samedi 03 juin 2023, au Centre international de conf\u00e9rence de Bamako (CICB), au lancement officiel de la campagne nationale sur le projet de la nouvelle constitution. Cette c\u00e9r\u00e9monie de lancement \u00e9tait pr\u00e9sid\u00e9e par le Pr. Marimantia Diarra, Pr\u00e9sident de l\u2019Adema-PASJ, en pr\u00e9sence des autres cadres, militants et sympathisants du parti \u00ab abeilles \u00bb. Au cours de cette c\u00e9r\u00e9monie, l\u2019ADEMA PASJ appelle \u00e0 voter OUI au r\u00e9f\u00e9rendum. \u00ab Pourquoi, \u00e0 l\u2019Ad\u00e9ma-PASJ, avons-nous d\u00e9cid\u00e9 de soutenir ce projet de Constitution et de mobiliser nos concitoyens \u00e0 voter OUI au r\u00e9f\u00e9rendum du 18 juin 2023 ? Ce n\u2019est ni par opportunisme politique ni par calculs politiciens. Cette d\u00e9cision r\u00e9sulte d\u2019une large consultation populaire de nos militants \u00e0 la base et d\u2019une analyse approfondie du contenu du projet qui prend en compte une bonne partie des pr\u00e9occupations exprim\u00e9es par nos militants et sympathisants\u2026Quelle que soit l\u2019issue du scrutin, j\u2019exhorte toutes les parties impliqu\u00e9es \u00e0 accepter la d\u00e9cision des urnes et \u00e0 se donner la main pour construire le Mali \u00bb, a d\u00e9clar\u00e9 le Pr. Diarra.<\/p>\n\n\n\n<p>Apr\u00e8s l\u2019allocution de Mme Katil\u00e9 Adiaratou S\u00e8ne du Mouvement des femmes du parti Adema-PASJ et celle du pr\u00e9sident du Mouvement des jeunes de l\u2019Adema-PASJ, Mohamed Cherif Coulibaly, le Pr\u00e9sident de l\u2019ADEMA-PASJ, Pr. Marimantia Diarra, a fait savoir que le parti a choisi, en toute responsabilit\u00e9, apr\u00e8s un exercice d\u00e9mocratique de consultations des militants \u00e0 la base, d\u2019expliquer de fa\u00e7on approfondie les principales articulations du projet de nouvelle Constitution, pour permettre \u00e0 la population de s\u2019approprier le contenu et de se prononcer, dimanche 18 juin 2023, par un vote utile et massif pour le \u00ab OUI \u00bb, en toute connaissance de cause. Selon lui, l\u2019Ad\u00e9ma-PASJ ne faillira pas \u00e0 ce devoir r\u00e9publicain et patriotique. \u00ab Pourquoi, \u00e0 l\u2019Ad\u00e9ma-PASJ, avons-nous d\u00e9cid\u00e9 de soutenir ce projet de Constitution et de mobiliser nos concitoyens \u00e0 voter OUI au r\u00e9f\u00e9rendum du 18 juin 2023 ? Ce n\u2019est ni par opportunisme politique ni par calculs politiciens. Cette d\u00e9cision r\u00e9sulte d\u2019une large consultation populaire de nos militants \u00e0 la base et d\u2019une analyse approfondie du contenu du projet qui prend en compte une bonne partie des pr\u00e9occupations exprim\u00e9es par nos militants et sympathisants. Donc, un choix d\u00e9mocratique, partag\u00e9, r\u00e9fl\u00e9chi et assum\u00e9.<\/p>\n\n\n\n<p>\u00c0 l\u2019attention de nos d\u00e9tracteurs, l\u2019Ad\u00e9ma-PASJ a eu une d\u00e9marche coh\u00e9rente, structur\u00e9e, tout au long du processus d\u2019adoption de ce projet de Constitution. Au cours de la campagne, nous allons certainement nous disputer autour du contenu de ce projet, mais sur nos d\u00e9saccords, acceptons de mettre le Mali au-dessus des contingences. Alors, quelle que soit l\u2019issue du scrutin, j\u2019exhorte toutes les parties impliqu\u00e9es \u00e0 accepter la d\u00e9cision des urnes et \u00e0 se donner la main pour construire le Mali \u00bb, a soulign\u00e9 Pr. Marimantia Diarra. Pour la paix, la stabilit\u00e9 et le progr\u00e8s du Mali, l\u2019Ad\u00e9ma-PASJ a d\u00e9cid\u00e9 de mobiliser ses militants et l\u2019ensemble du Peuple souverain du Mali pour un vote massif pour le OUI en faveur de la nouvelle Constitution qui sera soumise en r\u00e9f\u00e9rendum, le 18 juin 2023. \u00ab Pour la r\u00e9ussite de la Transition, nous avons opt\u00e9, ensemble pour le OUI. Au regard de la d\u00e9termination que j\u2019observe depuis quelques moments autour de ce projet de Constitution, je suis convaincu que le OUI l\u2019emportera au soir du dimanche 18 juin 2023 et que le taux de participation sera le plus \u00e9lev\u00e9.<\/p>\n\n\n\n<p>Par cons\u00e9quent, l\u2019Ad\u00e9ma-PASJ appelle ses militants et sympathisants, le peuple souverain du Mali, \u00e0 la mobilisation populaire, en vue d\u2019un vote massif pour le \u201cOUI\u201d et une belle victoire de la Transition, le 18 juin 2023 \u00bb, a d\u00e9clar\u00e9 le pr\u00e9sident du parti ADEMA-PASJ.<\/p>\n\n\n\n<p><strong>Aguibou Sogodogo<\/strong><\/p>\n","protected":false},"excerpt":{"rendered":"<p>L\u2019Alliance pour la d\u00e9mocratie au Mali- Parti Africain pour la Solidarit\u00e9 et la Justice (AD\u00c9MA-PASJ) a proc\u00e9d\u00e9, le samedi 03 juin 2023, au Centre international de conf\u00e9rence de Bamako (CICB),&hellip;<\/p>\n","protected":false},"author":1,"featured_media":11335,"comment_status":"open","ping_status":"closed","sticky":false,"template":"","format":"standard","meta":{"content-type":"","_lmt_disableupdate":"","_lmt_disable":"","_jetpack_memberships_contains_paid_content":false,"footnotes":"","jetpack_publicize_message":"","jetpack_publicize_feature_enabled":true,"jetpack_social_post_already_shared":true,"jetpack_social_options":{"image_generator_settings":{"template":"highway","default_image_id":0,"font":"","enabled":false},"version":2}},"categories":[69,23],"tags":[],"class_list":["post-13898","post","type-post","status-publish","format-standard","has-post-thumbnail","hentry","category-le-republicain-mali","category-politique"],"jetpack_publicize_connections":[],"featured_image_urls":{"full":"","thumbnail":"","medium":"","medium_large":"","large":"","1536x1536":"","2048x2048":"","penci-recipe-1200x1200":"","penci-recipe-1200x900":"","penci-recipe-1200x675":"","penci-single-full":"","penci-slider-full-thumb":"","penci-full-thumb":"","penci-slider-thumb":"","penci-magazine-slider":"","penci-thumb":"","penci-masonry-thumb":"","penci-thumb-square":"","penci-thumb-vertical":"","penci-thumb-small":""},"author_info":{"display_name":"Nandi","author_link":"https:\/\/nandi.info\/?author=1"},"category_info":"<a href=\"https:\/\/nandi.info\/?cat=69\" rel=\"category\">Le R\u00e9publicain Mali<\/a> <a href=\"https:\/\/nandi.info\/?cat=23\" rel=\"category\">Politique<\/a>","tag_info":"Politique","comment_count":"0","jetpack_featured_media_url":"","jetpack_sharing_enabled":true,"_links":{"self":[{"href":"https:\/\/nandi.info\/index.php?rest_route=\/wp\/v2\/posts\/13898","targetHints":{"allow":["GET"]}}],"collection":[{"href":"https:\/\/nandi.info\/index.php?rest_route=\/wp\/v2\/posts"}],"about":[{"href":"https:\/\/nandi.info\/index.php?rest_route=\/wp\/v2\/types\/post"}],"author":[{"embeddable":true,"href":"https:\/\/nandi.info\/index.php?rest_route=\/wp\/v2\/users\/1"}],"replies":[{"embeddable":true,"href":"https:\/\/nandi.info\/index.php?rest_route=%2Fwp%2Fv2%2Fcomments&post=13898"}],"version-history":[{"count":0,"href":"https:\/\/nandi.info\/index.php?rest_route=\/wp\/v2\/posts\/13898\/revisions"}],"wp:featuredmedia":[{"embeddable":true,"href":"https:\/\/nandi.info\/index.php?rest_route=\/"}],"wp:attachment":[{"href":"https:\/\/nandi.info\/index.php?rest_route=%2Fwp%2Fv2%2Fmedia&parent=13898"}],"wp:term":[{"taxonomy":"category","embeddable":true,"href":"https:\/\/nandi.info\/index.php?rest_route=%2Fwp%2Fv2%2Fcategories&post=13898"},{"taxonomy":"post_tag","embeddable":true,"href":"https:\/\/nandi.info\/index.php?rest_route=%2Fwp%2Fv2%2Ftags&post=13898"}],"curies":[{"name":"wp","href":"https:\/\/api.w.org\/{rel}","templated":true}]}}