{"id":13767,"date":"2023-05-30T11:01:19","date_gmt":"2023-05-30T09:01:19","guid":{"rendered":"https:\/\/nandi.info\/?p=13767"},"modified":"2023-05-30T11:01:19","modified_gmt":"2023-05-30T09:01:19","slug":"mohamed-bazoum-a-la-ceremonie-speciale-dhommages-au-president-mahamadou-issoufou-laureat-du-prix-mo-ibrahim-2021-dis-moi-quel-dirigeant-de-parti-tu-as-ete-je-te-dirai-quel-chef-d","status":"publish","type":"post","link":"https:\/\/nandi.info\/?p=13767","title":{"rendered":"Mohamed Bazoum \u00e0 la c\u00e9r\u00e9monie sp\u00e9ciale d\u2019hommages au Pr\u00e9sident Mahamadou Issoufou, laur\u00e9at du prix Mo Ibrahim 2021 : \u00abDis-moi quel dirigeant de parti tu as \u00e9t\u00e9, je te dirai quel chef d\u2019Etat tu seras\u00bb"},"content":{"rendered":"\n<p><strong>L\u2019ancien Pr\u00e9sident de la R\u00e9publique du Niger, Mahamadou Issoufou a \u00e9t\u00e9 consacr\u00e9 laur\u00e9at du prix Mo Ibrahim 2021. La ceremonie de presentation du trophee de ce prix a eu lieu \u00e0 Niamey, le 19 mai 2023. A cette occasion, l\u2019actuel Pr\u00e9sident Mohamed Bazoum, a prononc\u00e9 un discours que Le R\u00e9publicain vous propose. Lisez!<\/strong><\/p>\n\n\n\n<p><strong>Monsieur le Pr\u00e9sident,<\/strong><\/p>\n\n\n\n<p class=\"has-drop-cap\">Il y\u2019a de cela un peu plus de 2 ans dans cette m\u00eame salle, \u00e0 l\u2019occasion de mon investiture comme Pr\u00e9sident de la R\u00e9publique j\u2019ai eu pour vous des mots tellement \u00e9logieux qu\u2019il me para\u00eet difficile d\u2019en dire davantage aujourd\u2019hui, m\u00eame \u00e0 l\u2019occasion d\u2019une c\u00e9r\u00e9monie sp\u00e9ciale d\u2019hommages. Mais l\u2019\u00e9v\u00e9nement qui nous r\u00e9unit cet apr\u00e8s-midi est trop beau pour que je n\u2019en saisisse pas l\u2019occasion pour m\u2019exprimer, duss\u00e9-je pour cela me r\u00e9p\u00e9ter d\u2019une certaine fa\u00e7on. En v\u00e9rit\u00e9, le risque que je me r\u00e9p\u00e8te est peut-\u00eatre peu probable, tant il est vrai que ces deux ann\u00e9es m\u2019ont permis de vous conna\u00eetre encore plus et de d\u00e9couvrir combien vous \u00eates p\u00e9n\u00e9tr\u00e9 des valeurs de la d\u00e9mocratie et des id\u00e9aux de la R\u00e9publique.<\/p>\n\n\n\n<p>Je lis avec amusement les nombreuses th\u00e9ories d\u00e9velopp\u00e9es par tous ceux qui ont fait de notre relation actuelle, vous et moi, une sp\u00e9cialit\u00e9 et qui jouent aux Cassandre. Je voudrais leur dire une fois encore qu\u2019ils en seront pour leurs frais et que, tel Drogo du roman \u201d le d\u00e9sert des Tartares\u201d de Dino Buzzati, ils s\u2019\u00e9puiseront \u00e0 scruter l\u2019horizon et \u00e0 attendre en vain.<\/p>\n\n\n\n<p>En effet, Mesdames, Messieurs, le comportement du Pr\u00e9sident Issoufou dans son rapport au gouvernement et \u00e0 l\u2019Etat depuis avril 2021 est une autre contribution de sa part \u00e0 l\u2019\u00e9tablissement de m\u0153urs politiques modernes dans notre pays, au diapason des valeurs de la d\u00e9mocratie et de l\u2019Etat de droit. Cela parce que plus que quiconque il sait que l\u00e0 o\u00f9 les r\u00e8gles et les principes sont respect\u00e9s, les tensions et les conflits sont exorcis\u00e9s en leur principe. N\u2019\u00e9tant plus Pr\u00e9sident, il s\u2019est assign\u00e9 de nouvelles occupations qui lui demandent par bonheur plus de temps qu\u2019il ne peut avoir. Et la chose qui le rend le plus heureux c\u2019est de mener une vie o\u00f9 il est totalement ma\u00eetre de son agenda, loin, tr\u00e8s loin des affaires de l\u2019Etat.<\/p>\n\n\n\n<p>\u00c0 regarder de pr\u00e8s, ce profil r\u00e9publicain tel qu\u2019il en fait scrupuleusement montre en tant qu\u2019ancien chef d\u2019Etat ne devrait pas nous surprendre, nous autres qui l\u2019avons connu dans le cadre de la vie de notre parti depuis qu\u2019en fondant celui-ci en d\u00e9cembre 1990 nous l\u2019avons mis \u00e0 sa t\u00eate.<\/p>\n\n\n\n<p>Il suffit de voir ce que sont devenus les trois autres grands partis protagonistes des \u00e9lections de l\u2019ann\u00e9e 1993 pour comprendre la chance qu\u2019on peut avoir de b\u00e9n\u00e9ficier d\u2019un leadership avis\u00e9. La premi\u00e8re des qualit\u00e9s d\u2019un chef c\u2019est en effet d\u2019estimer et de respecter ses compagnons. C\u2019est la condition de leur fid\u00e9lit\u00e9 et de leur loyaut\u00e9. Respecter et estimer ses compagnons c\u2019est consid\u00e9rer que chacun a une place, un r\u00f4le, un m\u00e9rite et des droits. C\u2019est sur ce socle solide que nous avons b\u00e2ti notre unit\u00e9 et affront\u00e9 toutes les \u00e9preuves ensemble.<\/p>\n\n\n\n<p><strong>Mesdames, Messieurs,<\/strong><\/p>\n\n\n\n<p>Comme on peut bien le voir, les contraintes de la gouvernance d\u2019un parti sont identiques aux exigences de la gestion d\u2019un \u00c9tat en r\u00e9gime de d\u00e9mocratie. La loyaut\u00e9 pour un chef de parti vis-\u00e0-vis de ses compagnons est une figure de la loyaut\u00e9 pour un chef d\u2019Etat vis-\u00e0-vis des institutions \u00e9tatiques, consistant dans le respect des r\u00e8gles de fonctionnement de celles-ci. En pastichant le proverbe on peut sans risque de se tromper dire en l\u2019occurrence \u201d dis-moi quel dirigeant de parti tu as \u00e9t\u00e9, je te dirai quel chef d\u2019Etat tu seras\u201d. Le Pr\u00e9sident Issoufou pour ne s\u2019\u00eatre jamais pris pour un homme providentiel \u00e9tait rest\u00e9 \u00e0 la t\u00eate de son parti, un homme ordinaire, en harmonie avec ses camarades dans le cadre d\u2019une relation fond\u00e9e sur le respect des r\u00e8gles et des valeurs dont l\u2019observance stricte a garanti la viabilit\u00e9 du projet commun.<\/p>\n\n\n\n<p>Dans l\u2019exercice du pouvoir, cette m\u00eame \u00e9thique lui a servi de r\u00e9f\u00e9rentiel. C\u2019est cette humilit\u00e9 axiologique pour ainsi dire qui va en effet le mettre \u00e0 l\u2019abri de toute forme de tentation d\u00e9raisonnable. Au terme de ses deux mandats, il s\u2019en est all\u00e9, non sans avoir favoris\u00e9 les conditions d\u2019\u00e9lections libres, d\u00e9mocratiques et transparentes, laissant son pays dot\u00e9 d\u2019institutions raffermies et de r\u00e9elles capacit\u00e9s \u00e0 faire face aux nombreux d\u00e9fis d\u2019un contexte et d\u2019un environnement particuli\u00e8rement d\u00e9favorables au Sahel, marqu\u00e9s comme on le sait par l\u2019impact de la violence terroriste et du changement climatique. Il s\u2019en est all\u00e9 de fa\u00e7on totale, le c\u0153ur l\u00e9ger, la conscience tranquille, sans la moindre peur car ceux qui ont peur de quitter le pouvoir usent de tous les moyens de violence juridique et physique pour se maintenir.<\/p>\n\n\n\n<p>Monsieur le Pr\u00e9sident, les Nig\u00e9riens sont tr\u00e8s reconnaissants de ce que vous avez fait pour notre pays ; ils sont tr\u00e8s fiers pour ce que vous repr\u00e9sentez en Afrique. Cette alternance que vous avez facilit\u00e9e a donn\u00e9 \u00e0 notre pays notori\u00e9t\u00e9 et prestige sur le plan international. Sur le plan national, elle aura pour effet de d\u00e9dramatiser la bataille pour la conqu\u00eate du pouvoir, d\u00e8s lors qu\u2019il est d\u00e9sormais \u00e9tabli qu\u2019on peut y acc\u00e9der de fa\u00e7on pacifique. Votre nom est pass\u00e9 \u00e0 la post\u00e9rit\u00e9 pour avoir \u00e9t\u00e9 associ\u00e9 \u00e0 un geste tout d\u2019\u00e9l\u00e9gance et de panache, et les g\u00e9n\u00e9rations futures en \u00e9criront la geste, fabuleuse. Votre geste restera un grand d\u00e9fi pour tous ceux qui viendront apr\u00e8s vous. Ils n\u2019ont plus d\u2019autre choix que de respecter la constitution et \u00e9viter \u00e0 notre pays les tribulations inh\u00e9rentes \u00e0 la tentation du pouvoir \u00e9ternitaire.<\/p>\n\n\n\n<p>Le prix Mo Ibrahim que vient de vous d\u00e9cerner la prestigieuse fondation \u00e9ponyme est une belle cons\u00e9cration.<\/p>\n\n\n\n<p>Je voudrais, au nom du peuple nig\u00e9rien, exprimer mes sinc\u00e8res remerciements \u00e0 cette fondation tout en vous souhaitant longue vie.<\/p>\n\n\n\n<p><strong>R\u00e9publicain Mali<\/strong><\/p>\n","protected":false},"excerpt":{"rendered":"<p>L\u2019ancien Pr\u00e9sident de la R\u00e9publique du Niger, Mahamadou Issoufou a \u00e9t\u00e9 consacr\u00e9 laur\u00e9at du prix Mo Ibrahim 2021. La ceremonie de presentation du trophee de ce prix a eu lieu&hellip;<\/p>\n","protected":false},"author":1,"featured_media":12362,"comment_status":"open","ping_status":"closed","sticky":false,"template":"","format":"standard","meta":{"content-type":"","_lmt_disableupdate":"","_lmt_disable":"","_jetpack_memberships_contains_paid_content":false,"footnotes":"","jetpack_publicize_message":"","jetpack_publicize_feature_enabled":true,"jetpack_social_post_already_shared":true,"jetpack_social_options":{"image_generator_settings":{"template":"highway","default_image_id":0,"font":"","enabled":false},"version":2}},"categories":[57,69],"tags":[],"class_list":["post-13767","post","type-post","status-publish","format-standard","has-post-thumbnail","hentry","category-international","category-le-republicain-mali"],"jetpack_publicize_connections":[],"featured_image_urls":{"full":"","thumbnail":"","medium":"","medium_large":"","large":"","1536x1536":"","2048x2048":"","penci-recipe-1200x1200":"","penci-recipe-1200x900":"","penci-recipe-1200x675":"","penci-single-full":"","penci-slider-full-thumb":"","penci-full-thumb":"","penci-slider-thumb":"","penci-magazine-slider":"","penci-thumb":"","penci-masonry-thumb":"","penci-thumb-square":"","penci-thumb-vertical":"","penci-thumb-small":""},"author_info":{"display_name":"Nandi","author_link":"https:\/\/nandi.info\/?author=1"},"category_info":"<a href=\"https:\/\/nandi.info\/?cat=57\" rel=\"category\">International<\/a> <a href=\"https:\/\/nandi.info\/?cat=69\" rel=\"category\">Le R\u00e9publicain Mali<\/a>","tag_info":"Le R\u00e9publicain Mali","comment_count":"0","jetpack_featured_media_url":"","jetpack_sharing_enabled":true,"_links":{"self":[{"href":"https:\/\/nandi.info\/index.php?rest_route=\/wp\/v2\/posts\/13767","targetHints":{"allow":["GET"]}}],"collection":[{"href":"https:\/\/nandi.info\/index.php?rest_route=\/wp\/v2\/posts"}],"about":[{"href":"https:\/\/nandi.info\/index.php?rest_route=\/wp\/v2\/types\/post"}],"author":[{"embeddable":true,"href":"https:\/\/nandi.info\/index.php?rest_route=\/wp\/v2\/users\/1"}],"replies":[{"embeddable":true,"href":"https:\/\/nandi.info\/index.php?rest_route=%2Fwp%2Fv2%2Fcomments&post=13767"}],"version-history":[{"count":0,"href":"https:\/\/nandi.info\/index.php?rest_route=\/wp\/v2\/posts\/13767\/revisions"}],"wp:featuredmedia":[{"embeddable":true,"href":"https:\/\/nandi.info\/index.php?rest_route=\/"}],"wp:attachment":[{"href":"https:\/\/nandi.info\/index.php?rest_route=%2Fwp%2Fv2%2Fmedia&parent=13767"}],"wp:term":[{"taxonomy":"category","embeddable":true,"href":"https:\/\/nandi.info\/index.php?rest_route=%2Fwp%2Fv2%2Fcategories&post=13767"},{"taxonomy":"post_tag","embeddable":true,"href":"https:\/\/nandi.info\/index.php?rest_route=%2Fwp%2Fv2%2Ftags&post=13767"}],"curies":[{"name":"wp","href":"https:\/\/api.w.org\/{rel}","templated":true}]}}