{"id":13759,"date":"2023-05-30T10:55:51","date_gmt":"2023-05-30T08:55:51","guid":{"rendered":"https:\/\/nandi.info\/?p=13759"},"modified":"2023-05-30T10:55:51","modified_gmt":"2023-05-30T08:55:51","slug":"front-social-lhopital-gabriel-toure-de-nouveau-en-greve-a-partir-de-ce-mercredi","status":"publish","type":"post","link":"https:\/\/nandi.info\/?p=13759","title":{"rendered":"Front social : L\u2019h\u00f4pital Gabriel Tour\u00e9 de nouveau en gr\u00e8ve \u00e0 partir de ce mercredi"},"content":{"rendered":"\n<p class=\"has-drop-cap\">Le Comit\u00e9 Syndical de l\u2019h\u00f4pital Gabriel Tour\u00e9, apr\u00e8s une r\u00e9union extraordinaire, a d\u00e9cid\u00e9 \u00e0 nouveau de d\u00e9brayer. Selon le porte-parole du syndicat, Djim\u00e9 Kant\u00e9, cette nouvelle gr\u00e8ve d\u00e9butera ce mercredi 31 mai 2023. Elle s\u2019\u00e9talera, pr\u00e9cise-t-il, sur les journ\u00e9es du mercredi 31 mai, \u00e0 jeudi 1er juin et vendredi 2 juin, puis reprendra le lundi 05 juin jusqu\u2019au jeudi 07 juin. \u00ab Jusqu\u2019\u00e0 la satisfaction des dol\u00e9ances, ce m\u00eame rythme de gr\u00e8ve sera maintenu toutes les semaines \u00bb, explique le syndicat.<\/p>\n\n\n\n<p>A noter que les comit\u00e9s syndicaux de l\u2019h\u00f4pital Gabriel Tour\u00e9 avaient observ\u00e9 une gr\u00e8ve illimit\u00e9e en f\u00e9vrier et mars derniers. Les revendications des gr\u00e9vistes sont : l\u2019av\u00e8nement d\u2019une gouvernance vertueuse \u00e0 Gabriel Tour\u00e9 ; le respect des engagements pris par les autorit\u00e9s ; l\u2019am\u00e9lioration du plateau technique et surtout la mise dans leur droit du personnel de l\u2019h\u00f4pital. Les gr\u00e9vistes exigent l\u2019application du d\u00e9cret N\u00b006-189\/PRM portant modification du d\u00e9cret N\u00b003-338\/P-RM du 7 ao\u00fbt 2023 fixant l\u2019organisation et les modalit\u00e9s de fonctionnement de l\u2019h\u00f4pital Gabriel Tour\u00e9 (en son article 7,4). Ils exigent que le personnel Bi-appartenant soit mis dans ses droits conform\u00e9ment \u00e0 la loi et aux engagements ant\u00e9rieurs du gouvernement, sans oublier l\u2019application du d\u00e9cret relatif aux actes personnalis\u00e9s et les mesures associ\u00e9es pour les autres agents non prises en compte conform\u00e9ment aux conclusions de la 44\u00e8me Session du Conseil d\u2019administration dudit h\u00f4pital, tenue le 15 mars 2021. Les gr\u00e9vistes r\u00e9clament aussi de faire b\u00e9n\u00e9ficier l\u2019ensemble du personnel contractuel des avantages des accords d\u2019uniformisation de la grille salariale sign\u00e9e avec l\u2019UNTM. Ils demandent aussi au gouvernement de donner une suite favorable aux diff\u00e9rents points de revendication d\u00e9pos\u00e9s le 29 novembre 2021, de m\u00eame, songer \u00e0 l\u2019ex\u00e9cution pour leur extinction d\u00e9finitive, les diff\u00e9rents protocoles d\u2019accords sign\u00e9s entre le d\u00e9partement de la Sant\u00e9 et les Comit\u00e9s Syndicaux du CHU Gabriel Tour\u00e9.<\/p>\n\n\n\n<p><strong>M.K. Diakit\u00e9<\/strong><\/p>\n","protected":false},"excerpt":{"rendered":"<p>Le Comit\u00e9 Syndical de l\u2019h\u00f4pital Gabriel Tour\u00e9, apr\u00e8s une r\u00e9union extraordinaire, a d\u00e9cid\u00e9 \u00e0 nouveau de d\u00e9brayer. Selon le porte-parole du syndicat, Djim\u00e9 Kant\u00e9, cette nouvelle gr\u00e8ve d\u00e9butera ce mercredi&hellip;<\/p>\n","protected":false},"author":1,"featured_media":13764,"comment_status":"open","ping_status":"closed","sticky":false,"template":"","format":"standard","meta":{"content-type":"","_lmt_disableupdate":"","_lmt_disable":"","_jetpack_memberships_contains_paid_content":false,"footnotes":"","jetpack_publicize_message":"","jetpack_publicize_feature_enabled":true,"jetpack_social_post_already_shared":true,"jetpack_social_options":{"image_generator_settings":{"template":"highway","default_image_id":0,"font":"","enabled":false},"version":2}},"categories":[69,24],"tags":[],"class_list":["post-13759","post","type-post","status-publish","format-standard","has-post-thumbnail","hentry","category-le-republicain-mali","category-sante"],"jetpack_publicize_connections":[],"featured_image_urls":{"full":"","thumbnail":"","medium":"","medium_large":"","large":"","1536x1536":"","2048x2048":"","penci-recipe-1200x1200":"","penci-recipe-1200x900":"","penci-recipe-1200x675":"","penci-single-full":"","penci-slider-full-thumb":"","penci-full-thumb":"","penci-slider-thumb":"","penci-magazine-slider":"","penci-thumb":"","penci-masonry-thumb":"","penci-thumb-square":"","penci-thumb-vertical":"","penci-thumb-small":""},"author_info":{"display_name":"Nandi","author_link":"https:\/\/nandi.info\/?author=1"},"category_info":"<a href=\"https:\/\/nandi.info\/?cat=69\" rel=\"category\">Le R\u00e9publicain Mali<\/a> <a href=\"https:\/\/nandi.info\/?cat=24\" rel=\"category\">Sant\u00e9<\/a>","tag_info":"Sant\u00e9","comment_count":"0","jetpack_featured_media_url":"","jetpack_sharing_enabled":true,"_links":{"self":[{"href":"https:\/\/nandi.info\/index.php?rest_route=\/wp\/v2\/posts\/13759","targetHints":{"allow":["GET"]}}],"collection":[{"href":"https:\/\/nandi.info\/index.php?rest_route=\/wp\/v2\/posts"}],"about":[{"href":"https:\/\/nandi.info\/index.php?rest_route=\/wp\/v2\/types\/post"}],"author":[{"embeddable":true,"href":"https:\/\/nandi.info\/index.php?rest_route=\/wp\/v2\/users\/1"}],"replies":[{"embeddable":true,"href":"https:\/\/nandi.info\/index.php?rest_route=%2Fwp%2Fv2%2Fcomments&post=13759"}],"version-history":[{"count":0,"href":"https:\/\/nandi.info\/index.php?rest_route=\/wp\/v2\/posts\/13759\/revisions"}],"wp:featuredmedia":[{"embeddable":true,"href":"https:\/\/nandi.info\/index.php?rest_route=\/"}],"wp:attachment":[{"href":"https:\/\/nandi.info\/index.php?rest_route=%2Fwp%2Fv2%2Fmedia&parent=13759"}],"wp:term":[{"taxonomy":"category","embeddable":true,"href":"https:\/\/nandi.info\/index.php?rest_route=%2Fwp%2Fv2%2Fcategories&post=13759"},{"taxonomy":"post_tag","embeddable":true,"href":"https:\/\/nandi.info\/index.php?rest_route=%2Fwp%2Fv2%2Ftags&post=13759"}],"curies":[{"name":"wp","href":"https:\/\/api.w.org\/{rel}","templated":true}]}}