{"id":13735,"date":"2023-05-29T07:55:00","date_gmt":"2023-05-29T05:55:00","guid":{"rendered":"https:\/\/nandi.info\/?p=13735"},"modified":"2023-05-29T07:55:00","modified_gmt":"2023-05-29T05:55:00","slug":"flou-informationnel-theses-conspirationnistes-complexite-de-la-situation-entre-mythes-et-realites-comment-demeler-le-vrai-du-faux","status":"publish","type":"post","link":"https:\/\/nandi.info\/?p=13735","title":{"rendered":"<strong>Flou informationnel, th\u00e8ses conspirationnistes, complexit\u00e9 de la situation\u2026&nbsp;: <\/strong><strong>Entre mythes et r\u00e9alit\u00e9s, comment d\u00e9m\u00ealer le vrai du&nbsp;faux&nbsp;?<\/strong><strong><\/strong>"},"content":{"rendered":"\n<p><strong><em>Plus qu\u2019une th\u00e8se, c\u2019est la croyance populaire du moment. Le Mal, c\u2019est une certaine communaut\u00e9 internationale qui ne manque pas d\u2019arguments afin d\u2019assujettir un pays africain qui a pris la d\u00e9cision de prendre son destin en mains. Une \u00e9vidence quasi absolue qui ne saurait \u00e9chapper \u00e0 tout citoyen avis\u00e9.<\/em><\/strong><\/p>\n\n\n\n<p><strong><em>Sauf que la complexit\u00e9 de la situation devrait aussi inviter tout un chacun \u00e0 mettre de l\u2019autre c\u00f4t\u00e9 de la balance un certain nombre d\u2019ingr\u00e9dients que sont&nbsp;: le doute, la nuance, la bonne mesure, la lucidit\u00e9, entre autres. Car, si la seule th\u00e8se du complot international s\u2019av\u00e8rerait, la refondation tant voulue a d\u00e9j\u00e0 du grain de sables dans sa machine \u00e0 moudre.<\/em><\/strong><\/p>\n\n\n\n<p class=\"has-drop-cap\">Il est difficile dans le contexte actuel de garder la t\u00eate froide et de s\u2019adonner \u00e0 une analyse la plus objective possible. Il l\u2019est encore davantage, lorsque cette analyse prend le contrepied de la croyance populaire du moment, croyance qui semble \u00eatre quasiment \u00e9rig\u00e9e comme une norme de gouvernance dans les hautes sph\u00e8res de l\u2019\u00c9tat. A force de croire en la th\u00e8se du complot, inconsciemment, la pens\u00e9e unique s\u2019instaure et une certaine parano\u00efa s\u2019installe. Le <em>doute raisonnable<\/em> est un concept lointain, incompr\u00e9hensible, une id\u00e9e balay\u00e9e d\u2019un revers de la main d\u00e8s qu\u2019elle \u00e9gratigne la th\u00e9orie du moment.<\/p>\n\n\n\n<p><strong>Un impair communicationnel \u00e0 corriger<\/strong><\/p>\n\n\n\n<p>Le probl\u00e8me de toute th\u00e8se complotiste est, bien qu\u2019elle puisse \u00eatre vraie souvent, difficilement justifiables par des preuves. De ce fait, elle peut faire mouche aupr\u00e8s d\u2019une opinion publique r\u00e9ceptive \u00e0 toutes diatribes anti \u00e9trang\u00e8res, mais peut buter \u00e9galement sur des r\u00e9alit\u00e9s t\u00eatues. L\u2019impression ressentie par beaucoup, c\u2019est que quelque part, le Mali aura trouv\u00e9 ses hommes providentiels. Or, la situation du pays est d\u2019une telle complexit\u00e9 qu\u2019il serait salutaire de s\u2019abstenir de tenir des discours vantant esprits visionnaires contre une partie non n\u00e9gligeable de l\u2019humanit\u00e9 qui voudrait mettre des b\u00e2tons dans les roues d\u2019un Mali marchant r\u00e9solument vers son ind\u00e9pendance.<\/p>\n\n\n\n<p><strong>L\u2019ind\u00e9pendance, parlons-en. Serait-elle un concept qui se conquiert de mani\u00e8re si totale que l\u2019on peut s\u2019en vanter un jour&nbsp;?<\/strong><\/p>\n\n\n\n<p>Ind\u00e9pendance, Souverainet\u00e9, D\u00e9mocratie, plus que des concepts, sont des id\u00e9aux, jamais acquis, mais toujours perfectibles et adaptables. M\u00eame les super puissances que l\u2019on cite tr\u00e8s souvent comme exemples n\u2019ont pu acqu\u00e9rir la totalit\u00e9 de leur ind\u00e9pendance. Oui. Il ne faut jamais omettre de souligner le cot\u00e9 tr\u00e8s relatif de ces id\u00e9aux, en pr\u00e9cisant aussi l\u2019immensit\u00e9 du chantier de la refondation au Mali. Toute chose qui devra nous inviter \u00e0 plus d\u2019humilit\u00e9 et aussi \u00e0 tenir le langage qui sied dans un contexte o\u00f9 les Maliens ont besoin de prendre connaissance de la situation r\u00e9elle du pays. Cela est certainement le sens profond de la Transition en cours&nbsp;: Sensibiliser et conscientiser les Maliens sur les p\u00e9rils qui menacent leur pays tout en les exhortant \u00e0 une remise en question permanente, quitte \u00e0 sacrifier le temps d\u00e9volu pour la Transition.<\/p>\n\n\n\n<p>Un seul exemple est assez \u00e9loquent pour illustrer le d\u00e9calage entre le verbe communicationnel du gouvernement et la r\u00e9alit\u00e9 du terrain. C\u2019est l\u2019instauration d\u2019une journ\u00e9e de \u00ab&nbsp;souverainet\u00e9 retrouv\u00e9e&nbsp;\u00bb pendant que des rebelles f\u00eatent chaque ann\u00e9e leur d\u00e9claration d\u2019ind\u00e9pendance, d\u00e9fil\u00e9 militaire \u00e0 l\u2019appui, et que le pays fait face \u00e0 une menace terroriste toujours fortement pr\u00e9sente. Sans oublier d\u2019autres d\u00e9fis tout aussi importants comme la S\u00e9curit\u00e9 alimentaire ou encore la Sant\u00e9.<\/p>\n\n\n\n<p>Que dire alors de ces pseudo soutiens du gouvernement qui, en m\u00e9pris souverain de tout esprit d\u2019analyse et de pond\u00e9ration, se muent en experts militaires et en g\u00e9opoliticiens aguerris afin de magnifier les actions de la Transition&nbsp;?! Cette derni\u00e8re n\u2019a point besoin d\u2019un r\u00e9seau parall\u00e8le de communication \u00e0 ceux des canaux officiels. L\u2019art de l\u2019expression, c\u2019est aussi savoir se prot\u00e9ger et de savoir pr\u00e9parer sa <em>combinaison anti-critique<\/em> en \u00e9vitant justement de tomber dans l\u2019exc\u00e8s. Pour \u00e9viter tout amalgame, il serait certainement souhaitable que le gouvernement d\u00e9clare qu\u2019il n\u2019est li\u00e9 \u00e0 ses videomen, ni de pr\u00e8s ni de loin.&nbsp;&nbsp;<\/p>\n\n\n\n<p>En r\u00e9alit\u00e9, il est utile de s\u2019interroger sur la pertinence de toute r\u00e9forme institutionnelle et politique alors que des bases telles que la prise de conscience sont rel\u00e9gu\u00e9es au second plan. Lorsqu\u2019une masse critique du pays comprendra que le devenir du pays c\u2019est d\u2019abord eux, alors l\u2019ennemi de l\u2019ext\u00e9rieur se heurtera \u00e0 un v\u00e9ritable <em>Tata<\/em>.&nbsp;&nbsp;&nbsp;<\/p>\n\n\n\n<p>&nbsp;&nbsp;&nbsp;&nbsp;&nbsp;&nbsp;&nbsp;&nbsp;&nbsp;&nbsp;&nbsp;&nbsp;&nbsp;&nbsp; &nbsp;&nbsp;&nbsp;&nbsp;&nbsp;&nbsp;&nbsp;&nbsp;&nbsp;&nbsp;&nbsp;&nbsp;&nbsp;&nbsp;&nbsp;&nbsp;&nbsp;&nbsp;&nbsp;&nbsp;&nbsp;&nbsp;&nbsp;&nbsp;&nbsp;&nbsp;&nbsp;&nbsp;&nbsp;&nbsp;&nbsp;&nbsp;&nbsp;&nbsp;&nbsp;&nbsp;&nbsp;&nbsp;&nbsp;&nbsp;&nbsp;&nbsp;&nbsp;&nbsp;&nbsp;&nbsp;&nbsp;&nbsp;&nbsp;&nbsp;&nbsp;&nbsp;&nbsp;&nbsp;&nbsp;&nbsp;&nbsp;&nbsp;&nbsp;&nbsp;&nbsp;&nbsp;&nbsp;&nbsp;&nbsp;&nbsp;&nbsp;&nbsp;&nbsp;&nbsp;&nbsp;&nbsp;&nbsp;&nbsp;&nbsp;&nbsp;&nbsp;&nbsp;&nbsp;&nbsp;&nbsp;&nbsp;&nbsp;&nbsp;&nbsp;&nbsp;&nbsp;&nbsp;&nbsp;&nbsp;&nbsp;&nbsp;&nbsp;&nbsp;&nbsp;&nbsp;&nbsp;&nbsp;&nbsp;&nbsp;&nbsp;&nbsp;&nbsp;&nbsp;&nbsp;&nbsp;&nbsp;&nbsp;&nbsp;&nbsp;&nbsp;&nbsp;&nbsp;&nbsp;&nbsp;&nbsp;&nbsp;&nbsp;&nbsp;<strong>Ahmed M. Thiam<\/strong><\/p>\n","protected":false},"excerpt":{"rendered":"<p>Plus qu\u2019une th\u00e8se, c\u2019est la croyance populaire du moment. Le Mal, c\u2019est une certaine communaut\u00e9 internationale qui ne manque pas d\u2019arguments afin d\u2019assujettir un pays africain qui a pris la&hellip;<\/p>\n","protected":false},"author":1,"featured_media":0,"comment_status":"open","ping_status":"closed","sticky":false,"template":"","format":"standard","meta":{"content-type":"","_lmt_disableupdate":"","_lmt_disable":"","_jetpack_memberships_contains_paid_content":false,"footnotes":"","jetpack_publicize_message":"","jetpack_publicize_feature_enabled":true,"jetpack_social_post_already_shared":true,"jetpack_social_options":{"image_generator_settings":{"template":"highway","default_image_id":0,"font":"","enabled":false},"version":2}},"categories":[68,21],"tags":[],"class_list":["post-13735","post","type-post","status-publish","format-standard","hentry","category-lalternance","category-societe"],"jetpack_publicize_connections":[],"featured_image_urls":{"full":"","thumbnail":"","medium":"","medium_large":"","large":"","1536x1536":"","2048x2048":"","penci-recipe-1200x1200":"","penci-recipe-1200x900":"","penci-recipe-1200x675":"","penci-single-full":"","penci-slider-full-thumb":"","penci-full-thumb":"","penci-slider-thumb":"","penci-magazine-slider":"","penci-thumb":"","penci-masonry-thumb":"","penci-thumb-square":"","penci-thumb-vertical":"","penci-thumb-small":""},"author_info":{"display_name":"Nandi","author_link":"https:\/\/nandi.info\/?author=1"},"category_info":"<a href=\"https:\/\/nandi.info\/?cat=68\" rel=\"category\">L'alternance<\/a> <a href=\"https:\/\/nandi.info\/?cat=21\" rel=\"category\">Soci\u00e9t\u00e9<\/a>","tag_info":"Soci\u00e9t\u00e9","comment_count":"0","jetpack_featured_media_url":"","jetpack_sharing_enabled":true,"_links":{"self":[{"href":"https:\/\/nandi.info\/index.php?rest_route=\/wp\/v2\/posts\/13735","targetHints":{"allow":["GET"]}}],"collection":[{"href":"https:\/\/nandi.info\/index.php?rest_route=\/wp\/v2\/posts"}],"about":[{"href":"https:\/\/nandi.info\/index.php?rest_route=\/wp\/v2\/types\/post"}],"author":[{"embeddable":true,"href":"https:\/\/nandi.info\/index.php?rest_route=\/wp\/v2\/users\/1"}],"replies":[{"embeddable":true,"href":"https:\/\/nandi.info\/index.php?rest_route=%2Fwp%2Fv2%2Fcomments&post=13735"}],"version-history":[{"count":0,"href":"https:\/\/nandi.info\/index.php?rest_route=\/wp\/v2\/posts\/13735\/revisions"}],"wp:attachment":[{"href":"https:\/\/nandi.info\/index.php?rest_route=%2Fwp%2Fv2%2Fmedia&parent=13735"}],"wp:term":[{"taxonomy":"category","embeddable":true,"href":"https:\/\/nandi.info\/index.php?rest_route=%2Fwp%2Fv2%2Fcategories&post=13735"},{"taxonomy":"post_tag","embeddable":true,"href":"https:\/\/nandi.info\/index.php?rest_route=%2Fwp%2Fv2%2Ftags&post=13735"}],"curies":[{"name":"wp","href":"https:\/\/api.w.org\/{rel}","templated":true}]}}