{"id":13726,"date":"2023-05-29T10:43:00","date_gmt":"2023-05-29T08:43:00","guid":{"rendered":"https:\/\/nandi.info\/?p=13726"},"modified":"2023-05-29T10:43:00","modified_gmt":"2023-05-29T08:43:00","slug":"reorganisation-administrative-et-territoriale-le-travail-paracheve-par-ledition-dune-nouvelle-carte-du-mali","status":"publish","type":"post","link":"https:\/\/nandi.info\/?p=13726","title":{"rendered":"<strong>R\u00e9organisation administrative et territoriale&nbsp;: Le travail parachev\u00e9 par l\u2019\u00e9dition d\u2019une nouvelle carte du Mali&nbsp;!<\/strong>"},"content":{"rendered":"\n<p><strong><em>Apr\u00e8s l\u2019adoption au Conseil National de Transition (CNT) des 6 projets de loi portant r\u00e9organisation administrative au Mali le 20 f\u00e9vrier dernier, le ministre d\u2019Etat de l\u2019Administration Territoriale et de la D\u00e9centralisation, le Colonel Abdoulaye a remis la premi\u00e8re carte administrative du Mali, de m\u00eame que&nbsp; les cartes des 19 r\u00e9gions et du district de Bamako au Pr\u00e9sident de la Transition, le Colonel Assimi Go\u00efta. C\u2019\u00e9tait le vendredi 19 mai au Palais de Koulouba.&nbsp;&nbsp;<\/em><\/strong><\/p>\n\n\n\n<p class=\"has-drop-cap\">Ils ont pris part \u00e0 cette c\u00e9r\u00e9monie tenue dans la Salle de Banquet du Palais de Koulouba, entre autres, le Premier Ministre, Dr Choguel Kokalla Ma\u00efga, le Pr\u00e9sident du CNT, Colonel Malick Diaw et des membres du Gouvernement.<\/p>\n\n\n\n<p>En effet, ce processus de r\u00e9organisation administrative et territoriale a \u00e9t\u00e9 l\u2019\u0153uvre d\u2019une \u00e9quipe pluridisciplinaire exclusivement constitu\u00e9e de cadres nationaux. Selon le pr\u00e9sident de la Transition, cette carte administrative, mise \u00e0 jour, constitue la cons\u00e9cration de la volont\u00e9 du Gouvernement de mat\u00e9rialiser les circonscriptions administratives et les Collectivit\u00e9s territoriales du Mali, conform\u00e9ment aux recommandations des Assises nationales de la Refondation (ANR).<\/p>\n\n\n\n<p>A la r\u00e9ception du document, le Pr\u00e9sident Go\u00efta a exprim\u00e9 tout son plaisir eu \u00e9gard \u00e0&nbsp; cette nouvelle carte administrative issue de la r\u00e9organisation territoriale de notre pays, dont les textes ont \u00e9t\u00e9 promulgu\u00e9s le 13 mars 2023. \u00ab&nbsp;Je suis convaincu que cette nouvelle carte administrative contribuera \u00e0 la refondation de l\u2019\u00c9tat pour une gouvernance forte et efficace. Dans le cadre de l\u2019\u00e9laboration de cette nouvelle carte, le processus de la r\u00e9organisation territoriale s\u2019est servi de principes directeurs et des crit\u00e8res pr\u00e9cis afin d\u2019op\u00e9rationnaliser les r\u00e9gions et le district de Bamako et permettre ainsi le maillage du territoire en prenant en compte les crit\u00e8res d\u00e9mographiques sociologiques et d\u2019accessibilit\u00e9 des populations \u00e0 l\u2019administration&nbsp;\u00bb a-t-il expliqu\u00e9. Avant de rappeler que l\u2019activit\u00e9 de r\u00e9organisation administrative du territoire vise, d\u2019une part, \u00e0 prendre en charge la prescription de la Feuille de Route de la Transition, de parachever la r\u00e9organisation territoriale. Et, d\u2019autre part, d\u2019ex\u00e9cuter le Plan d\u2019Action du Gouvernement (PAG) adopt\u00e9 par le CNT. Pour le Chef de l\u2019Etat, cette nouvelle carte contribue \u00e0 la prise en compte des pr\u00e9occupations formul\u00e9es dans le sens d\u2019une impulsion du processus de d\u00e9centralisation en capitalisant les r\u00e9ussites et les difficult\u00e9s enregistr\u00e9es par des acteurs locaux.<\/p>\n\n\n\n<p>Il poursuit que pour la bonne conduite de cette r\u00e9organisation administrative du territoire, il est institu\u00e9 une codification num\u00e9rique en vue de faciliter l\u2019identification des circonscriptions administratives, des Collectivit\u00e9s territoriales des villages, fractions et quartiers.<\/p>\n\n\n\n<p>&nbsp;Le Pr\u00e9sident Go\u00efta a conclu que cette carte administrative servira de r\u00e9f\u00e9rentiel pour l\u2019am\u00e9lioration d\u2019autres cartes, notamment g\u00e9ographiques, historiques, p\u00e9dagogiques, d\u00e9mographiques, sanitaires, \u00e9ducatives, militaires et de t\u00e9l\u00e9communication.<\/p>\n\n\n\n<p>Sur cette carte, le Mali compte un District, 19 R\u00e9gions, 159 Cercles, 474 Arrondissements, 815 Communes, 12.641 Villages, Fractions et quartiers.<\/p>\n\n\n\n<p><strong>Par Mariam Sissoko<\/strong><\/p>\n","protected":false},"excerpt":{"rendered":"<p>Apr\u00e8s l\u2019adoption au Conseil National de Transition (CNT) des 6 projets de loi portant r\u00e9organisation administrative au Mali le 20 f\u00e9vrier dernier, le ministre d\u2019Etat de l\u2019Administration Territoriale et de&hellip;<\/p>\n","protected":false},"author":1,"featured_media":13727,"comment_status":"open","ping_status":"closed","sticky":false,"template":"","format":"standard","meta":{"content-type":"","_lmt_disableupdate":"","_lmt_disable":"","_jetpack_memberships_contains_paid_content":false,"footnotes":"","jetpack_publicize_message":"","jetpack_publicize_feature_enabled":true,"jetpack_social_post_already_shared":true,"jetpack_social_options":{"image_generator_settings":{"template":"highway","default_image_id":0,"font":"","enabled":false},"version":2}},"categories":[67,21],"tags":[],"class_list":["post-13726","post","type-post","status-publish","format-standard","has-post-thumbnail","hentry","category-le-sursaut","category-societe"],"jetpack_publicize_connections":[],"featured_image_urls":{"full":"","thumbnail":"","medium":"","medium_large":"","large":"","1536x1536":"","2048x2048":"","penci-recipe-1200x1200":"","penci-recipe-1200x900":"","penci-recipe-1200x675":"","penci-single-full":"","penci-slider-full-thumb":"","penci-full-thumb":"","penci-slider-thumb":"","penci-magazine-slider":"","penci-thumb":"","penci-masonry-thumb":"","penci-thumb-square":"","penci-thumb-vertical":"","penci-thumb-small":""},"author_info":{"display_name":"Nandi","author_link":"https:\/\/nandi.info\/?author=1"},"category_info":"<a href=\"https:\/\/nandi.info\/?cat=67\" rel=\"category\">Le Sursaut<\/a> <a href=\"https:\/\/nandi.info\/?cat=21\" rel=\"category\">Soci\u00e9t\u00e9<\/a>","tag_info":"Soci\u00e9t\u00e9","comment_count":"0","jetpack_featured_media_url":"","jetpack_sharing_enabled":true,"_links":{"self":[{"href":"https:\/\/nandi.info\/index.php?rest_route=\/wp\/v2\/posts\/13726","targetHints":{"allow":["GET"]}}],"collection":[{"href":"https:\/\/nandi.info\/index.php?rest_route=\/wp\/v2\/posts"}],"about":[{"href":"https:\/\/nandi.info\/index.php?rest_route=\/wp\/v2\/types\/post"}],"author":[{"embeddable":true,"href":"https:\/\/nandi.info\/index.php?rest_route=\/wp\/v2\/users\/1"}],"replies":[{"embeddable":true,"href":"https:\/\/nandi.info\/index.php?rest_route=%2Fwp%2Fv2%2Fcomments&post=13726"}],"version-history":[{"count":0,"href":"https:\/\/nandi.info\/index.php?rest_route=\/wp\/v2\/posts\/13726\/revisions"}],"wp:featuredmedia":[{"embeddable":true,"href":"https:\/\/nandi.info\/index.php?rest_route=\/"}],"wp:attachment":[{"href":"https:\/\/nandi.info\/index.php?rest_route=%2Fwp%2Fv2%2Fmedia&parent=13726"}],"wp:term":[{"taxonomy":"category","embeddable":true,"href":"https:\/\/nandi.info\/index.php?rest_route=%2Fwp%2Fv2%2Fcategories&post=13726"},{"taxonomy":"post_tag","embeddable":true,"href":"https:\/\/nandi.info\/index.php?rest_route=%2Fwp%2Fv2%2Ftags&post=13726"}],"curies":[{"name":"wp","href":"https:\/\/api.w.org\/{rel}","templated":true}]}}