{"id":13713,"date":"2023-05-29T10:21:00","date_gmt":"2023-05-29T08:21:00","guid":{"rendered":"https:\/\/nandi.info\/?p=13713"},"modified":"2023-05-29T10:21:00","modified_gmt":"2023-05-29T08:21:00","slug":"32eme-anniversaire-de-ladema-pasj-le-militantisme-expose-dans-toutes-ses-facettes-a-lassistance","status":"publish","type":"post","link":"https:\/\/nandi.info\/?p=13713","title":{"rendered":"<strong>32<sup>\u00e8me<\/sup> ANNIVERSAIRE DE L\u2019ADEMA-PASJ&nbsp;: Le militantisme expos\u00e9 dans toutes ses facettes \u00e0 l\u2019assistance&nbsp;!<\/strong>"},"content":{"rendered":"\n<p><strong><em>A l\u2019occasion du 32<sup>\u00e8me<\/sup> anniversaire de l\u2019Alliance pour la D\u00e9mocratie au Mali-Parti Africain pour la Solidarit\u00e9 et la Justice (ADEMA-PASJ), son Comit\u00e9 directeur dirig\u00e9 par le Pr Marimantia Diarra, a organis\u00e9 le 25 mai 2023 au CICB, une conf\u00e9rence d\u00e9bat sur le th\u00e8me \u00ab&nbsp; Pourquoi adh\u00e9rer \u00e0 un parti politique&nbsp;? Cas de l\u2019Adema-PASJ&nbsp;: l\u2019option id\u00e9ologique et les valeurs cardinales \u00e0 l\u2019\u00e9preuve des objectifs \u00e9lectoraux&nbsp;\u00bb. Ladite conf\u00e9rence a \u00e9t\u00e9 anim\u00e9e par des \u00e9minences grises et premiers cadres du parti, Pr Ali Nouhoum Diallo, Pr Moustapha Dicko et Dr Modibo Traor\u00e9.<\/em><\/strong><\/p>\n\n\n\n<p class=\"has-drop-cap\">Cr\u00e9\u00e9e le 25 mai 1991, l\u2019Adema-PASJ c\u00e9l\u00e8bre cette ann\u00e9e son 32<sup>i\u00e8me<\/sup> anniversaire. Avec ses 32 dents, l\u2019ADEMA-PASJ, malgr\u00e9 les p\u00e9rip\u00e9ties, reste toujours dans le peloton de t\u00eate des grandes formations politiques en Afrique et au Mali. En atteste la c\u00e9l\u00e9bration cette ann\u00e9e de son 32<sup>\u00e8me<\/sup> anniversaire avec une forte mobilisation de ses cadres et militants autour d\u2019une conf\u00e9rence d\u00e9bat sur le militantisme politique.<\/p>\n\n\n\n<p>Une occasion pour son pr\u00e9sident actuel, le Pr Marimantia Diarra d\u2019indiquer qu\u2019apr\u00e8s plusieurs ann\u00e9es de l\u2019av\u00e8nement&nbsp; de la d\u00e9mocratie dans notre pays et la cr\u00e9ation de plusieurs partis politiques dont certains ont eu la chance de g\u00e9rer le pays, il est plus que n\u00e9cessaire surtout dans le contexte actuel qui ne tol\u00e8re les hommes politiques et leurs partis, d\u2019aborder certaines questions qui ont des rapports avec l\u2019importance des partis politiques dans une d\u00e9mocratie et dans la R\u00e9publique. Une \u00e9vidence qui a toute son importance pour un citoyen qui veut du changement dans son pays. D\u2019o\u00f9 toute la raison, dira-t-il, d\u2019instaurer ce d\u00e9bat qui est important pour l\u2019avenir des partis politiques en g\u00e9n\u00e9ral et de l\u2019Adema-PASJ en particulier.<\/p>\n\n\n\n<p><strong>Militer dans un parti politique est une obligation pour chaque citoyen dans une R\u00e9publique<\/strong><\/p>\n\n\n\n<p>Selon Dr Mobibo Traor\u00e9, il ne peut y avoir de d\u00e9mocratie sans des partis politiques significatifs. Et de poursuivre que les partis politiques sont des organisations qui animent la vie politique du pays qui ont des visions ou des projets de soci\u00e9t\u00e9 qui permettent d\u2019assouvir la souffrance du peuple. Que la fonction des partis politiques d\u00e9passe le simple fait de la conqu\u00eate du pouvoir. Pour lui, le r\u00f4le des partis politiques est de chercher les solutions aux souffrances de la population, cr\u00e9er des conditions pour que chaque citoyen se sente citoyen chez lui. \u00ab&nbsp; C\u2019est cela la d\u00e9mocratie&nbsp;\u00bb, a-t-il pr\u00e9cis\u00e9. A ses dires, c\u2019est un devoir pour chaque citoyen qui aspire au changement de militer dans un parti politique qui d\u00e9fend cette cause. \u00ab&nbsp; On ne peut pas changer l\u2019ordre des choses en se mettant \u00e0 l\u2019\u00e9cart. Il faut qu\u2019on s\u2019implique enti\u00e8rement dans la vie politique de notre pays&nbsp;\u00bb,a-t-il soulign\u00e9. Pour lui, ce qui a fait la force de l\u2019Adema-PASJ au moment de sa cr\u00e9ation, c\u2019est qu\u2019elle s\u2019identifiait \u00e0 la masse. \u00ab&nbsp; Les Valeurs cardinales ont \u00e9t\u00e9 de chercher le pouvoir et changer l\u2019ordre des choses. Notre parti a \u00e9t\u00e9 toujours le parti de la masse populaire et nous devons d\u00e9fendre les principes qui ont pouss\u00e9 le peuple malien \u00e0 nous croire depuis le d\u00e9but&nbsp;\u00bb, a-t-il indiqu\u00e9.<\/p>\n\n\n\n<p>Quant au Pr Moustapha Dicko, non moins Vice-pr\u00e9sident de l\u2019Adema-PASJ, il dira qu\u2019en 1991 l\u2019esprit de la conf\u00e9rence nationale \u00e9tait du fait qu\u2019il n\u2019y ait plus de dictature dans notre pays. Que c\u2019est la raison pour laquelle des textes ont \u00e9t\u00e9 \u00e9labor\u00e9s pour permettre la cr\u00e9ation de plusieurs partis politiques dans notre pays. Ces partis politiques, pr\u00e9cise-t-il, ne doivent \u00eatre des soci\u00e9t\u00e9s priv\u00e9es. \u00ab&nbsp;Ils doivent \u00eatre des organisations qui d\u00e9fendent des projets de soci\u00e9t\u00e9 et des visions allant dans le sens du bonheur et la lib\u00e9ration du peuple&nbsp;\u00bb a expliqu\u00e9 le Pr Dicko. Sans manquer d\u2019affirmer que l\u2019Adema-PASJ, est le seul parti politique au Mali qui ne s\u2019identifie \u00e0 une personne ou un clan. Et de noter que de 1992 \u00e0 2002 tous les partis politiques d\u00e9fendaient des projets communs et les militants \u00e9taient plus engag\u00e9s pour pousser les hommes politiques \u00e0 r\u00e9aliser leur programme. \u00ab&nbsp;Il est important pour la vie de la d\u00e9mocratie que chaque citoyen fasse de la politique en adh\u00e9rant \u00e0 un parti politique. C\u2019est ce qui permettra la d\u00e9mocratie de prendre le dessus sur tout&nbsp;\u00bb, a-t-il conseill\u00e9. Avant de faire savoir que les Maliens ne cherchent que la bonne gouvernance. A cet effet, que seuls partis politiques avec des visions et des projets de soci\u00e9t\u00e9 fiables peuvent atteindre cela.&nbsp;\u00ab&nbsp;Nous devons d\u00e9fendre l\u2019int\u00e9r\u00eat du peuple et non nos propres int\u00e9r\u00eats&nbsp;\u00bb, a-t-il martel\u00e9.<\/p>\n\n\n\n<p>Quant au Pr Ali Nouhoum Diallo, il a signifi\u00e9 que seule la d\u00e9mocratie pourra permettre aux pays du monde d\u2019avancer. Et les Maliens doivent comprendre que sans eux il n\u2019y a pas la politique et les partis politiques. \u00ab&nbsp;C\u2019est vous qui devez donner \u00e0 cette d\u00e9mocratie, \u00e0 ce pays ce qu\u2019il a besoin&nbsp;\u00bb, a-t-il dit. Il est important selon lui, que chaque citoyen d\u00e9fende une vision, un principe qu\u2019il y croit et qu\u2019il s\u2019engage \u00e0 ce que cela soit r\u00e9alis\u00e9. A ses dires, l\u2019Adema-PASJ est un grand parti cr\u00e9\u00e9 par des hommes valeureux qui&nbsp; sont des dignes h\u00e9ritiers des panafricanistes&nbsp; comme Hail\u00e9 S\u00e9llasi\u00e9, Patrice Lumumba, Cabral etc.<\/p>\n\n\n\n<p><strong>Adama Tounkara<\/strong><\/p>\n","protected":false},"excerpt":{"rendered":"<p>A l\u2019occasion du 32\u00e8me anniversaire de l\u2019Alliance pour la D\u00e9mocratie au Mali-Parti Africain pour la Solidarit\u00e9 et la Justice (ADEMA-PASJ), son Comit\u00e9 directeur dirig\u00e9 par le Pr Marimantia Diarra, a&hellip;<\/p>\n","protected":false},"author":1,"featured_media":13717,"comment_status":"open","ping_status":"closed","sticky":false,"template":"","format":"standard","meta":{"content-type":"","_lmt_disableupdate":"","_lmt_disable":"","_jetpack_memberships_contains_paid_content":false,"footnotes":"","jetpack_publicize_message":"","jetpack_publicize_feature_enabled":true,"jetpack_social_post_already_shared":true,"jetpack_social_options":{"image_generator_settings":{"template":"highway","default_image_id":0,"font":"","enabled":false},"version":2}},"categories":[67,23],"tags":[],"class_list":["post-13713","post","type-post","status-publish","format-standard","has-post-thumbnail","hentry","category-le-sursaut","category-politique"],"jetpack_publicize_connections":[],"featured_image_urls":{"full":"","thumbnail":"","medium":"","medium_large":"","large":"","1536x1536":"","2048x2048":"","penci-recipe-1200x1200":"","penci-recipe-1200x900":"","penci-recipe-1200x675":"","penci-single-full":"","penci-slider-full-thumb":"","penci-full-thumb":"","penci-slider-thumb":"","penci-magazine-slider":"","penci-thumb":"","penci-masonry-thumb":"","penci-thumb-square":"","penci-thumb-vertical":"","penci-thumb-small":""},"author_info":{"display_name":"Nandi","author_link":"https:\/\/nandi.info\/?author=1"},"category_info":"<a href=\"https:\/\/nandi.info\/?cat=67\" rel=\"category\">Le Sursaut<\/a> <a href=\"https:\/\/nandi.info\/?cat=23\" rel=\"category\">Politique<\/a>","tag_info":"Politique","comment_count":"0","jetpack_featured_media_url":"","jetpack_sharing_enabled":true,"_links":{"self":[{"href":"https:\/\/nandi.info\/index.php?rest_route=\/wp\/v2\/posts\/13713","targetHints":{"allow":["GET"]}}],"collection":[{"href":"https:\/\/nandi.info\/index.php?rest_route=\/wp\/v2\/posts"}],"about":[{"href":"https:\/\/nandi.info\/index.php?rest_route=\/wp\/v2\/types\/post"}],"author":[{"embeddable":true,"href":"https:\/\/nandi.info\/index.php?rest_route=\/wp\/v2\/users\/1"}],"replies":[{"embeddable":true,"href":"https:\/\/nandi.info\/index.php?rest_route=%2Fwp%2Fv2%2Fcomments&post=13713"}],"version-history":[{"count":0,"href":"https:\/\/nandi.info\/index.php?rest_route=\/wp\/v2\/posts\/13713\/revisions"}],"wp:featuredmedia":[{"embeddable":true,"href":"https:\/\/nandi.info\/index.php?rest_route=\/"}],"wp:attachment":[{"href":"https:\/\/nandi.info\/index.php?rest_route=%2Fwp%2Fv2%2Fmedia&parent=13713"}],"wp:term":[{"taxonomy":"category","embeddable":true,"href":"https:\/\/nandi.info\/index.php?rest_route=%2Fwp%2Fv2%2Fcategories&post=13713"},{"taxonomy":"post_tag","embeddable":true,"href":"https:\/\/nandi.info\/index.php?rest_route=%2Fwp%2Fv2%2Ftags&post=13713"}],"curies":[{"name":"wp","href":"https:\/\/api.w.org\/{rel}","templated":true}]}}