{"id":13709,"date":"2023-05-29T09:04:00","date_gmt":"2023-05-29T07:04:00","guid":{"rendered":"https:\/\/nandi.info\/?p=13709"},"modified":"2023-05-29T09:04:00","modified_gmt":"2023-05-29T07:04:00","slug":"zone-de-libre-echange-continentale-africaine-relever-les-defis-dintegrations-economiques","status":"publish","type":"post","link":"https:\/\/nandi.info\/?p=13709","title":{"rendered":"<strong>Zone&nbsp; de libre-\u00e9change&nbsp;&nbsp; continentale&nbsp; africaine : <\/strong>&nbsp;<strong>Relever&nbsp; les d\u00e9fis d\u2019int\u00e9grations \u00e9conomiques<\/strong>"},"content":{"rendered":"\n<p class=\"has-drop-cap\">C&rsquo;est&nbsp; au conseil&nbsp; national&nbsp; du patronat&nbsp; que &nbsp;&nbsp;s&rsquo;est tenu&nbsp; le samedi dernier,&nbsp; un panel de haut&nbsp; niveau&nbsp; sur la&nbsp; zone de libre-\u00e9change continentale africaine(ZLECAF) et cela&nbsp; dans&nbsp; le&nbsp; but d&rsquo;\u00e9changer &nbsp;sur des&nbsp; difficult\u00e9s&nbsp;&nbsp; qui&nbsp; minent&nbsp; les pays&nbsp; membres.<\/p>\n\n\n\n<p>Cette&nbsp; c\u00e9r\u00e9monie, initi\u00e9e&nbsp;&nbsp; par&nbsp;&nbsp; la promotion&nbsp; Drissa&nbsp; Keita&nbsp; s&rsquo;inscrit&nbsp; dans le cadre&nbsp; de la comm\u00e9moration de&nbsp; la&nbsp; Journ\u00e9e de l&rsquo;Afrique et&nbsp; celle&nbsp; de la CEDEAO dont le 48\u00e8me anniversaire&nbsp; est&nbsp; c\u00e9l\u00e9br\u00e9&nbsp;&nbsp; le&nbsp; 28 mai.&nbsp;&nbsp;&nbsp;&nbsp; Par ailleurs,&nbsp; dans&nbsp;&nbsp; le souci&nbsp; de&nbsp; contribuer \u00e0 la pr\u00e9paration de l&rsquo;ensemble des acteurs concern\u00e9s par&nbsp; la mise \u0153uvre de cet instrument&nbsp; d&rsquo;int\u00e9gration \u00e9conomique au niveau continental,&nbsp;&nbsp; la Promotion&nbsp;&nbsp; Drissa Keita (1995-1999)&nbsp; des Sciences Economiques ( Ex ENA )&nbsp; a organis\u00e9&nbsp; ce cadre&nbsp; d&rsquo;\u00e9changes&nbsp;&nbsp; en vue de permettre&nbsp; \u00e0&nbsp; la population&nbsp; et les&nbsp; acteurs \u00e9voluant&nbsp;&nbsp; du&nbsp; secteur&nbsp; priv\u00e9 de&nbsp; s&rsquo;impr\u00e9gner&nbsp; davantage&nbsp;&nbsp; sur l&rsquo;\u00e9tat&nbsp; des lieux&nbsp;&nbsp; de ce m\u00e9canisme&nbsp; d&rsquo;int\u00e9gration,&nbsp; son&nbsp; importance et&nbsp; ses&nbsp; difficult\u00e9s.&nbsp;&nbsp; Au cours&nbsp; des travaux,&nbsp; les panelistes&nbsp; ont \u00e9chang\u00e9 au tour&nbsp; du th\u00e8me : \u00a0\u00bb&nbsp; La zone de&nbsp; libre-\u00e9change&nbsp; continentale&nbsp; africaine&nbsp; (ZLECAF) : Enjeux,&nbsp; d\u00e9fis&nbsp; et perspectives pour les \u00c9tats membres&nbsp; de la CEDEAO:&nbsp;&nbsp; Cas du Mali\u00a0\u00bb.&nbsp;&nbsp; Et&nbsp; les&nbsp; intervenants&nbsp;&nbsp; ont&nbsp; tous&nbsp; soulign\u00e9&nbsp; la n\u00e9cessit\u00e9&nbsp; d&rsquo;impliquer&nbsp; davantage&nbsp; le secteur&nbsp; priv\u00e9&nbsp; dans les actions que&nbsp;&nbsp; m\u00e8nent&nbsp;&nbsp; les membres&nbsp; de l&rsquo;organisation;&nbsp;&nbsp; de faciliter&nbsp; le libre-\u00e9change&nbsp; des populations au niveau&nbsp; des fronti\u00e8res&nbsp; et de mettre&nbsp; en \u0153uvre&nbsp; les&nbsp; politiques&nbsp; et strat\u00e9gies&nbsp; connexes&nbsp; entre autres.&nbsp;&nbsp; Rappelons&nbsp; que parmi les 54 pays d&rsquo;Afrique,&nbsp; seulement&nbsp; 46&nbsp;&nbsp; ont sign\u00e9&nbsp; et&nbsp; ratifi\u00e9&nbsp; l&rsquo;accord&nbsp; instituant &nbsp;la ZLECAF&nbsp; dont le Mali en&nbsp; 2018.&nbsp;&nbsp; Enfin,&nbsp;&nbsp; le&nbsp; pr\u00e9sident&nbsp; de ladite&nbsp; promotion&nbsp; Aboubacar&nbsp; Diop&nbsp; avait&nbsp; \u00e0&nbsp; ses c\u00f4t\u00e9s&nbsp; le repr\u00e9sentant&nbsp; de la CEDEAO, Mario&nbsp; Gomez Fern\u00e1ndez, Boubacar&nbsp; Ballo du minist\u00e8re&nbsp;&nbsp; du Commerce&nbsp; et&nbsp; de l&rsquo;industrie,&nbsp; Amadou&nbsp; Traor\u00e9&nbsp; de la CCIM,&nbsp; les&nbsp; responsables&nbsp; des services techniques&nbsp; de&nbsp; l&rsquo;Etat&nbsp; et&nbsp; des Organisations du Secteur priv\u00e9.&nbsp;<\/p>\n\n\n\n<p><strong>&nbsp;&nbsp;&nbsp;&nbsp;&nbsp;&nbsp;&nbsp;&nbsp;&nbsp;&nbsp;&nbsp;&nbsp;&nbsp;&nbsp;&nbsp;&nbsp;&nbsp;&nbsp;&nbsp;&nbsp;&nbsp;&nbsp;&nbsp;&nbsp;&nbsp;&nbsp;&nbsp;&nbsp;&nbsp;&nbsp;&nbsp;&nbsp;&nbsp;&nbsp;&nbsp;&nbsp;&nbsp;&nbsp;&nbsp;&nbsp;&nbsp;&nbsp;&nbsp;&nbsp;&nbsp;&nbsp;&nbsp;&nbsp;&nbsp;&nbsp;&nbsp; &nbsp;&nbsp;&nbsp;&nbsp;&nbsp;&nbsp;&nbsp;&nbsp;&nbsp;&nbsp;&nbsp;&nbsp;&nbsp;&nbsp;&nbsp;&nbsp;&nbsp;&nbsp;&nbsp;&nbsp;&nbsp;&nbsp;&nbsp;&nbsp;&nbsp;&nbsp;&nbsp;&nbsp;&nbsp;&nbsp;&nbsp;&nbsp;&nbsp;&nbsp;&nbsp;&nbsp;&nbsp;&nbsp;&nbsp;&nbsp;&nbsp;&nbsp;&nbsp;&nbsp;&nbsp;&nbsp;&nbsp;&nbsp;&nbsp;&nbsp;&nbsp;&nbsp;&nbsp;&nbsp;&nbsp;&nbsp;&nbsp;&nbsp;&nbsp;&nbsp;&nbsp;&nbsp;&nbsp;&nbsp;&nbsp;&nbsp;&nbsp;&nbsp;&nbsp;&nbsp;&nbsp;&nbsp;&nbsp;&nbsp;Yacouba&nbsp; COULIBALY<\/strong><\/p>\n","protected":false},"excerpt":{"rendered":"<p>C&rsquo;est&nbsp; au conseil&nbsp; national&nbsp; du patronat&nbsp; que &nbsp;&nbsp;s&rsquo;est tenu&nbsp; le samedi dernier,&nbsp; un panel de haut&nbsp; niveau&nbsp; sur la&nbsp; zone de libre-\u00e9change continentale africaine(ZLECAF) et cela&nbsp; dans&nbsp; le&nbsp; but d&rsquo;\u00e9changer&hellip;<\/p>\n","protected":false},"author":1,"featured_media":13715,"comment_status":"open","ping_status":"closed","sticky":false,"template":"","format":"standard","meta":{"content-type":"","_lmt_disableupdate":"","_lmt_disable":"","_jetpack_memberships_contains_paid_content":false,"footnotes":"","jetpack_publicize_message":"","jetpack_publicize_feature_enabled":true,"jetpack_social_post_already_shared":true,"jetpack_social_options":{"image_generator_settings":{"template":"highway","default_image_id":0,"font":"","enabled":false},"version":2}},"categories":[30,68],"tags":[],"class_list":["post-13709","post","type-post","status-publish","format-standard","has-post-thumbnail","hentry","category-economie","category-lalternance"],"jetpack_publicize_connections":[],"featured_image_urls":{"full":"","thumbnail":"","medium":"","medium_large":"","large":"","1536x1536":"","2048x2048":"","penci-recipe-1200x1200":"","penci-recipe-1200x900":"","penci-recipe-1200x675":"","penci-single-full":"","penci-slider-full-thumb":"","penci-full-thumb":"","penci-slider-thumb":"","penci-magazine-slider":"","penci-thumb":"","penci-masonry-thumb":"","penci-thumb-square":"","penci-thumb-vertical":"","penci-thumb-small":""},"author_info":{"display_name":"Nandi","author_link":"https:\/\/nandi.info\/?author=1"},"category_info":"<a href=\"https:\/\/nandi.info\/?cat=30\" rel=\"category\">Economie<\/a> <a href=\"https:\/\/nandi.info\/?cat=68\" rel=\"category\">L'alternance<\/a>","tag_info":"L'alternance","comment_count":"0","jetpack_featured_media_url":"","jetpack_sharing_enabled":true,"_links":{"self":[{"href":"https:\/\/nandi.info\/index.php?rest_route=\/wp\/v2\/posts\/13709","targetHints":{"allow":["GET"]}}],"collection":[{"href":"https:\/\/nandi.info\/index.php?rest_route=\/wp\/v2\/posts"}],"about":[{"href":"https:\/\/nandi.info\/index.php?rest_route=\/wp\/v2\/types\/post"}],"author":[{"embeddable":true,"href":"https:\/\/nandi.info\/index.php?rest_route=\/wp\/v2\/users\/1"}],"replies":[{"embeddable":true,"href":"https:\/\/nandi.info\/index.php?rest_route=%2Fwp%2Fv2%2Fcomments&post=13709"}],"version-history":[{"count":0,"href":"https:\/\/nandi.info\/index.php?rest_route=\/wp\/v2\/posts\/13709\/revisions"}],"wp:featuredmedia":[{"embeddable":true,"href":"https:\/\/nandi.info\/index.php?rest_route=\/"}],"wp:attachment":[{"href":"https:\/\/nandi.info\/index.php?rest_route=%2Fwp%2Fv2%2Fmedia&parent=13709"}],"wp:term":[{"taxonomy":"category","embeddable":true,"href":"https:\/\/nandi.info\/index.php?rest_route=%2Fwp%2Fv2%2Fcategories&post=13709"},{"taxonomy":"post_tag","embeddable":true,"href":"https:\/\/nandi.info\/index.php?rest_route=%2Fwp%2Fv2%2Ftags&post=13709"}],"curies":[{"name":"wp","href":"https:\/\/api.w.org\/{rel}","templated":true}]}}