{"id":13708,"date":"2023-05-29T08:00:00","date_gmt":"2023-05-29T06:00:00","guid":{"rendered":"https:\/\/nandi.info\/?p=13708"},"modified":"2023-05-29T08:00:00","modified_gmt":"2023-05-29T06:00:00","slug":"encore-du-rififi-au-sein-du-conseil-national-du-patronat-du-mali-les-demons-de-la-justice-sont-ils-aux-trousses-de-mossadeck-bally","status":"publish","type":"post","link":"https:\/\/nandi.info\/?p=13708","title":{"rendered":"<strong>Encore du rififi au sein du conseil national du patronat du Mali&nbsp;: <\/strong><strong>Les d\u00e9mons de la justice sont-ils aux trousses de Mossadeck Bally&nbsp;?<\/strong><strong><\/strong>"},"content":{"rendered":"\n<p><strong><em>Alors qu\u2019on croyait la saga juridico-administrative termin\u00e9e apr\u00e8s l\u2019organisation par l\u2019administration provisoire \u00e0 la t\u00eate du CNPM, d\u2019une assembl\u00e9e g\u00e9n\u00e9rale au cours de laquelle Mossadeck Bally a \u00e9t\u00e9 pl\u00e9biscit\u00e9, c\u2019\u00e9tait alors sans compter sur la t\u00e9m\u00e9rit\u00e9 des deux pr\u00e9sidents qui se disputent le poste depuis pr\u00e8s de deux ans, \u00e0 savoir Mamadou Sinsy Coulibaly et Diadi\u00e9 dit Amadou Sankar\u00e9. Ces derniers ne s\u2019avouant pas vaincu ont, semble-t-il, d\u00e9cid\u00e9 d\u2019attaquer et l\u2019administration provisoire et l\u2019assembl\u00e9e g\u00e9n\u00e9rale \u00e9lective et le bureau qui en est issu. En tout cas si l\u2019on en croit une note de l\u2019Etude de Ma\u00eetre S\u00e9kou Oumar Barry, avocat \u00e0 la Cour, adress\u00e9e au Pr\u00e9sident du Conseil National du Patronat du Mali. Cette note informative signifie au Pr\u00e9sident Mossadeck Bally qu\u2019\u00e0 son audience du 8 Mai 2023 la proc\u00e9dure vis\u00e9e en marge, a \u00e9t\u00e9 mise en d\u00e9lib\u00e9r\u00e9 devant le tribunal de grande instance de la commune IV du District de Bamako pour le 05 juin 2023 avec possibilit\u00e9 des notes en cours de d\u00e9lib\u00e9r\u00e9. Apr\u00e8s cette note de l\u2019avocat Barry, les r\u00e9seaux sociaux et certains m\u00e9dias en ont fait leurs choux gras. Le sort de Mossadeck Bally sera-t-il scell\u00e9 le 5 juin2023&nbsp;?<\/em><\/strong><\/p>\n\n\n\n<p class=\"has-drop-cap\">D\u00e9cidemment la fa\u00eeti\u00e8re du secteur priv\u00e9 est hant\u00e9 depuis plus de trois ans. D\u2019abord elle a connu un titanesque combat entre deux grosses pointures du monde des op\u00e9rateurs, \u00e0 savoir Mamadou Sinsy Coulibaly et Amadou Dit Diadi\u00e9 Sankar\u00e9. Alors que ce contentieux n\u2019a pas connu son \u00e9pilogue, nous voici engag\u00e9 dans une autre proc\u00e9dure. Pour rappel&nbsp;&nbsp; la goutte d\u2019eau qui a, semble-t-il, fait d\u00e9border le vase aux yeux de Coulibaly et Sankar\u00e9 est la d\u00e9cision de leurs camarades de l\u2019administration provisoire, de les \u00e9carter du s\u00e9rail patronal, toute chose aux antipodes des textes du CNPM. Pour l\u2019administration provisoire cette d\u00e9cision est prise pour &nbsp;mettre un terme \u00e0 la gu\u00e9guerre qui a longtemps oppos\u00e9 les deux mastodontes du monde des affaires, \u00e0 savoir Madou Coulou et Diadi\u00e9 Sankar\u00e9. En effet, &nbsp;cette d\u00e9cision d\u2019\u00e9carter les deux protagonistes&nbsp; a \u00e9t\u00e9 prise au moment o\u00f9 le contentieux est pendant devant la justice. Donc la plainte pour annulation du bureau dirig\u00e9 par Mossadeck Bally est un nouvel \u00e9l\u00e9ment factuel ajout\u00e9 au dossier et le rendez-vous du 05 juin 2023 sera crucial pour l\u2019avenir du Pr\u00e9sident Mossadeck Bally \u00e0 la t\u00eate du CNPM, il y a juste un an.<\/p>\n\n\n\n<p>Le Tribunal de grande instance de la commune IV du District de Bamako se prononcera le 05 juin 2023. Soit il confirmera l\u2019assembl\u00e9e g\u00e9n\u00e9rale \u00e9lective qui a port\u00e9&nbsp; Mossadeck Bally \u00e0 la t\u00eate du CNPM, soit il infirmera l\u2019AG en mettant le compteur \u00e0 z\u00e9ro. La d\u00e9cision du tribunal de grande instance de la commune IV pourrait remettre encore en scelle Mamadou Sinsy Coulibaly et Amadou dit Diadi\u00e9 Sankar\u00e9, s\u2019il venait \u00e0 annuler, voire invalider l\u2019assembl\u00e9e g\u00e9n\u00e9rale qui a port\u00e9 Mossadeck Bally \u00e0 la t\u00eate du CNPM. Tout porte \u00e0 croire aujourd\u2019hui que la saga judiciaire est loin d\u2019\u00eatre termin\u00e9e. La question qui taraude les esprits est celle de savoir si Mossadeck Bally \u00e0 la t\u00eate du CNPM a su rassembler les diff\u00e9rents groupements patronaux et les conseils r\u00e9gionaux pour donner un nouvel \u00e9lan&nbsp;\u00e0 la fa\u00eeti\u00e8re du secteur priv\u00e9? Hormis les c\u00e9r\u00e9monies protocolaires, les d\u00e9clarations de bonnes intentions et autres shows m\u00e9diatiques, le nouveau Pr\u00e9sident du CNPM n\u2019a pas pour l\u2019instant montr\u00e9 grand-chose et les adh\u00e9rents commencent \u00e0 susurrer. Que r\u00e9pondra-t-il \u00e0 ses d\u00e9tracteurs qui pensent qu\u2019il n\u2019a aucune l\u00e9gitimit\u00e9 et que son \u00e9lection \u00e0 la t\u00eate du patronat est une violation flagrante des textes de la structure&nbsp;? Mossadeck Bally est d\u00e9sormais dans des beaux draps et son sort est li\u00e9 \u00e0 la d\u00e9cision du tribunal de grande instance de la commune IV du District de Bamako dont le verdict est attendu pour le 05 juin 2023.<\/p>\n\n\n\n<p>En somme, la fa\u00eeti\u00e8re du secteur priv\u00e9 ne m\u00e9rite pas un tel sort. Donc une introspection s\u2019impose afin de mettre le compteur \u00e0 z\u00e9ro et d\u2019aplanir toutes les difficult\u00e9s au grand bonheur des op\u00e9rateurs \u00e9conomiques du Mali.<\/p>\n\n\n\n<p>&nbsp;&nbsp;&nbsp;&nbsp;&nbsp;&nbsp;&nbsp;&nbsp;&nbsp;&nbsp;&nbsp;&nbsp;&nbsp;&nbsp;&nbsp;&nbsp;&nbsp;&nbsp;&nbsp;&nbsp;&nbsp;&nbsp;&nbsp;&nbsp;&nbsp;&nbsp;&nbsp;&nbsp;&nbsp;&nbsp;&nbsp;&nbsp;&nbsp;&nbsp;&nbsp;&nbsp;&nbsp;&nbsp;&nbsp;&nbsp;&nbsp;&nbsp;&nbsp;&nbsp;&nbsp;&nbsp;&nbsp;&nbsp;&nbsp;&nbsp;&nbsp;&nbsp;&nbsp;&nbsp;&nbsp;&nbsp;&nbsp;&nbsp;&nbsp;&nbsp;&nbsp;&nbsp;&nbsp;&nbsp;&nbsp;&nbsp;&nbsp;&nbsp;&nbsp;&nbsp;&nbsp;&nbsp;&nbsp;&nbsp;&nbsp;&nbsp;&nbsp;&nbsp;&nbsp;&nbsp;&nbsp;&nbsp;&nbsp;&nbsp; &nbsp;&nbsp;&nbsp;&nbsp;&nbsp;&nbsp;&nbsp;&nbsp;&nbsp;&nbsp;&nbsp;&nbsp;&nbsp;&nbsp;&nbsp;&nbsp;&nbsp;&nbsp;&nbsp;&nbsp;&nbsp;&nbsp;&nbsp;&nbsp;&nbsp;&nbsp;&nbsp;&nbsp;&nbsp;&nbsp;&nbsp;&nbsp;&nbsp;&nbsp;&nbsp;&nbsp;&nbsp;&nbsp;&nbsp;&nbsp;&nbsp;&nbsp;&nbsp;&nbsp;&nbsp;&nbsp;&nbsp;&nbsp;&nbsp;&nbsp;&nbsp;<strong>Youssouf Sissoko<\/strong><\/p>\n","protected":false},"excerpt":{"rendered":"<p>Alors qu\u2019on croyait la saga juridico-administrative termin\u00e9e apr\u00e8s l\u2019organisation par l\u2019administration provisoire \u00e0 la t\u00eate du CNPM, d\u2019une assembl\u00e9e g\u00e9n\u00e9rale au cours de laquelle Mossadeck Bally a \u00e9t\u00e9 pl\u00e9biscit\u00e9, c\u2019\u00e9tait&hellip;<\/p>\n","protected":false},"author":1,"featured_media":8127,"comment_status":"open","ping_status":"closed","sticky":false,"template":"","format":"standard","meta":{"content-type":"","_lmt_disableupdate":"","_lmt_disable":"","_jetpack_memberships_contains_paid_content":false,"footnotes":"","jetpack_publicize_message":"","jetpack_publicize_feature_enabled":true,"jetpack_social_post_already_shared":true,"jetpack_social_options":{"image_generator_settings":{"template":"highway","default_image_id":0,"font":"","enabled":false},"version":2}},"categories":[68,21],"tags":[],"class_list":["post-13708","post","type-post","status-publish","format-standard","has-post-thumbnail","hentry","category-lalternance","category-societe"],"jetpack_publicize_connections":[],"featured_image_urls":{"full":"","thumbnail":"","medium":"","medium_large":"","large":"","1536x1536":"","2048x2048":"","penci-recipe-1200x1200":"","penci-recipe-1200x900":"","penci-recipe-1200x675":"","penci-single-full":"","penci-slider-full-thumb":"","penci-full-thumb":"","penci-slider-thumb":"","penci-magazine-slider":"","penci-thumb":"","penci-masonry-thumb":"","penci-thumb-square":"","penci-thumb-vertical":"","penci-thumb-small":""},"author_info":{"display_name":"Nandi","author_link":"https:\/\/nandi.info\/?author=1"},"category_info":"<a href=\"https:\/\/nandi.info\/?cat=68\" rel=\"category\">L'alternance<\/a> <a href=\"https:\/\/nandi.info\/?cat=21\" rel=\"category\">Soci\u00e9t\u00e9<\/a>","tag_info":"Soci\u00e9t\u00e9","comment_count":"0","jetpack_featured_media_url":"","jetpack_sharing_enabled":true,"_links":{"self":[{"href":"https:\/\/nandi.info\/index.php?rest_route=\/wp\/v2\/posts\/13708","targetHints":{"allow":["GET"]}}],"collection":[{"href":"https:\/\/nandi.info\/index.php?rest_route=\/wp\/v2\/posts"}],"about":[{"href":"https:\/\/nandi.info\/index.php?rest_route=\/wp\/v2\/types\/post"}],"author":[{"embeddable":true,"href":"https:\/\/nandi.info\/index.php?rest_route=\/wp\/v2\/users\/1"}],"replies":[{"embeddable":true,"href":"https:\/\/nandi.info\/index.php?rest_route=%2Fwp%2Fv2%2Fcomments&post=13708"}],"version-history":[{"count":0,"href":"https:\/\/nandi.info\/index.php?rest_route=\/wp\/v2\/posts\/13708\/revisions"}],"wp:featuredmedia":[{"embeddable":true,"href":"https:\/\/nandi.info\/index.php?rest_route=\/"}],"wp:attachment":[{"href":"https:\/\/nandi.info\/index.php?rest_route=%2Fwp%2Fv2%2Fmedia&parent=13708"}],"wp:term":[{"taxonomy":"category","embeddable":true,"href":"https:\/\/nandi.info\/index.php?rest_route=%2Fwp%2Fv2%2Fcategories&post=13708"},{"taxonomy":"post_tag","embeddable":true,"href":"https:\/\/nandi.info\/index.php?rest_route=%2Fwp%2Fv2%2Ftags&post=13708"}],"curies":[{"name":"wp","href":"https:\/\/api.w.org\/{rel}","templated":true}]}}