{"id":13700,"date":"2023-05-29T08:59:00","date_gmt":"2023-05-29T06:59:00","guid":{"rendered":"https:\/\/nandi.info\/?p=13700"},"modified":"2023-05-29T08:59:00","modified_gmt":"2023-05-29T06:59:00","slug":"me-malick-coulibaly-sur-le-rapport-de-la-minusma-sur-mourah-les-rapports-internationaux-ne-sont-pas-toujours-irreprochables","status":"publish","type":"post","link":"https:\/\/nandi.info\/?p=13700","title":{"rendered":"<strong>Me Malick Coulibaly sur le rapport de la MINUSMA sur Mourah&nbsp;: \u00ab&nbsp;\u2026les rapports internationaux ne sont pas toujours irr\u00e9prochables&nbsp;\u00bb<\/strong>"},"content":{"rendered":"\n<p><strong><em>Suite \u00e0 la publication du Rapport de la MINUSMA sur les suppos\u00e9es&nbsp; exactions des Forces Arm\u00e9es Maliennes sur des civils \u00e0 Moura, l\u2019Ancien ministre de la Justice et Garde des Sceaux, Me Malick Coulibaly a fait un post pour apporter son soutien \u00e0 nos FAMa et demander \u00e0 ce que justice soit faite pour r\u00e9tablir la v\u00e9rit\u00e9.<\/em><\/strong><\/p>\n\n\n\n<p class=\"has-drop-cap\">Jamais les Forces Arm\u00e9es du Mali n\u2019ont \u00e9t\u00e9 accus\u00e9es gravement comme dans ce r\u00e9cent rapport de la structure des droits de l\u2019Homme de la Minusma.<\/p>\n\n\n\n<p>D\u2019apr\u00e8s ce rapport, c\u2019est pr\u00e8s de 500 civils qui auraient \u00e9t\u00e9 massacr\u00e9s par les FAMa au village de Moura dans la R\u00e9gion de Mopti en Mars 2022. Une telle accusation aussi grave m\u00e9rite des \u00e9claircissements. Dans cette optique, des experts maliens sur les questions des Droits de l\u2019Homme ont r\u00e9agi. Tel l\u2019ancien Garde des Sceaux du Mali, Me Malick Coulibaly, qui a d\u00e9cid\u00e9 de briser le silence en se pronon\u00e7ant&nbsp; sur ce Rapport de la MINUSMA \u00e0 travers un post.<\/p>\n\n\n\n<p>Dans son post, le Ministre Coulibaly pr\u00e9cise que c\u2019est avec une l\u00e9gitime fiert\u00e9, qu\u2019il constate, qu\u2019il salue, soutient et encourage la renaissance ind\u00e9niable de l\u2019arm\u00e9e malienne. \u00ab&nbsp; Nos militaires ont toujours honor\u00e9 leur serment, malgr\u00e9 les contraintes majeures. Ils ont pay\u00e9 et continuent de payer le prix ultime du sacrifice pour la Nation depuis de longues ann\u00e9es en raison de la crise meurtri\u00e8re qui frappe notre pays&nbsp;\u00bb, a-t-il soulign\u00e9. Et de s\u2019incliner respectueusement devant la m\u00e9moire&nbsp; de nos soldats tomb\u00e9s au champ d\u2019honneur, de souhaiter un prompt r\u00e9tablissement aux bless\u00e9s&nbsp; et de louer grandement le sacrifice de ceux qui sont engag\u00e9s sur le front pour la s\u00e9curit\u00e9 des Maliens et la sauvegarde de la patrie. \u00ab&nbsp; Mon soutien envers notre Arm\u00e9e est sans \u00e9quivoque, surtout \u00e0 un moment o\u00f9 un rapport onusien lui porte de graves accusations&nbsp;\u00bb,a-t-il&nbsp; pr\u00e9cis\u00e9.<\/p>\n\n\n\n<p>Selon Me Coulibaly, en tant que citoyen malien soucieux de justice, la lecture du rapport des Nations Unies sur les \u00e9v\u00e9nements \u00e0 Moura&nbsp; est, selon lui, tr\u00e8s troublante et la gravit\u00e9 des faits mentionn\u00e9s dans le rapport exige leur attention. Et de poursuivre qu\u2019en tant qu\u2019apprenti technicien des droits humains et familier avec la m\u00e9thodologie des rapports des Nations Unies, qu\u2019il invite ses concitoyens \u00e0 la vigilance et demande que la v\u00e9rit\u00e9 soit r\u00e9tablie.<\/p>\n\n\n\n<p>\u00ab&nbsp;Bien entendu, il convient de reconnaitre, les rapports internationaux ne sont pas toujours irr\u00e9prochables. Malheureusement, l\u2019histoire nous a souvent montr\u00e9 que les faits peuvent \u00eatre manipul\u00e9s pour servir des int\u00e9r\u00eats divers&nbsp;\u00bb, a-t- il indiqu\u00e9.&nbsp;&nbsp; Et de souligner qu\u2019il est important de ne pas jeter le b\u00e9b\u00e9 avec l\u2019eau du bain. Donc pour lui les simples d\u00e9n\u00e9gations ne constituent pas une option face \u00e0 la gravit\u00e9 des all\u00e9gations. \u00ab&nbsp; Il est de notre devoir, en tant que Nation, de chercher la v\u00e9rit\u00e9 et de demander que justice soit rendue&nbsp;\u00bb, a-t-il ajout\u00e9.<\/p>\n\n\n\n<p>En sa qualit\u00e9 d\u2019ancien Magistrat, ministre de la Justice, Garde des Sceaux du Mali, il estime qu\u2019il est de la responsabilit\u00e9 du gouvernement de mener \u00e0 bien les enqu\u00eates en cours et de garantir leur transparence. Et d\u2019ajouter que&nbsp; m\u00eame si l\u2019on consid\u00e8re le rapport onusien comme \u00e9tant partial, on devrait inciter \u00e0 mener des enqu\u00eates&nbsp; cr\u00e9dibles par le biais du p\u00f4le judiciaire sp\u00e9cialis\u00e9, dont la comp\u00e9tence a \u00e9t\u00e9 \u00e9largie pour inclure les faits all\u00e9gu\u00e9s.&nbsp; \u00ab&nbsp; La raison est toute simple&nbsp;: personne ne devrait \u00eatre plus soucieux du bien-\u00eatre et de la protection&nbsp; des Maliens que l\u2019Etat malien&nbsp;\u00bb, a-t-il soulign\u00e9.<\/p>\n\n\n\n<p>Pour lui, les \u00e9tudes d\u00e9montrent que les exactions commises contre les populations civiles les poussent \u00e0 rejoindre&nbsp; les rangs des terroristes. Et cela, d\u2019apr\u00e8s lui, est illustr\u00e9 par l\u2019enracinement de la crise, qui devient un cycle infernal d\u2019all\u00e9gations d\u2019atrocit\u00e9s et d\u2019attaques sans fin. Et d\u2019ajouter qu\u2019afin de briser ce cycle, il est important d\u2019\u00e9tablir la justice et de mettre fin \u00e0 l\u2019impunit\u00e9 et qu\u2019il ne peut y avoir de paix durable si les populations civiles n\u2019ont pas confiance aux forces de s\u00e9curit\u00e9.<\/p>\n\n\n\n<p>Selon lui, le v\u00e9ritable patriotisme exige que nous d\u00e9fendions nos institutions, que nous prot\u00e9gions la vie humaine et que nous recherchions la v\u00e9rit\u00e9 quelles que soient les circonstances. Et de continuer que seul cet engagement envers la justice et la transparence peut garantir une paix durable. \u00ab&nbsp;La n\u00e9cessit\u00e9 d\u2019une enqu\u00eate ind\u00e9pendante n\u2019est donc pas une option, mais une obligation morale et patriotique&nbsp;\u00bb, a ajout\u00e9 le Ministre Coulibaly.<\/p>\n\n\n\n<p><strong>Adama Tounkara<\/strong><\/p>\n","protected":false},"excerpt":{"rendered":"<p>Suite \u00e0 la publication du Rapport de la MINUSMA sur les suppos\u00e9es&nbsp; exactions des Forces Arm\u00e9es Maliennes sur des civils \u00e0 Moura, l\u2019Ancien ministre de la Justice et Garde des&hellip;<\/p>\n","protected":false},"author":1,"featured_media":13701,"comment_status":"open","ping_status":"closed","sticky":false,"template":"","format":"standard","meta":{"content-type":"","_lmt_disableupdate":"","_lmt_disable":"","_jetpack_memberships_contains_paid_content":false,"footnotes":"","jetpack_publicize_message":"","jetpack_publicize_feature_enabled":true,"jetpack_social_post_already_shared":true,"jetpack_social_options":{"image_generator_settings":{"template":"highway","default_image_id":0,"font":"","enabled":false},"version":2}},"categories":[67,21],"tags":[],"class_list":["post-13700","post","type-post","status-publish","format-standard","has-post-thumbnail","hentry","category-le-sursaut","category-societe"],"jetpack_publicize_connections":[],"featured_image_urls":{"full":"","thumbnail":"","medium":"","medium_large":"","large":"","1536x1536":"","2048x2048":"","penci-recipe-1200x1200":"","penci-recipe-1200x900":"","penci-recipe-1200x675":"","penci-single-full":"","penci-slider-full-thumb":"","penci-full-thumb":"","penci-slider-thumb":"","penci-magazine-slider":"","penci-thumb":"","penci-masonry-thumb":"","penci-thumb-square":"","penci-thumb-vertical":"","penci-thumb-small":""},"author_info":{"display_name":"Nandi","author_link":"https:\/\/nandi.info\/?author=1"},"category_info":"<a href=\"https:\/\/nandi.info\/?cat=67\" rel=\"category\">Le Sursaut<\/a> <a href=\"https:\/\/nandi.info\/?cat=21\" rel=\"category\">Soci\u00e9t\u00e9<\/a>","tag_info":"Soci\u00e9t\u00e9","comment_count":"0","jetpack_featured_media_url":"","jetpack_sharing_enabled":true,"_links":{"self":[{"href":"https:\/\/nandi.info\/index.php?rest_route=\/wp\/v2\/posts\/13700","targetHints":{"allow":["GET"]}}],"collection":[{"href":"https:\/\/nandi.info\/index.php?rest_route=\/wp\/v2\/posts"}],"about":[{"href":"https:\/\/nandi.info\/index.php?rest_route=\/wp\/v2\/types\/post"}],"author":[{"embeddable":true,"href":"https:\/\/nandi.info\/index.php?rest_route=\/wp\/v2\/users\/1"}],"replies":[{"embeddable":true,"href":"https:\/\/nandi.info\/index.php?rest_route=%2Fwp%2Fv2%2Fcomments&post=13700"}],"version-history":[{"count":0,"href":"https:\/\/nandi.info\/index.php?rest_route=\/wp\/v2\/posts\/13700\/revisions"}],"wp:featuredmedia":[{"embeddable":true,"href":"https:\/\/nandi.info\/index.php?rest_route=\/"}],"wp:attachment":[{"href":"https:\/\/nandi.info\/index.php?rest_route=%2Fwp%2Fv2%2Fmedia&parent=13700"}],"wp:term":[{"taxonomy":"category","embeddable":true,"href":"https:\/\/nandi.info\/index.php?rest_route=%2Fwp%2Fv2%2Fcategories&post=13700"},{"taxonomy":"post_tag","embeddable":true,"href":"https:\/\/nandi.info\/index.php?rest_route=%2Fwp%2Fv2%2Ftags&post=13700"}],"curies":[{"name":"wp","href":"https:\/\/api.w.org\/{rel}","templated":true}]}}