{"id":13693,"date":"2023-05-28T23:58:13","date_gmt":"2023-05-28T21:58:13","guid":{"rendered":"https:\/\/nandi.info\/?p=13693"},"modified":"2023-05-28T23:58:13","modified_gmt":"2023-05-28T21:58:13","slug":"equipe-nationale-u17-la-femafoot-fonde-espoir-sur-la-coupe-du-monde","status":"publish","type":"post","link":"https:\/\/nandi.info\/?p=13693","title":{"rendered":"\u00c9quipe nationale U17 : La F\u00e9mafoot fonde espoir sur la Coupe du monde\ufffc"},"content":{"rendered":"\n<p><strong><em>L\u2019\u00e9quipe nationale U17 du Mali a particip\u00e9 \u00e0 la Coupe d\u2019Afrique des Nations de la cat\u00e9gorie disput\u00e9e en Alg\u00e9rie. A l\u2019issue de la comp\u00e9tition, les Aiglonnets ont termin\u00e9 \u00e0 la 4e place avec comme cerise sur le g\u00e2teau la qualification \u00e0 la Coupe du monde Cadets.&nbsp;<\/em><\/strong><\/p>\n\n\n\n<p class=\"has-drop-cap\">Apr\u00e8s cette performance non n\u00e9gligeable, le Comit\u00e9 ex\u00e9cutif de la F\u00e9mafoot a tenu \u00e0 adresser ses vives f\u00e9licitations \u00e0 toute la d\u00e9l\u00e9gation ayant repr\u00e9sent\u00e9 le pays au tournoi. Par ailleurs, le C.E de la F\u00e9mafoot a encourag\u00e9 les joueurs et l\u2019encadrement pour la prestation satisfaisante \u00e0 quelques mois du coup d\u2019envoi du Mondial auquel l\u2019\u00e9quipe est qualifi\u00e9e apr\u00e8s avoir atteint les demi-finales.<\/p>\n\n\n\n<p>En retenant du positif de la prestation de l\u2019\u00e9quipe, la F\u00e9mafoot garde espoir que des enseignements seront tir\u00e9s de ce qui n\u2019a pas correctement march\u00e9.&nbsp;&nbsp;<em>\u201cEn vous demandant de rester soud\u00e9s et concentr\u00e9s sur la suite dont la Coupe du monde, nous vous exhortons \u00e0 humblement retenir que l\u2019\u00e9chec pr\u00e9pare le succ\u00e8s, la chute n\u2019est pas&nbsp; l\u2019\u00e9chec, l\u2019\u00e9chec c\u2019est de rester l\u00e0 o\u00f9 on est tomb\u00e9. Au regard de votre engagement et la qualit\u00e9 du football produit, nous osons esp\u00e9rer qu\u2019avec quelques r\u00e9glages la suite sera largement meilleure\u201d<\/em>&nbsp;a sign\u00e9 le secr\u00e9taire g\u00e9n\u00e9ral dans une lettre adress\u00e9e \u00e0 la d\u00e9l\u00e9gation malienne ayant pris part \u00e0 la CAN Cadets.<\/p>\n\n\n\n<p><strong>A C.<\/strong><\/p>\n","protected":false},"excerpt":{"rendered":"<p>L\u2019\u00e9quipe nationale U17 du Mali a particip\u00e9 \u00e0 la Coupe d\u2019Afrique des Nations de la cat\u00e9gorie disput\u00e9e en Alg\u00e9rie. A l\u2019issue de la comp\u00e9tition, les Aiglonnets ont termin\u00e9 \u00e0 la&hellip;<\/p>\n","protected":false},"author":1,"featured_media":13696,"comment_status":"open","ping_status":"closed","sticky":false,"template":"","format":"standard","meta":{"content-type":"","_lmt_disableupdate":"","_lmt_disable":"","_jetpack_memberships_contains_paid_content":false,"footnotes":"","jetpack_publicize_message":"","jetpack_publicize_feature_enabled":true,"jetpack_social_post_already_shared":true,"jetpack_social_options":{"image_generator_settings":{"template":"highway","default_image_id":0,"font":"","enabled":false},"version":2}},"categories":[33,6],"tags":[],"class_list":["post-13693","post","type-post","status-publish","format-standard","has-post-thumbnail","hentry","category-mali-tribune","category-sports"],"jetpack_publicize_connections":[],"featured_image_urls":{"full":"","thumbnail":"","medium":"","medium_large":"","large":"","1536x1536":"","2048x2048":"","penci-recipe-1200x1200":"","penci-recipe-1200x900":"","penci-recipe-1200x675":"","penci-single-full":"","penci-slider-full-thumb":"","penci-full-thumb":"","penci-slider-thumb":"","penci-magazine-slider":"","penci-thumb":"","penci-masonry-thumb":"","penci-thumb-square":"","penci-thumb-vertical":"","penci-thumb-small":""},"author_info":{"display_name":"Nandi","author_link":"https:\/\/nandi.info\/?author=1"},"category_info":"<a href=\"https:\/\/nandi.info\/?cat=33\" rel=\"category\">Mali Tribune<\/a> <a href=\"https:\/\/nandi.info\/?cat=6\" rel=\"category\">Sports<\/a>","tag_info":"Sports","comment_count":"0","jetpack_featured_media_url":"","jetpack_sharing_enabled":true,"_links":{"self":[{"href":"https:\/\/nandi.info\/index.php?rest_route=\/wp\/v2\/posts\/13693","targetHints":{"allow":["GET"]}}],"collection":[{"href":"https:\/\/nandi.info\/index.php?rest_route=\/wp\/v2\/posts"}],"about":[{"href":"https:\/\/nandi.info\/index.php?rest_route=\/wp\/v2\/types\/post"}],"author":[{"embeddable":true,"href":"https:\/\/nandi.info\/index.php?rest_route=\/wp\/v2\/users\/1"}],"replies":[{"embeddable":true,"href":"https:\/\/nandi.info\/index.php?rest_route=%2Fwp%2Fv2%2Fcomments&post=13693"}],"version-history":[{"count":0,"href":"https:\/\/nandi.info\/index.php?rest_route=\/wp\/v2\/posts\/13693\/revisions"}],"wp:featuredmedia":[{"embeddable":true,"href":"https:\/\/nandi.info\/index.php?rest_route=\/"}],"wp:attachment":[{"href":"https:\/\/nandi.info\/index.php?rest_route=%2Fwp%2Fv2%2Fmedia&parent=13693"}],"wp:term":[{"taxonomy":"category","embeddable":true,"href":"https:\/\/nandi.info\/index.php?rest_route=%2Fwp%2Fv2%2Fcategories&post=13693"},{"taxonomy":"post_tag","embeddable":true,"href":"https:\/\/nandi.info\/index.php?rest_route=%2Fwp%2Fv2%2Ftags&post=13693"}],"curies":[{"name":"wp","href":"https:\/\/api.w.org\/{rel}","templated":true}]}}