{"id":13671,"date":"2023-05-27T23:56:44","date_gmt":"2023-05-27T21:56:44","guid":{"rendered":"https:\/\/nandi.info\/?p=13671"},"modified":"2023-05-27T23:56:44","modified_gmt":"2023-05-27T21:56:44","slug":"alousseni-sanou-ministre-de-leconomie-et-des-finances-le-veritable-soldat-de-leconomie-malienne","status":"publish","type":"post","link":"https:\/\/nandi.info\/?p=13671","title":{"rendered":"Alousseni Sanou, ministre de l\u2019Economie et des finances : Le v\u00e9ritable \u201cSoldat\u201d de l\u2019\u00e9conomie malienne !"},"content":{"rendered":"\n<p><strong><em>S\u2019il y a un membre du gouvernement qui s\u2019est particuli\u00e8rement illustr\u00e9 durant cette Transition 2020, singuli\u00e8rement courant l\u2019ann\u00e9e 2022, c\u2019est bien le ministre de l\u2019Economie et des Finances, Alouss\u00e9ni Sanou, l\u2019homme qui a su contourner les effets des sanctions de la C\u00e9d\u00e9ao contre le Mali, et qui a m\u00eame r\u00e9ussi \u00e0 faire d\u00e9mentir, de par ses talents, certains chefs d\u2019Etat qui ne lui donnaient que quatre semaines (entre janvier et f\u00e9vrier 2022) pour que le Mali s\u2019effondre. Gr\u00e2ce \u00e0 son efficacit\u00e9 dans les n\u00e9gociations avec les partenaires bilat\u00e9raux et la mobilisation des ressources int\u00e9rieures ces derni\u00e8res ann\u00e9es, le locataire de l\u2019h\u00f4tel des Finances a su maintenir le pays \u00e0 flot dans un contexte de grande adversit\u00e9 sous r\u00e9gional et r\u00e9gional et de crise multidimensionnelle nationale et mondiale.<\/em><\/strong><\/p>\n\n\n\n<p><strong>Bourreau de la C\u00e9d\u00e9ao !<\/strong><\/p>\n\n\n\n<p class=\"has-drop-cap\">Contourner les effets des sanctions de la C\u00e9d\u00e9ao contre le Mali ? Tel \u00e9tait le d\u00e9fi majeur impos\u00e9 au d\u00e9partement de l\u2019Economie et des Finances par des chefs d\u2019Etat visiblement t\u00e9l\u00e9guid\u00e9s par une puissance occidentale. Ceux-ci ne lui donnaient plus d\u2019un mois (d\u00e9but janvier \u00e0 d\u00e9but f\u00e9vrier 2022) pour que le Mali abdique, s\u2019effondre ou sombre dans un autre coup de force militaire. Dieu ne les entendra pas, et cela gr\u00e2ce aux efforts du titulaire du portefeuille.<\/p>\n\n\n\n<p>Alouss\u00e9ni Sanou ne cesse, en effet, d\u2019entreprendre des efforts d\u2019am\u00e9lioration de la gouvernance, de la gestion des finances publiques et des r\u00e9formes dans le cadre de la mobilisation des recettes fiscales. A ce jour, la t\u00e9l\u00e9-d\u00e9claration fiscale est d\u00e9j\u00e0 disponible pour un \u00e9chantillon de grands contribuables. Il aura ainsi r\u00e9ussi \u00e0 r\u00e9aliser des \u00e9conomies dans le budget 2021 de l\u2019ordre de 100,999 milliards de F CFA. Des \u00e9conomies qui ont ainsi permis d\u2019affecter des ressources suppl\u00e9mentaires aux secteurs de d\u00e9fenses militaires (71,127 milliards de F CFA) ; entretien d\u2019urgence routier de Bamako (5,0 milliards de F CFA) ; r\u00e9habilitation des \u00e9coles (5,172 milliards de F CFA), sant\u00e9 (4,7 milliards de F CFA) ; assainissement et sport (5 milliards de F CFA) ; et d\u00e9penses sociales (10 milliards de F CFA).<\/p>\n\n\n\n<p>Faisant le bilan de l\u2019activit\u00e9 du Mali sur le march\u00e9 financier r\u00e9gional de l\u2019ann\u00e9e 2022, le ministre de l\u2019Economie et des Finances reconnait qu\u2019il a \u00e9t\u00e9 marqu\u00e9 par un contexte assez particulier et difficile, avec des sanctions de la C\u00e9d\u00e9ao et de l\u2019U\u00e9moa, qui ont eu des impacts n\u00e9gatifs sur les objectifs de mobilisation de ressources sur le march\u00e9 financier, comme aime \u00e0 le rappeler \u00e0 certaines occasions le directeur national du tr\u00e9sor et de la comptabilit\u00e9 publique, sans oublier les effets r\u00e9siduels de la Covid-19 et les impacts de la crise en Ukraine qui ont engendr\u00e9 une hausse du niveau g\u00e9n\u00e9ral des prix.<\/p>\n\n\n\n<p><strong><em>\u201cMalgr\u00e9 ces difficult\u00e9s, l\u2019\u00e9conomie malienne est rest\u00e9e solide en 2022 avec une \u00e9volution favorable des principaux indicateurs \u00e9conomiques et financiers : un taux de croissance de 3,7 % contre 3,1 % et -1,2 % en 2021 et 2020, un taux d\u2019inflation dans la moyenne de la sous-r\u00e9gion ressorti \u00e0 6 %, un taux de ch\u00f4mage parmi les meilleurs de la sous-r\u00e9gion \u00e0 6,5 %, un taux de d\u00e9ficit budg\u00e9taire de 4,7 % contre 4,7 % et 5,5 % en 2021 et 2020. De m\u00eame, le Tr\u00e9sor a mobilis\u00e9 sur le march\u00e9 financier r\u00e9gional pr\u00e8s de 786 milliards F CFA n\u00e9cessaires \u00e0 la couverture des besoins de tr\u00e9sorerie et au financement des investissements structurants indispensables \u00e0 la croissance et au d\u00e9veloppement \u00e9conomiques du Mali\u201d,<\/em><\/strong>&nbsp;a d\u00e9clar\u00e9 le ministre de l\u2019Economie et des Finances lors du lancement du calendrier d\u2019\u00e9mission de titres publics pour l\u2019ann\u00e9e 2023 le jeudi 23 f\u00e9vrier 2023 \u00e0 Bamako en pr\u00e9sence du directeur national de la Bc\u00e9ao pour le Mali, le directeur adjoint d\u2019Umoa-Titres, charg\u00e9 de l\u2019int\u00e9rim ainsi des directeurs g\u00e9n\u00e9raux des banques, des soci\u00e9t\u00e9s de gestion et d\u2019interm\u00e9diation (SGI) et des compagnies d\u2019assurances.<\/p>\n\n\n\n<p><strong>1400 milliards F CFA&nbsp; de titres \u00e9mis pour 2023<\/strong><\/p>\n\n\n\n<p>Justement \u00e0 cette occasion, l\u2019on apprend que l\u2019agence Bloomfield, dans son rapport publi\u00e9 en f\u00e9vrier 2023, maintient la pr\u00e9c\u00e9dente note attribu\u00e9e au Mali, \u00e0 savoir : A3 \u00e0 court terme avec perspective stable et BBB \u00e0 long terme avec perspective stable.&nbsp;<strong><em>\u201cCela t\u00e9moigne que malgr\u00e9 la crise multidimensionnelle, les fondements de l\u2019\u00e9conomie malienne restent solides\u201d<\/em><\/strong>, dira Alouss\u00e9ni Sanou avant de lancer un appel aux investisseurs \u00e0 soutenir le financement ad\u00e9quat des besoins de l\u2019Etat malien, pour une croissance soutenue et durable.<\/p>\n\n\n\n<p>Le directeur adjoint d\u2019Umoa-Titres, charg\u00e9 de l\u2019int\u00e9rim, Banassi Ouattara (venu sp\u00e9cialement de Dakar pour la circonstance), a f\u00e9licit\u00e9 l\u2019Etat du Mali pour sa grande contribution pour le d\u00e9veloppement du march\u00e9 financier r\u00e9gional.<\/p>\n\n\n\n<p>Quant \u00e0 la pr\u00e9sidente de l\u2019Association professionnelle des banques et des \u00e9tablissements financiers du Mali, Mme Sidib\u00e9 A\u00efssatou Kon\u00e9, elle a rassur\u00e9 le ministre sur l\u2019engagement des banques maliennes \u00e0 souscrire aux \u00e9missions des titres publics. Elle a f\u00e9licit\u00e9 le ministre pour la bonne qualit\u00e9 du cadre de collaboration instaur\u00e9.<\/p>\n\n\n\n<p>En f\u00e9vrier 2023, le Mali levait plus de 1000 milliards de F CFA sur le march\u00e9 au titre de l\u2019U\u00e9moa, preuve que la signature du Mali b\u00e9n\u00e9ficie de la confiance des partenaires et investisseurs.<\/p>\n\n\n\n<p>En effet, le montant total des titres \u00e0 \u00e9mettre pour l\u2019ann\u00e9e 2023 s\u2019\u00e9l\u00e8ve \u00e0 mille quatre cent neuf (1409) milliards de F CFA dont 50 milliards de bons infra-annuels. Ce montant sera mobilis\u00e9 \u00e0 travers vingt-sept (27) \u00e9missions de titres publics dont deux (2) par syndication.<\/p>\n\n\n\n<p>La r\u00e9partition par instrument en valeur nominale est la suivante :<\/p>\n\n\n\n<p><strong>\u2013 Bons du Tr\u00e9sor :&nbsp;<\/strong>209 milliards F CFA ;<\/p>\n\n\n\n<p>\u2013&nbsp;<strong>Obligations du Tr\u00e9sor :<\/strong>&nbsp;1200 milliards FCFA. Avec comme rythme de :<\/p>\n\n\n\n<p>\u2013 Une \u00e9mission par adjudication tous les 15 jours, les mercredis avec un montant nominal compris entre 20 et 90 milliards FCFA ;<\/p>\n\n\n\n<p>\u2013 Deux \u00e9missions d\u2019emprunt obligataire par appel public \u00e0 l\u2019\u00e9pargne pour un montant total de 300 milliards FCFA.Il faut \u00eatre Alouss\u00e9ni Sanou pour le faire.<\/p>\n\n\n\n<p><strong>1766 milliards de FCFA de recettes int\u00e9rieures mobilis\u00e9es<\/strong><\/p>\n\n\n\n<p>Au plan national, le ministre de l\u2019Economie et des Finances, Alouss\u00e9ni Sanou n\u2019a pas failli, en d\u00e9passant tous les objectifs assign\u00e9s en 2022 dans la mobilisation des recettes budg\u00e9taires.<\/p>\n\n\n\n<p>Dans ce cadre, les services de l\u2019assiette et de recouvrement, \u00e0 savoir la direction g\u00e9n\u00e9rale des imp\u00f4ts (DGI), la direction g\u00e9n\u00e9rale des douanes (DGD) et la direction nationale des domaines (DND), plus la direction nationale du tr\u00e9sor et de la comptabilit\u00e9 publique (DNTPC) en structure de veille ont cumul\u00e9 plus de 1766 milliards de F CFA de recettes budg\u00e9taires au cours de l\u2019ann\u00e9e 2022 permettant \u00e0 l\u2019Etat de rester debout et de faire face \u00e0 ses engagements de tous ordres.<\/p>\n\n\n\n<p>Pour les remercier pour ces r\u00e9sultats obtenus dans un contexte tr\u00e8s contraignant et les inviter \u00e0 garder le cap pour cette ann\u00e9e 2023, le Premier ministre, Dr. Choguel Kokalla Ma\u00efga, a re\u00e7u en audience, le 27 mars 2023, \u00e0 la Primature, les diff\u00e9rents responsables de ces services. C\u2019\u00e9tait en pr\u00e9sence du ministre de l\u2019Economie et des Finances, Alouss\u00e9ni Sanou ; et son coll\u00e8gue en charge des Domaines, Pr. Br\u00e9hima Kam\u00e9na.<\/p>\n\n\n\n<p>Ce jour, le Premier ministre a tenu \u00e0 f\u00e9liciter et \u00e0 encourager ceux qu\u2019il a qualifi\u00e9s de soldats de l\u2019\u00e9conomie pour les efforts qu\u2019ils continuent de d\u00e9ployer afin de permettre \u00e0 l\u2019Etat de r\u00e9pondre \u00e0 ses engagements. Il s\u2019agit du directeur g\u00e9n\u00e9ral des imp\u00f4ts, Mathias Konat\u00e9, du directeur g\u00e9n\u00e9ral des douanes, Amadou Konat\u00e9, du directeur national des domaines, Abdoulaye Dicko et du directeur national du tr\u00e9sor et de la comptabilit\u00e9 publique, Boubacar Ben Bouill\u00e9 Ha\u00efdara.<\/p>\n\n\n\n<p>Au cours de cette rencontre, le Premier ministre, chef du Gouvernement a reconnu en ses interlocuteurs, ceux-l\u00e0 qui ont redonn\u00e9 au Mali sa souverainet\u00e9, avec les Forces de d\u00e9fense et de s\u00e9curit\u00e9, mais eux, ne sont pas visibles. C\u2019est pourquoi, Dr. Choguel Kokalla Ma\u00efga a tenu \u00e0 exprimer toute la reconnaissance de la nation \u00e0 ces responsables des services de l\u2019assiette que sont les imp\u00f4ts, la douane, les domaines et le Tr\u00e9sor.<\/p>\n\n\n\n<p>De leur c\u00f4t\u00e9, les acteurs de l\u2019\u00e9conomie se sont engag\u00e9s \u00e0 poursuivre les efforts.Notre h\u00e9ros du jour, le ministre de l\u2019Economie et de Finances Alouss\u00e9ni Sanou a invit\u00e9 ces responsables de services relevant de lui \u00e0 d\u00e9passer les objectifs.<\/p>\n\n\n\n<p>Pourtant, tout n\u2019\u00e9tait pas gagn\u00e9 d\u2019avance. Ce qui avait d\u2019ailleurs amen\u00e9 le Mali \u00e0 adopter le 17 ao\u00fbt 2022 la r\u00e9vision de son budget 2022 qui s\u2019\u00e9tablissait dor\u00e9navant en recettes \u00e0 1982,44 milliards FCFA et en d\u00e9penses \u00e0 2647,28 milliards FCFA. Comparativement \u00e0 la Loi de finances initiale, ce budget rectificatif enregistrait des baisses respectives de 148,3 milliards F CFA et 101,3 milliards FCFA en recettes et en d\u00e9penses. Selon le gouvernement, cette baisse du budget \u00e9tait \u00e0 attribuer au ralentissement de l\u2019activit\u00e9 \u00e9conomique et au recul des recettes fiscales, suite aux sanctions \u00e9conomiques et financi\u00e8res impos\u00e9es \u00e0 Bamako par la C\u00e9d\u00e9ao et l\u2019U\u00e9moa. Les services de recettes avaient donc du travail, parce que, malgr\u00e9 la r\u00e9vision \u00e0 la baisse de leurs objectifs de recettes, le contexte de crise multidimensionnelle restait toujours un handicap majeur de rentr\u00e9es d\u2019argent pour les Imp\u00f4ts, les Douanes, les Domaines et le Tr\u00e9sor.<\/p>\n\n\n\n<p>Malgr\u00e9 tout, \u00e0 l\u2019heure du bilan annuel, le satisf\u00e9cit \u00e9tait grand, les attentes ayant \u00e9t\u00e9 largement combl\u00e9es.<\/p>\n\n\n\n<p>Pour preuve, au 31 d\u00e9cembre 2022, la DGI a r\u00e9alis\u00e9&nbsp;<strong>992,436 milliards de F CFA, la DGD : 611,311 milliards de F CFA et la DND : 162,347 milliards de F CFA, soit au total 1766,094 milliards de F CFA.<\/strong>&nbsp;Si l\u2019on d\u00e9duit ce montant du budget annuel en recettes \u00e9tabli \u00e0 1982,44 milliards F CFA, il ne resterait qu\u2019un peu plus de 216 milliards \u00e0 collecter par l\u2019ensemble des autres services de recettes.<\/p>\n\n\n\n<p>La premi\u00e8re reconnaissance, pour accueillir ces performances fabuleuses, \u00e9tait justement venue du ministre de tutelle, avec des mots qui rendent fiers leurs destinataires. En effet, le 02 mars 2023, le ministre de l\u2019Economie et des Finances, Alouss\u00e9ni Tour\u00e9, a adress\u00e9 simultan\u00e9ment aux trois responsables des services de l\u2019assiette (DGI, DGD et DND), une lettre de f\u00e9licitation au contenu identique pour saluer les r\u00e9sultats atteints en 2022 et les exhorter \u00e0 plus d\u2019ardeur dans la traque aux recettes en cette ann\u00e9e 2023.<\/p>\n\n\n\n<p>En guise d\u2019exemple, voici le libell\u00e9 de la lettre adress\u00e9e au directeur g\u00e9n\u00e9ral des imp\u00f4ts :&nbsp;<strong><em>\u201cL\u2019examen du tableau d\u00e9finitif produit le 31 d\u00e9cembre 2022 par la direction nationale du tr\u00e9sor et de la comptabilit\u00e9 publique relativement aux encaissements et recouvrements de recettes budg\u00e9taires effectu\u00e9s au titre de l\u2019exercice 2022 m\u2019a permis de constater, avec une r\u00e9elle satisfaction, que la direction g\u00e9n\u00e9rale des Imp\u00f4ts a r\u00e9alis\u00e9, sous votre leadership, un montant de 992,436 milliards FCFA sur votre objectif assign\u00e9 de 986,940 milliards F CFA.<\/em><\/strong><\/p>\n\n\n\n<p><strong><em>Il en r\u00e9sulte un taux de r\u00e9alisation de plus de 101 % et un exc\u00e9dent de 5,496 milliards de F CFA.<\/em><\/strong><\/p>\n\n\n\n<p><strong><em>Je saisis cette occasion pour vous adresser mes sinc\u00e8res f\u00e9licitations. Je joins \u00e0 ce t\u00e9moignage du m\u00e9rite l\u2019ensemble des responsables et agents des diff\u00e9rents services relevant de la Direction g\u00e9n\u00e9rale des Imp\u00f4ts.<\/em><\/strong><\/p>\n\n\n\n<p><strong><em>Je voudrais \u00e9galement vous exhorter \u00e0 pers\u00e9v\u00e9rer dans cette voie qui, du reste, est la seule \u00e0 permettre le financement p\u00e9renne et durable des nombreuses et ambitieuses politiques publiques initi\u00e9es par le gouvernement et de relever les nombreux d\u00e9fis de l\u2019heure\u201d.<\/em><\/strong><\/p>\n\n\n\n<p>Dans cette embellie du bilan du ministre de l\u2019Economie et des Finances, Alouss\u00e9ni Sanou, n\u2019oublions pas la part du PMU-Mali et de son directeur g\u00e9n\u00e9ral Fassery Doumbia, un homme de confiance \u00e0 lui (ayant \u00e9t\u00e9 son chef de cabinet) nomm\u00e9 \u00e0 la mi-2021.<\/p>\n\n\n\n<p>En effet, courant l\u2019exercice 2021, la soci\u00e9t\u00e9 du Pari mutuel urbain du Mali (PMU-Mali) a r\u00e9alis\u00e9 un r\u00e9sultat exc\u00e9dentaire de 6,4 milliards de F CFA contre 2,4 milliards en en 2020, soit une hausse de 161 %. Explications ? Le chiffre d\u2019affaires a connu une forte progression, passant de 24 milliards en 2020 \u00e0 42 milliards en 2021, soit un accroissement de 73 %.<\/p>\n\n\n\n<p>Pendant la m\u00eame p\u00e9riode, il est constat\u00e9 davantage de ma\u00eetrise des charges. Fait rare pour \u00eatre not\u00e9 : on a enregistr\u00e9 une r\u00e9duction des charges d\u2019un milliard F CFA au bout de six mois, entre juin et d\u00e9cembre 2021.<\/p>\n\n\n\n<p>Au titre des imp\u00f4ts et taxes, le PMU-Mali a vers\u00e9 au Tr\u00e9sor public plus de 8,7 milliards de F CFA en 2021 contre 700 millions en 2020, soit une progression de 109,8 %. En 2022, le PMU-Mali a r\u00e9alis\u00e9 un b\u00e9n\u00e9fice record net de plus de 20 milliards FCFA contre 6 milliards FCFA en 2021. Qui dit mieux !<\/p>\n\n\n\n<p>Aujourd\u2019hui, le ministre Sanou sillonne les cinq continents, entre foras, conf\u00e9rences et visites, \u00e0 la recherche de financement de l\u2019\u00e9conomie malienne.<\/p>\n\n\n\n<p>C\u2019est dire qu\u2019Alouss\u00e9ni Sanou ma\u00eetrise son sujet.&nbsp;&nbsp;&nbsp;&nbsp;<strong>&nbsp;&nbsp;&nbsp;&nbsp;&nbsp;<\/strong><\/p>\n\n\n\n<p><strong>El Hadj A.B. HAIDARA<\/strong><\/p>\n\n\n\n<p><strong>Bio-express<\/strong><\/p>\n\n\n\n<p>N\u00e9 en 1964 \u00e0 Kati, Alouss\u00e9ni Sanou cumule une trentaine d\u2019ann\u00e9es d\u2019exp\u00e9riences professionnelles dans le domaine bancaire et financier et deux ann\u00e9es d\u2019exp\u00e9riences dans l\u2019\u00e9valuation \u00e9conomique des soci\u00e9t\u00e9s d\u2019Etat.<\/p>\n\n\n\n<p>Titulaire d\u2019une maitrise en sciences \u00e9conomiques obtenue \u00e0 Ecole nationale d\u2019administration du Mali en 1987, Alouss\u00e9ni Sanou a effectu\u00e9 plusieurs formations de sp\u00e9cialisation, entre autres, en contr\u00f4le de gestion (Tours\/France en 1995), de courtier en bourse (Institut canadien de Bourse \u00e0 Abidjan\/C\u00f4te d\u2019Ivoire en 1995), en mon\u00e9tique (Sopra Montpellier\/France en 2005) ou dans la mise en \u0153uvre de Bal\u00e9 II\/III (Cr\u00e9dit coop\u00e9ratif Paris\/France en 2015).<\/p>\n\n\n\n<p>Il a d\u00e9marr\u00e9 sa carri\u00e8re en 1987, en tant qu\u2019expert assistant charg\u00e9 de l\u2019\u00e9valuation de l\u2019Union laiti\u00e8re de Bamako (ULB-Mali Lait) et de l\u2019Organisation de l\u2019am\u00e9nagement de la production foresti\u00e8re (OAPF) dans le cadre du Programme d\u2019ajustement structurel renforc\u00e9 (PASR) de la Banque mondiale.<\/p>\n\n\n\n<p>En 1989, Alouss\u00e9ni Sanou acc\u00e8de au poste de chef des op\u00e9rations \u00e0 la Cifbail \u00e0 Abidjan (C\u00f4te d\u2019Ivoire).<\/p>\n\n\n\n<p>C\u2019est en 1991 qu\u2019il rejoindra la Banque nationale pour le d\u00e9veloppement agricole en tant que contr\u00f4leur de gestion. Il sera nomm\u00e9 chef du service tr\u00e9sorerie et op\u00e9rations internationales en 1997 pour se hisser au poste de directeur financier et comptable en juin 2006, poste qu\u2019il occupera jusqu\u2019\u00e0 sa nomination au poste de ministre de l\u2019Economie et des Finances du Mali par le d\u00e9cret n\u00b02020\/0074\/PT-RM du 5 octobre 2020 portant nomination des membres du gouvernement.<\/p>\n\n\n\n<p>Au cours de sa brillante carri\u00e8re, Alouss\u00e9ni Sanou assurera les int\u00e9rims du pr\u00e9sident directeur g\u00e9n\u00e9ral et du directeur g\u00e9n\u00e9ral de la BNDA entre 2017 et 2019.<\/p>\n\n\n\n<p>Il occupera \u00e9galement les fonctions de pr\u00e9sident du Groupe Projet Bal\u00e9 II\/III et du Plan comptable bancaire r\u00e9vis\u00e9 de la BNDA en 2016, repr\u00e9sentant de l\u2019Association professionnelle des banques et \u00e9tablissements financiers du Mali (APBEF) au sein de la Commission fiscale (regroupant l\u2019administration fiscale, les banques et le minist\u00e8re de l\u2019Economie et des finances du Mali) entre 2015 et 2017.<\/p>\n\n\n\n<p>Membre des diff\u00e9rents comit\u00e9s au sein de la BNDA (comit\u00e9 de direction, comit\u00e9 de risque, de strat\u00e9gie, des impay\u00e9s, ALM et de pilotage de projets) de 2005 \u00e0 2017, Alouss\u00e9ni Sanou est administrateur dans plusieurs structures telles que la Soci\u00e9t\u00e9 de gestion et d\u2019interm\u00e9diation (SGI-Mali SA), la Banque malienne de solidarit\u00e9 (BMS-SA).<\/p>\n\n\n\n<p>Expert en analyse \u00e9conomique, de viabilit\u00e9 et de rentabilit\u00e9 op\u00e9rationnelle, Alouss\u00e9ni Sanou a \u00e9galement men\u00e9 plusieurs n\u00e9gociations de contrats et de conventions aupr\u00e8s des partenaires techniques et financiers en faveur de l\u2019\u00e9conomie nationale.<\/p>\n\n\n\n<p>Mari\u00e9 et p\u00e8re de quatre enfants, Alouss\u00e9ni Sanou parle fran\u00e7ais, anglais et bambara. Il est passionn\u00e9 de voyage, de lecture et de volley-ball.\u00a0\u00a0 \u00a0\u00a0\u00a0\u00a0\u00a0\u00a0\u00a0\u00a0\u00a0\u00a0\u00a0\u00a0\u00a0\u00a0\u00a0\u00a0\u00a0\u00a0\u00a0\u00a0\u00a0\u00a0\u00a0\u00a0\u00a0\u00a0\u00a0\u00a0\u00a0\u00a0\u00a0\u00a0\u00a0\u00a0\u00a0\u00a0\u00a0\u00a0\u00a0\u00a0\u00a0\u00a0\u00a0\u00a0\u00a0\u00a0\u00a0\u00a0\u00a0\u00a0\u00a0\u00a0\u00a0\u00a0\u00a0\u00a0\u00a0\u00a0\u00a0\u00a0\u00a0\u00a0\u00a0\u00a0\u00a0\u00a0\u00a0\u00a0\u00a0\u00a0\u00a0\u00a0\u00a0\u00a0\u00a0\u00a0\u00a0\u00a0\u00a0\u00a0\u00a0\u00a0\u00a0\u00a0\u00a0\u00a0\u00a0\u00a0\u00a0\u00a0\u00a0\u00a0\u00a0\u00a0\u00a0\u00a0\u00a0\u00a0\u00a0\u00a0\u00a0\u00a0\u00a0\u00a0\u00a0\u00a0\u00a0\u00a0\u00a0\u00a0\u00a0\u00a0\u00a0\u00a0\u00a0\u00a0\u00a0\u00a0\u00a0\u00a0\u00a0\u00a0\u00a0\u00a0\u00a0\u00a0\u00a0\u00a0\u00a0\u00a0\u00a0\u00a0<\/p>\n\n\n\n<p>\u00a0<strong>El Hadj A.B. HAIDARA<\/strong><\/p>\n","protected":false},"excerpt":{"rendered":"<p>S\u2019il y a un membre du gouvernement qui s\u2019est particuli\u00e8rement illustr\u00e9 durant cette Transition 2020, singuli\u00e8rement courant l\u2019ann\u00e9e 2022, c\u2019est bien le ministre de l\u2019Economie et des Finances, Alouss\u00e9ni Sanou,&hellip;<\/p>\n","protected":false},"author":1,"featured_media":11958,"comment_status":"open","ping_status":"closed","sticky":false,"template":"","format":"standard","meta":{"content-type":"","_lmt_disableupdate":"","_lmt_disable":"","_jetpack_memberships_contains_paid_content":false,"footnotes":"","jetpack_publicize_message":"","jetpack_publicize_feature_enabled":true,"jetpack_social_post_already_shared":true,"jetpack_social_options":{"image_generator_settings":{"template":"highway","default_image_id":0,"font":"","enabled":false},"version":2}},"categories":[19,30],"tags":[],"class_list":["post-13671","post","type-post","status-publish","format-standard","has-post-thumbnail","hentry","category-aujourdhui-mali","category-economie"],"jetpack_publicize_connections":[],"featured_image_urls":{"full":"","thumbnail":"","medium":"","medium_large":"","large":"","1536x1536":"","2048x2048":"","penci-recipe-1200x1200":"","penci-recipe-1200x900":"","penci-recipe-1200x675":"","penci-single-full":"","penci-slider-full-thumb":"","penci-full-thumb":"","penci-slider-thumb":"","penci-magazine-slider":"","penci-thumb":"","penci-masonry-thumb":"","penci-thumb-square":"","penci-thumb-vertical":"","penci-thumb-small":""},"author_info":{"display_name":"Nandi","author_link":"https:\/\/nandi.info\/?author=1"},"category_info":"<a href=\"https:\/\/nandi.info\/?cat=19\" rel=\"category\">Aujourd\u2019hui Mali<\/a> <a href=\"https:\/\/nandi.info\/?cat=30\" rel=\"category\">Economie<\/a>","tag_info":"Economie","comment_count":"0","jetpack_featured_media_url":"","jetpack_sharing_enabled":true,"_links":{"self":[{"href":"https:\/\/nandi.info\/index.php?rest_route=\/wp\/v2\/posts\/13671","targetHints":{"allow":["GET"]}}],"collection":[{"href":"https:\/\/nandi.info\/index.php?rest_route=\/wp\/v2\/posts"}],"about":[{"href":"https:\/\/nandi.info\/index.php?rest_route=\/wp\/v2\/types\/post"}],"author":[{"embeddable":true,"href":"https:\/\/nandi.info\/index.php?rest_route=\/wp\/v2\/users\/1"}],"replies":[{"embeddable":true,"href":"https:\/\/nandi.info\/index.php?rest_route=%2Fwp%2Fv2%2Fcomments&post=13671"}],"version-history":[{"count":0,"href":"https:\/\/nandi.info\/index.php?rest_route=\/wp\/v2\/posts\/13671\/revisions"}],"wp:featuredmedia":[{"embeddable":true,"href":"https:\/\/nandi.info\/index.php?rest_route=\/"}],"wp:attachment":[{"href":"https:\/\/nandi.info\/index.php?rest_route=%2Fwp%2Fv2%2Fmedia&parent=13671"}],"wp:term":[{"taxonomy":"category","embeddable":true,"href":"https:\/\/nandi.info\/index.php?rest_route=%2Fwp%2Fv2%2Fcategories&post=13671"},{"taxonomy":"post_tag","embeddable":true,"href":"https:\/\/nandi.info\/index.php?rest_route=%2Fwp%2Fv2%2Ftags&post=13671"}],"curies":[{"name":"wp","href":"https:\/\/api.w.org\/{rel}","templated":true}]}}