{"id":13634,"date":"2023-05-25T17:43:04","date_gmt":"2023-05-25T15:43:04","guid":{"rendered":"https:\/\/nandi.info\/?p=13634"},"modified":"2023-05-25T17:43:04","modified_gmt":"2023-05-25T15:43:04","slug":"espoir-pour-la-democratie-et-la-republique-des-defis-a-relever-pour-preserver-lheritage-politique-de-soumaila-cisse","status":"publish","type":"post","link":"https:\/\/nandi.info\/?p=13634","title":{"rendered":"Espoir pour la D\u00e9mocratie et la R\u00e9publique : Des d\u00e9fis \u00e0 relever pour pr\u00e9server l\u2019h\u00e9ritage politique de Souma\u00efla Ciss\u00e9"},"content":{"rendered":"\n<p><strong>Apr\u00e8s le verdict de la Cour supr\u00eame, le 12 avril 2023, les observateurs s\u2019attendaient \u00e0 ce que les \u00abperdants\u00bb du bras de fer judiciaire entre les h\u00e9ritiers de feu Souma\u00efla Ciss\u00e9 prennent l\u2019initiative de fonder une nouvelle formation politique. Et ils n\u2019ont pas perdu leur temps puisque \u00abEspoir pour la R\u00e9publique et la D\u00e9mocratie\u00bb a \u00e9t\u00e9 port\u00e9 sur les fonts baptismaux le samedi dernier (20 mai 2023) par Pr. Salikou Sanogo est ses camarades, dont la veuve du fondateur de l\u2019URD, Mme Ciss\u00e9 Assitan Traor\u00e9. Mais, il ne manque de d\u00e9fis \u00e0 surmonter pour poursuivre le combat politique de \u00abSoumi Champion\u00bb&nbsp;!<\/strong><\/p>\n\n\n\n<p class=\"has-drop-cap\">Maintenir haut le flambeau de poursuivre le combat politique de feu Souma\u00efla Ciss\u00e9 jusqu\u2019\u00e0 la victoire&nbsp;!&nbsp; Telle est la volont\u00e9 qui anime Pr. Salikou Sanogo et ses camarades en cr\u00e9ant \u00ab<em>Espoir pour la D\u00e9mocratie et la R\u00e9publique<\/em>\u00bb (EDR). Une d\u00e9cision qui \u00e9tait tr\u00e8s attendue apr\u00e8s le verdict d\u00e9favorable de la Cour supr\u00eame dans le bras de fer judiciaire les opposant aux organisateurs du congr\u00e8s du 16 janvier 2022, en l\u2019occurrence Gouagnon et compagnie. Comprenant que le vin \u00e9tait d\u00e9j\u00e0 tir\u00e9, le clan naturellement plus proche de la famille de feu Souma\u00efla Ciss\u00e9 n\u2019a pas perdu son temps en conjecture.<\/p>\n\n\n\n<figure class=\"wp-block-image alignright is-resized\" id=\"attachment_3023092\"><a href=\"https:\/\/www.maliweb.net\/wp-content\/news\/images\/2023\/05\/EDR.jpg\" data-rel=\"penci-gallery-image-content\" ><img fetchpriority=\"high\" decoding=\"async\" src=\"https:\/\/www.maliweb.net\/wp-content\/news\/images\/2023\/05\/EDR.jpg\" alt=\"\" class=\"wp-image-3023092\" width=\"640\" height=\"480\"\/><\/a><figcaption>L\u2019atout principal d\u2019EDR est d\u2019\u00eatre soutenu par le comit\u00e9 des sages de l\u2019URD et la grande majorit\u00e9 des cadres qui \u00e9taient tr\u00e8s proches de feu Souma\u00efla Ciss\u00e9<\/figcaption><\/figure>\n\n\n\n<p>Lors d\u2019une rencontre le 16 avril 2023, Pr. Sanogo avait rappel\u00e9, \u00ab<em>nous avons l\u2019obligation d\u2019honorer la m\u00e9moire de Souma\u00efla Ciss\u00e9<\/em>\u00bb. D\u2019o\u00f9 l\u2019imp\u00e9rieuse n\u00e9cessit\u00e9 de cr\u00e9er un \u00ab<em>nouvel appareil politique dans le but de continuer le combat et de concr\u00e9tiser une vision ax\u00e9e sur la restauration de l\u2019espoir dans un Mali aujourd\u2019hui ballott\u00e9 dans tous les sens. Une conception qui avait \u00e9t\u00e9 inlassablement pr\u00each\u00e9 par le regrett\u00e9 Souma\u00efla Ciss\u00e9<\/em>\u00bb. Une proposition \u00e0 laquelle ont adh\u00e9r\u00e9 ses partisans. Une commission de r\u00e9daction des textes a ainsi \u00e9t\u00e9 mise sur place.<\/p>\n\n\n\n<p>Ainsi, samedi dernier (20 mai 2023), les projets de statuts et du r\u00e8glement int\u00e9rieur ont \u00e9t\u00e9 adopt\u00e9s par acclamation par l\u2019assembl\u00e9e g\u00e9n\u00e9rale constitutive. Et le nom \u00ab<em>Espoir pour la D\u00e9mocratie et la R\u00e9publique<\/em>\u00bb a \u00e9t\u00e9 accept\u00e9 pour la poursuite des id\u00e9aux du pr\u00e9sident Souma\u00efla Ciss\u00e9 avec comme devise : \u00ab<em>Travail-Justice-Solidarit\u00e9<\/em>\u00bb&nbsp;! Comme l\u2019a assur\u00e9 Moussa Sey Diallo, membre du Directoire provisoire, \u00ab<em>ce parti va se positionner tel un promoteur d\u2019espoir, un r\u00e9ceptacle d\u2019id\u00e9es innovatrices et un laboratoire pour une nouvelle g\u00e9n\u00e9ration de politiques qui veut b\u00e2tir un Mali qui gagne en harmonie avec les meilleurs des anciens<\/em>\u00bb.<\/p>\n\n\n\n<p>Ce nouveau d\u00e9part suscite beaucoup d\u2019enthousiasme dans le camp de ceux qui refusent d\u2019\u00eatre spoli\u00e9s de l\u2019h\u00e9ritage politique de Souma\u00efla Ciss\u00e9. Mais,&nbsp; nous savons tous qu\u2019il est facile de susciter l\u2019espoir que de le maintenir. M\u00eame s\u2019il est clair qu\u2019EDR n\u2019est pas cr\u00e9\u00e9 du n\u00e9ant. En effet, en termes de d\u2019influence politique, ses fondateurs (Pr. Salikou Sanogo, Mme Ciss\u00e9 Assitan Traor\u00e9, Me Boubacar Karamoko Coulibaly, Daouda Tour\u00e9, Bandiougou Bidia Doucour\u00e9, Mahamar Oumar Ma\u00efga, Moussa Sey Diallo, Me Demba Traor\u00e9, Mme Tour\u00e9 Babou Traor\u00e9, Mme Diarra, Lala Camara, Mme Diarra Aminata Thi\u00e9ro, Assa Diarra\u2026) n\u2019ont presque plus rien&nbsp; \u00e0 prouver sur la sc\u00e8ne politique nationale. Tout comme leur attachement \u00e0 l\u2019id\u00e9al politique de \u00ab<em>Soumi champion<\/em>\u00bb ne souffre d\u2019aucune contestation.<\/p>\n\n\n\n<p>N\u2019emp\u00eache que les d\u00e9fis sont \u00e9normes pour concr\u00e9tiser l\u2019espoir suscit\u00e9 en victoires politiques. A commencer par mieux occuper le terrain avant les prochaines \u00e9ch\u00e9ances politiques. Les leaders de la jeune chapelle en formation sont sans doute conscients qu\u2019ils seront tr\u00e8s attendus et les r\u00e9sultats r\u00e9alis\u00e9s seront sans doute, en dehors de l\u2019impact r\u00e9el de la division sur un h\u00e9ritage politique, les premiers vrais indicateurs de sa force r\u00e9elle, de sa capacit\u00e9 \u00e0 perp\u00e9tuer l\u2019\u0153uvre voire la vision et l\u2019id\u00e9al de feu Souma\u00efla Ciss\u00e9.<\/p>\n\n\n\n<p>Et nous savons qu\u2019une \u00e9lection n\u2019est jamais gagn\u00e9e d\u2019avance, surtout pour un jeune parti, m\u00eame si EDR peut compter sur une base non n\u00e9gligeable de l\u2019URD. Mais, il est clair que celle-ci n\u2019a pas aujourd\u2019hui la m\u00eame vitalit\u00e9 et mettra du temps \u00e0 retrouver son dynamisme apr\u00e8s la rupture consomm\u00e9e entre les clans. \u00ab<em>Le d\u00e9fi est \u00e9norme, mais, \u00e0 coeur vaillant, rien d\u2019impossible<\/em>\u00bb, nous rappelle un jeune cadre du parti. Prendre conscience du d\u00e9fi et de la n\u00e9cessit\u00e9 de mouiller le maillot pour le relever est sans doute un atout majeur qui peut conduire EDR tr\u00e8s loin dans sa conqu\u00eate politique&nbsp;!<\/p>\n\n\n\n<p><strong>Moussa Bolly<\/strong><\/p>\n","protected":false},"excerpt":{"rendered":"<p>Apr\u00e8s le verdict de la Cour supr\u00eame, le 12 avril 2023, les observateurs s\u2019attendaient \u00e0 ce que les \u00abperdants\u00bb du bras de fer judiciaire entre les h\u00e9ritiers de feu Souma\u00efla&hellip;<\/p>\n","protected":false},"author":1,"featured_media":13636,"comment_status":"open","ping_status":"closed","sticky":false,"template":"","format":"standard","meta":{"content-type":"","_lmt_disableupdate":"","_lmt_disable":"","_jetpack_memberships_contains_paid_content":false,"footnotes":"","jetpack_publicize_message":"","jetpack_publicize_feature_enabled":true,"jetpack_social_post_already_shared":true,"jetpack_social_options":{"image_generator_settings":{"template":"highway","default_image_id":0,"font":"","enabled":false},"version":2}},"categories":[23],"tags":[],"class_list":["post-13634","post","type-post","status-publish","format-standard","has-post-thumbnail","hentry","category-politique"],"jetpack_publicize_connections":[],"featured_image_urls":{"full":"","thumbnail":"","medium":"","medium_large":"","large":"","1536x1536":"","2048x2048":"","penci-recipe-1200x1200":"","penci-recipe-1200x900":"","penci-recipe-1200x675":"","penci-single-full":"","penci-slider-full-thumb":"","penci-full-thumb":"","penci-slider-thumb":"","penci-magazine-slider":"","penci-thumb":"","penci-masonry-thumb":"","penci-thumb-square":"","penci-thumb-vertical":"","penci-thumb-small":""},"author_info":{"display_name":"Nandi","author_link":"https:\/\/nandi.info\/?author=1"},"category_info":"<a href=\"https:\/\/nandi.info\/?cat=23\" rel=\"category\">Politique<\/a>","tag_info":"Politique","comment_count":"0","jetpack_featured_media_url":"","jetpack_sharing_enabled":true,"_links":{"self":[{"href":"https:\/\/nandi.info\/index.php?rest_route=\/wp\/v2\/posts\/13634","targetHints":{"allow":["GET"]}}],"collection":[{"href":"https:\/\/nandi.info\/index.php?rest_route=\/wp\/v2\/posts"}],"about":[{"href":"https:\/\/nandi.info\/index.php?rest_route=\/wp\/v2\/types\/post"}],"author":[{"embeddable":true,"href":"https:\/\/nandi.info\/index.php?rest_route=\/wp\/v2\/users\/1"}],"replies":[{"embeddable":true,"href":"https:\/\/nandi.info\/index.php?rest_route=%2Fwp%2Fv2%2Fcomments&post=13634"}],"version-history":[{"count":0,"href":"https:\/\/nandi.info\/index.php?rest_route=\/wp\/v2\/posts\/13634\/revisions"}],"wp:featuredmedia":[{"embeddable":true,"href":"https:\/\/nandi.info\/index.php?rest_route=\/"}],"wp:attachment":[{"href":"https:\/\/nandi.info\/index.php?rest_route=%2Fwp%2Fv2%2Fmedia&parent=13634"}],"wp:term":[{"taxonomy":"category","embeddable":true,"href":"https:\/\/nandi.info\/index.php?rest_route=%2Fwp%2Fv2%2Fcategories&post=13634"},{"taxonomy":"post_tag","embeddable":true,"href":"https:\/\/nandi.info\/index.php?rest_route=%2Fwp%2Fv2%2Ftags&post=13634"}],"curies":[{"name":"wp","href":"https:\/\/api.w.org\/{rel}","templated":true}]}}