{"id":13627,"date":"2023-05-25T17:33:50","date_gmt":"2023-05-25T15:33:50","guid":{"rendered":"https:\/\/nandi.info\/?p=13627"},"modified":"2023-05-25T17:33:50","modified_gmt":"2023-05-25T15:33:50","slug":"financement-du-terrorisme-au-sahel-la-rancon-de-la-liberation-dolivier-dubois-utilisee-par-le-gsim-pour-se-reequiper","status":"publish","type":"post","link":"https:\/\/nandi.info\/?p=13627","title":{"rendered":"Financement du terrorisme au Sahel : La ran\u00e7on de la lib\u00e9ration d\u2019Olivier Dubois utilis\u00e9e par le GSIM pour se r\u00e9\u00e9quiper ?"},"content":{"rendered":"\n<p><strong>Kidnapp\u00e9 le 8 avril 2021 \u00e0 Gao, notre confr\u00e8re fran\u00e7ais Olivier Dubois (qui aurait \u00e9t\u00e9 utilis\u00e9 comme app\u00e2t par Barkhane) a \u00e9t\u00e9 lib\u00e9r\u00e9 le lundi 20 mars 2023. Et depuis cette lib\u00e9ration (avec l\u2019otage am\u00e9ricain), on a constat\u00e9 une recrudescence des attaques terroristes dans le centre du Mali et au Burkina Faso. Selon des sources bien introduites, cela n\u2019est pas un fait du hasard car la ran\u00e7on pay\u00e9e pour la lib\u00e9ration du Fran\u00e7ais et de l\u2019Am\u00e9ricain ont renflou\u00e9 les caisses du Groupe de soutien \u00e0 l\u2019islam et aux musulmans (GSIM) d\u2019Iyad Ag Ghali qui \u00e9tait en difficult\u00e9 financi\u00e8re et logistique apr\u00e8s les s\u00e9rieux coup port\u00e9s \u00e0 son organisations et \u00e0 ses satellites par les Forces arm\u00e9es maliennes (FAMa).<\/strong><\/p>\n\n\n\n<p class=\"has-drop-cap\">Entre le 27 avril&nbsp; et le 20 mai 2023, plus de 800 motos (notamment de marque Apsonic) ont \u00e9t\u00e9 saisies dans le centre et le nord de notre pays. C\u2019est ainsi que le 20 mai 2023, un camion transportant des motos a pris feu sans que l\u2019on ne sache&nbsp; pourquoi. En effet, si certaines sources avaient accus\u00e9 (dans un premier temps) l\u2019arm\u00e9e d\u2019avoir utilis\u00e9 un drone pour d\u00e9truire la cargaison, d\u2019autres sources (op\u00e9rateurs \u00e9conomiques) ont plut\u00f4t soulign\u00e9 que le camion a pris feu de lui-m\u00eame. \u00ab<em>Il n\u2019a ni \u00e9t\u00e9 attaqu\u00e9 encore moins vis\u00e9 par une frappe de drone<\/em>\u00bb, a mentionn\u00e9 l\u2019un d\u2019entre eux.&nbsp; Le hic, c\u2019est qu\u2019on ne comprend pas la reprise soudaine du commerce des motos dans des zones o\u00f9 leur circulation est en partie interdite \u00e0 cause de l\u2019usage qui en est faite par les groupuscules terroristes.<\/p>\n\n\n\n<p>\u00ab<em>Ce n\u2019est pas un fait du hasard. Ces motos sont essentiellement command\u00e9es par des organisations terroristes \u00e0 travers souvent des interm\u00e9diaires au-dessus de tout soup\u00e7on<\/em>\u00bb, souligne une source au niveau du renseignement militaire.&nbsp; Selon des commer\u00e7ants, le co\u00fbt d\u2019une moto Apsonic sur le march\u00e9 r\u00e9gulier est d\u2019environ 475 000&nbsp; F CFA. Comment les Groupes arm\u00e9s terroristes (GAT) parviennent-ils \u00e0 payer ces motos&nbsp;? Si le trafic du b\u00e9tail enlev\u00e9 aux \u00e9leveurs du centre et du nord (pour \u00eatre revendu dans d\u2019autres villes du pays et dans des pays de la sous-r\u00e9gion) est aujourd\u2019hui source de revenus pour les GAT, ce sont surtout les ran\u00e7ons qui constituent une grosse part de leur budget.<\/p>\n\n\n\n<p>Un lien est donc vite fait entre la lib\u00e9ration de notre confr\u00e8re Olivier Dubois et la recrudescence des attaques dans le centre du Mali&nbsp;et dans les r\u00e9gions frontali\u00e8res du Burkina Faso avec notre pays. \u00ab<em>Avant la lib\u00e9ration d\u2019Olivier Dubois et de l\u2019humanitaire am\u00e9ricain Jeffery Woodke,&nbsp; le GSIM \u00e9tait confront\u00e9 \u00e0 d\u2019\u00e9normes difficult\u00e9s financi\u00e8res au point de ne plus pouvoir nourrir et payer les \u00e9l\u00e9ments des r\u00e9seaux affili\u00e9s. Sans compter les difficult\u00e9s logistiques li\u00e9es aux coups port\u00e9s par les FAMa qui ont d\u00e9truit beaucoup de ses bases avec des motos et des v\u00e9hicules. Mais, moins d\u2019un mois apr\u00e8s la lib\u00e9ration du journaliste fran\u00e7ais et de l\u2019humanitaire am\u00e9ricain, Iyad a repris ses attaques<\/em>\u00bb, a analys\u00e9 notre source au niveau du renseignement militaire.<\/p>\n\n\n\n<p>En effet, le GSIM a revendiqu\u00e9 l\u2019attaque de S\u00e9var\u00e9 qui a caus\u00e9 la mort d\u2019au moins 10 civils (plus de 60 bless\u00e9s et d\u2019importants d\u00e9g\u00e2ts mat\u00e9riels) le 22 avril 2023. Il a aussi revendiqu\u00e9 l\u2019attaque d\u2019un convoi logistique des FAMa le m\u00eame jour dans le nord-ouest du pays. Et ces derniers jours, il a d\u00e9clar\u00e9 avoir impos\u00e9 un blocus \u00e0 certaines localit\u00e9s coup\u00e9es d\u00e9sormais du reste du pays.<\/p>\n\n\n\n<p>Si peu d\u2019informations ont filtr\u00e9 sur les conditions de lib\u00e9ration d\u2019Olivier et de son compagnon de circonstance, nous savons aujourd\u2019hui l\u2019usage qui a \u00e9t\u00e9 fait de la ran\u00e7on pay\u00e9e officieusement. \u00ab<em>Nous avons assist\u00e9 \u00e0 une recrudescence des attaques au centre du Mali\u2026 apr\u00e8s la lib\u00e9ration d\u2019Olivier Dubois qui \u00e9tait retenu par le groupe terroriste Jamma\u2019t Al Islam Wal Muslimin&nbsp;<\/em>(JNIM\/GSIM)<em>. Il n\u2019y a pas de doute que la ran\u00e7on pay\u00e9e pour la lib\u00e9ration des otages a remis \u00e0 flot cette organisation terroriste en lui permettant de se doter des&nbsp; armes et des moyens de logistiques. La multiplication des saisies ou la destruction des motos attestent aussi cela<\/em>\u00bb, d\u00e9fend notre source. \u00ab<em>Les Forces de d\u00e9fense et de s\u00e9curit\u00e9 doivent redoubler de vigilance pour emp\u00eacher les commer\u00e7ants d\u2019approvisionner les GAT. En dehors des pertes humaines, chaque moto saisie est un s\u00e9rieux co\u00fbt port\u00e9 aux organisations terroristes, \u00e0 leurs finances<\/em>\u00bb, a-t-elle conclu.<\/p>\n\n\n\n<p>\u00ab<em>La guerre profite \u00e0 beaucoup de fils indignes qui se remplissent les poches. Et tant pis pour le pays et les familles endeuill\u00e9es<\/em>\u00bb, s\u2019est r\u00e9cemment offusqu\u00e9 un cadre du centre du pays \u00e0 juste raison. Mais, avec les \u00e9quipements r\u00e9cemment acquis, les Forces arm\u00e9es maliennes (FAMa) sont d\u00e9termin\u00e9es \u00e0 traquer ces ennemis de la patrie comme les r\u00e9seaux terroristes qui sont leurs partenaires d\u2019affaires.<\/p>\n\n\n\n<p><strong>Hachi Ciss\u00e9<\/strong><\/p>\n\n\n\n<p><strong>Le Matin<\/strong><\/p>\n","protected":false},"excerpt":{"rendered":"<p>Kidnapp\u00e9 le 8 avril 2021 \u00e0 Gao, notre confr\u00e8re fran\u00e7ais Olivier Dubois (qui aurait \u00e9t\u00e9 utilis\u00e9 comme app\u00e2t par Barkhane) a \u00e9t\u00e9 lib\u00e9r\u00e9 le lundi 20 mars 2023. Et depuis&hellip;<\/p>\n","protected":false},"author":1,"featured_media":13631,"comment_status":"open","ping_status":"closed","sticky":false,"template":"","format":"standard","meta":{"content-type":"","_lmt_disableupdate":"","_lmt_disable":"","_jetpack_memberships_contains_paid_content":false,"footnotes":"","jetpack_publicize_message":"","jetpack_publicize_feature_enabled":true,"jetpack_social_post_already_shared":true,"jetpack_social_options":{"image_generator_settings":{"template":"highway","default_image_id":0,"font":"","enabled":false},"version":2}},"categories":[49,53,21],"tags":[],"class_list":["post-13627","post","type-post","status-publish","format-standard","has-post-thumbnail","hentry","category-insecurite","category-le-matin","category-societe"],"jetpack_publicize_connections":[],"featured_image_urls":{"full":"","thumbnail":"","medium":"","medium_large":"","large":"","1536x1536":"","2048x2048":"","penci-recipe-1200x1200":"","penci-recipe-1200x900":"","penci-recipe-1200x675":"","penci-single-full":"","penci-slider-full-thumb":"","penci-full-thumb":"","penci-slider-thumb":"","penci-magazine-slider":"","penci-thumb":"","penci-masonry-thumb":"","penci-thumb-square":"","penci-thumb-vertical":"","penci-thumb-small":""},"author_info":{"display_name":"Nandi","author_link":"https:\/\/nandi.info\/?author=1"},"category_info":"<a href=\"https:\/\/nandi.info\/?cat=49\" rel=\"category\">Ins\u00e9curit\u00e9<\/a> <a href=\"https:\/\/nandi.info\/?cat=53\" rel=\"category\">Le Matin<\/a> <a href=\"https:\/\/nandi.info\/?cat=21\" rel=\"category\">Soci\u00e9t\u00e9<\/a>","tag_info":"Soci\u00e9t\u00e9","comment_count":"0","jetpack_featured_media_url":"","jetpack_sharing_enabled":true,"_links":{"self":[{"href":"https:\/\/nandi.info\/index.php?rest_route=\/wp\/v2\/posts\/13627","targetHints":{"allow":["GET"]}}],"collection":[{"href":"https:\/\/nandi.info\/index.php?rest_route=\/wp\/v2\/posts"}],"about":[{"href":"https:\/\/nandi.info\/index.php?rest_route=\/wp\/v2\/types\/post"}],"author":[{"embeddable":true,"href":"https:\/\/nandi.info\/index.php?rest_route=\/wp\/v2\/users\/1"}],"replies":[{"embeddable":true,"href":"https:\/\/nandi.info\/index.php?rest_route=%2Fwp%2Fv2%2Fcomments&post=13627"}],"version-history":[{"count":0,"href":"https:\/\/nandi.info\/index.php?rest_route=\/wp\/v2\/posts\/13627\/revisions"}],"wp:featuredmedia":[{"embeddable":true,"href":"https:\/\/nandi.info\/index.php?rest_route=\/"}],"wp:attachment":[{"href":"https:\/\/nandi.info\/index.php?rest_route=%2Fwp%2Fv2%2Fmedia&parent=13627"}],"wp:term":[{"taxonomy":"category","embeddable":true,"href":"https:\/\/nandi.info\/index.php?rest_route=%2Fwp%2Fv2%2Fcategories&post=13627"},{"taxonomy":"post_tag","embeddable":true,"href":"https:\/\/nandi.info\/index.php?rest_route=%2Fwp%2Fv2%2Ftags&post=13627"}],"curies":[{"name":"wp","href":"https:\/\/api.w.org\/{rel}","templated":true}]}}