{"id":13626,"date":"2023-05-25T17:16:46","date_gmt":"2023-05-25T15:16:46","guid":{"rendered":"https:\/\/nandi.info\/?p=13626"},"modified":"2023-05-25T17:16:46","modified_gmt":"2023-05-25T15:16:46","slug":"a-lhonneur-au-festival-de-cannes-2023-souleymane-cisse-denonce-le-mepris-de-la-distribution-occidentale-pour-le-cinema-africain","status":"publish","type":"post","link":"https:\/\/nandi.info\/?p=13626","title":{"rendered":"\u00a0A l\u2019honneur au festival de Cannes 2023 : Souleymane Ciss\u00e9 d\u00e9nonce le m\u00e9pris de la distribution occidentale pour le cin\u00e9ma africain"},"content":{"rendered":"\n<p class=\"has-drop-cap\">A l\u2019occasion de la 76e \u00e9dition du Festival de cin\u00e9ma de Cannes (du 16 au 27 mai 2023 sur la C\u00f4te d\u2019Azur en France) Souleymane Ciss\u00e9 a re\u00e7u le \u00abCarrosse d\u2019Or 2023\u00bb pour l\u2019ensemble de son \u0153uvre cin\u00e9matographique. Une distinction d\u00e9cern\u00e9e par la Soci\u00e9t\u00e9 des r\u00e9alisatrices et r\u00e9alisateurs de films (SRF) et qui lui a \u00e9t\u00e9 remise mercredi dernier (17 mai 2023) \u00e0 Cannes, en marge du festival ouvert la veille. Fid\u00e8le \u00e0 son engagement, cette l\u00e9gende du cin\u00e9ma a profit\u00e9 de l\u2019occasion pour appeler les jeunes cin\u00e9astes africains \u00e0 redoubler d\u2019efforts afin de r\u00e9aliser de belles \u0153uvres et pouvoir briser ce qu\u2019il appelle le m\u00e9pris de la distribution occidentale pour le cin\u00e9ma africain.<\/p>\n\n\n\n<p>Le \u00abCarrosse d\u2019Or\u00bb ! Ce prestigieux prix, fond\u00e9 par la Soci\u00e9t\u00e9 des r\u00e9alisatrices et r\u00e9alisateurs de films (SRF), r\u00e9compense l\u2019ensemble d\u2019une carri\u00e8re pour son originalit\u00e9, son courage et sa rigueur dans la mise en sc\u00e8ne et la production. Et le troph\u00e9e 2023 a \u00e9t\u00e9 d\u00e9cern\u00e9 au grand r\u00e9alisateur Souleymane Ciss\u00e9 mercredi dernier (17 mai 2023) en marge de la 76e \u00e9dition du Festival de cin\u00e9ma de Cannes (16 au 27 mai 2023).<\/p>\n\n\n\n<p>Apr\u00e8s le s\u00e9n\u00e9galais Ousmane Semb\u00e8ne (1er janvier 1923-9 juin 2007), dont on c\u00e9l\u00e8bre cette ann\u00e9e le centenaire, Souleymane Ciss\u00e9 est le deuxi\u00e8me cin\u00e9aste africain \u00e0 remporter cette r\u00e9compense. Avec \u00e0 son actif plusieurs courts, moyens et longs m\u00e9trages, les \u00abFilms CISS\u00c9\u00bb (une soci\u00e9t\u00e9 de production) et de nombreuses participations aux diff\u00e9rents rendez-vous du cin\u00e9ma, dont le Festival de Cannes (plusieurs prix prestigieux remport\u00e9s) et le FESPACO (deux fois laur\u00e9at de l\u2019Etalon d\u2019Or Yennenga), Souleymane Ciss\u00e9 est aujourd\u2019hui un monstre sacr\u00e9 du cin\u00e9ma.<\/p>\n\n\n\n<p>\u00abDen Muso\u00bb, \u00abBaara\u00bb, \u00abFiny\u00e8\u00bb (Le vent), \u00abYeelen\u00bb (La lumi\u00e8re)\u2026 et r\u00e9cemment \u00abO Ka\u00bb\u2026 Autant de chefs d\u2019\u0153uvres qui lui conf\u00e8rent cette renomm\u00e9e mondiale et qui ont contribu\u00e9 ind\u00e9niablement au rayonnement de la culture malienne dans le monde. A la c\u00e9r\u00e9monie de remise, Souleymane Ciss\u00e9 \u00e9tait entour\u00e9 de ses amis, de ses collaborateurs et de sa famille, notamment sa fille Fatou Ciss\u00e9 qui suit ses traces et qui lui a rendu hommage \u00e0 travers l\u2019\u0153uvre baptis\u00e9e \u00abHommage d\u2019une fille \u00e0 son p\u00e8re\u00bb. Il s\u2019agit d\u2019un film documentaire qui brosse le portrait de son p\u00e8re et qui a \u00e9t\u00e9 pr\u00e9sent\u00e9 lors de la 75e \u00e9dition du Festival de Cannes dans la cat\u00e9gorie \u00abCannes Classic\u00bb.<\/p>\n\n\n\n<p>Se donner la main et travailler dur pour briser le m\u00e9pris de la distribution occidentale \u00e0 l\u2019\u00e9gard des \u0153uvres africaines<\/p>\n\n\n\n<p>Le franc-parler de Souleymane Ciss\u00e9, on le sait, n\u2019a d\u2019\u00e9gal que son humour. On aurait donc \u00e9t\u00e9 surpris qu\u2019il se contente de recevoir sa distinction et retourner dans l\u2019ombre sans envoyer un message \u00e0 la famille du 7e art africain et au reste du monde. Mais, nous avons \u00e9t\u00e9 bien servis et c\u2019est la distribution occidentale qui en a fait les frais. \u00abJe ne pense pas que je puisse donner de le\u00e7ons \u00e0 la nouvelle g\u00e9n\u00e9ration. Mais, nous avons tous int\u00e9r\u00eat \u00e0 faire avancer le cin\u00e9ma. Je suis convaincu que quand ils (jeunes r\u00e9alisateurs du continent) feront de tr\u00e8s bon films, cette censure au niveau de la distribution va se briser\u00bb, a confi\u00e9 Solo \u00e0 la presse apr\u00e8s avoir re\u00e7u son troph\u00e9e.<\/p>\n\n\n\n<p>\u00abCette censure occidentale au niveau de la distribution, elle est tr\u00e8s grave parce que c\u2019est un m\u00e9pris\u2026 Au niveau des distributeurs, il y a des films qu\u2019on peut voir dans les salles ici en Europe. Mais, on ne leur donne pas cette opportunit\u00e9 tout simplement pour ne pas mettre \u00e0 la m\u00eame hauteur l\u2019image de l\u2019Afrique avec les autres. Et c\u2019est dommage\u00bb, a d\u00e9plor\u00e9 le talentueux r\u00e9alisateur.<\/p>\n\n\n\n<p>Et de poursuivre, \u00able temps jugera ! Cela fait 50 ans que nous essayons de faire des films de qualit\u00e9, mais jamais on ne les voit sur les \u00e9crans ailleurs. J\u2019ai eu la chance d\u2019avoir feu Claude Berri (surnomm\u00e9 le \u00abDernier Nabab\u00bb ou le \u00abParrain\u00bb du cin\u00e9ma fran\u00e7ais, il est consid\u00e9r\u00e9 comme l\u2019un des grands r\u00e9alisateurs et producteurs de films) qui a fait que Yeelen (La Lumi\u00e8re) est pass\u00e9 dans des salles en Occident. Mais, beaucoup d\u2019autres n\u2019ont pas eu cette chance\u00bb. R\u00e9alis\u00e9e par le prodige de Niamina entre 1984 et 1987, ce film est sorti en 1987. La m\u00eame ann\u00e9e, ce chef-d\u2019\u0153uvre (Yeelen) a re\u00e7u le Prix du Jury au Festival de Cannes.<\/p>\n\n\n\n<p>Pour Souleymane Ciss\u00e9, Claude Berri et J\u00e9r\u00f4me Seydoux ont r\u00e9ellement pris \u00able risque de distribuer des films venus d\u2019Afrique noire. Ce qui \u00e9tait loin d\u2019\u00eatre une \u00e9vidence \u00e0 l\u2019\u00e9poque et, sans doute, encore aujourd\u2019hui\u00bb. Le tr\u00e8s engag\u00e9 r\u00e9alisateur a donc profit\u00e9 de cette prestigieuse tribune pour toucher du doigt la sous-exposition du cin\u00e9ma africain. \u00abUn impair que le Festival de Cannes revendique d\u2019avoir quelque peu corrig\u00e9 pour sa 76e \u00e9dition\u00bb, a soulign\u00e9 un critique.<\/p>\n\n\n\n<p>A noter que notre Mission diplomatique et consulaire \u00e0 Paris (France) a f\u00e9licit\u00e9 Souleymane Ciss\u00e9 pour ce \u00abnouveau troph\u00e9e, le Carrosse d\u2019Or\u00bb en rappelant que cela permet au r\u00e9alisateur de \u00abbriller une nouvelle fois et faire briller les couleurs du Mali au Festival de Cannes\u00bb !<\/p>\n\n\n\n<p>Moussa Bolly<\/p>\n","protected":false},"excerpt":{"rendered":"<p>A l\u2019occasion de la 76e \u00e9dition du Festival de cin\u00e9ma de Cannes (du 16 au 27 mai 2023 sur la C\u00f4te d\u2019Azur en France) Souleymane Ciss\u00e9 a re\u00e7u le \u00abCarrosse&hellip;<\/p>\n","protected":false},"author":1,"featured_media":13628,"comment_status":"open","ping_status":"closed","sticky":false,"template":"","format":"standard","meta":{"content-type":"","_lmt_disableupdate":"","_lmt_disable":"","_jetpack_memberships_contains_paid_content":false,"footnotes":"","jetpack_publicize_message":"","jetpack_publicize_feature_enabled":true,"jetpack_social_post_already_shared":true,"jetpack_social_options":{"image_generator_settings":{"template":"highway","default_image_id":0,"font":"","enabled":false},"version":2}},"categories":[53,32],"tags":[],"class_list":["post-13626","post","type-post","status-publish","format-standard","has-post-thumbnail","hentry","category-le-matin","category-musique-art-et-culture"],"jetpack_publicize_connections":[],"featured_image_urls":{"full":"","thumbnail":"","medium":"","medium_large":"","large":"","1536x1536":"","2048x2048":"","penci-recipe-1200x1200":"","penci-recipe-1200x900":"","penci-recipe-1200x675":"","penci-single-full":"","penci-slider-full-thumb":"","penci-full-thumb":"","penci-slider-thumb":"","penci-magazine-slider":"","penci-thumb":"","penci-masonry-thumb":"","penci-thumb-square":"","penci-thumb-vertical":"","penci-thumb-small":""},"author_info":{"display_name":"Nandi","author_link":"https:\/\/nandi.info\/?author=1"},"category_info":"<a href=\"https:\/\/nandi.info\/?cat=53\" rel=\"category\">Le Matin<\/a> <a href=\"https:\/\/nandi.info\/?cat=32\" rel=\"category\">Musique Art et Culture<\/a>","tag_info":"Musique Art et Culture","comment_count":"0","jetpack_featured_media_url":"","jetpack_sharing_enabled":true,"_links":{"self":[{"href":"https:\/\/nandi.info\/index.php?rest_route=\/wp\/v2\/posts\/13626","targetHints":{"allow":["GET"]}}],"collection":[{"href":"https:\/\/nandi.info\/index.php?rest_route=\/wp\/v2\/posts"}],"about":[{"href":"https:\/\/nandi.info\/index.php?rest_route=\/wp\/v2\/types\/post"}],"author":[{"embeddable":true,"href":"https:\/\/nandi.info\/index.php?rest_route=\/wp\/v2\/users\/1"}],"replies":[{"embeddable":true,"href":"https:\/\/nandi.info\/index.php?rest_route=%2Fwp%2Fv2%2Fcomments&post=13626"}],"version-history":[{"count":0,"href":"https:\/\/nandi.info\/index.php?rest_route=\/wp\/v2\/posts\/13626\/revisions"}],"wp:featuredmedia":[{"embeddable":true,"href":"https:\/\/nandi.info\/index.php?rest_route=\/"}],"wp:attachment":[{"href":"https:\/\/nandi.info\/index.php?rest_route=%2Fwp%2Fv2%2Fmedia&parent=13626"}],"wp:term":[{"taxonomy":"category","embeddable":true,"href":"https:\/\/nandi.info\/index.php?rest_route=%2Fwp%2Fv2%2Fcategories&post=13626"},{"taxonomy":"post_tag","embeddable":true,"href":"https:\/\/nandi.info\/index.php?rest_route=%2Fwp%2Fv2%2Ftags&post=13626"}],"curies":[{"name":"wp","href":"https:\/\/api.w.org\/{rel}","templated":true}]}}