{"id":13582,"date":"2023-05-21T01:12:40","date_gmt":"2023-05-20T23:12:40","guid":{"rendered":"https:\/\/nandi.info\/?p=13582"},"modified":"2023-05-21T01:12:40","modified_gmt":"2023-05-20T23:12:40","slug":"le-directeur-general-de-lortm-hassane-baba-diombele-le-bal-de-costumes-traditionnels-est-une-maniere-pour-nous-de-celebrer-le-mali-culturel-culinaire-folklorique-dans-sa-pure-tr","status":"publish","type":"post","link":"https:\/\/nandi.info\/?p=13582","title":{"rendered":"Le directeur g\u00e9n\u00e9ral de l\u2019ORTM, Hassane Baba Diombel\u00e9 : \u201cLe bal de costumes traditionnels est une mani\u00e8re pour nous de c\u00e9l\u00e9brer le Mali culturel, culinaire, folklorique dans sa pure tradition\u201d"},"content":{"rendered":"\n<h2 class=\"wp-block-heading\"><strong>\u00abL\u2019\u00e9v\u00e9nement est pr\u00e9vu sur l\u2019Esplanade du CICB le vendredi 26 mai \u00e0 partir de 21 h\u00bb<\/strong><\/h2>\n\n\n\n<p class=\"has-drop-cap\"><strong>Aujourd\u2019hui Mali :<\/strong>&nbsp;<strong><em>Pourquoi apr\u00e8s tant d\u2019ann\u00e9e d\u2019arr\u00eat vous voulez relancer le bal des costumes traditionnels ?<\/em><\/strong><\/p>\n\n\n\n<p><strong>Hassane Baba Diomb\u00e9l\u00e9 :<\/strong>&nbsp;Le bal de costumes traditionnels \u00e9tait un \u00e9v\u00e9nement phare de l\u2019ORTM quand nous \u00e9tions jeunes et \u00e9tions au niveau de la Chaine 2. C\u2019\u00e9tait un grand \u00e9v\u00e9nement qu\u2019on organisait pour rassembler les jeunes autour de nos traditions en termes d\u2019habillement, de mets culinaires, de folklore. C\u2019\u00e9tait \u00e0 l\u2019\u00e9poque avec Alioune Ifra Ndiaye, le doyen Koly qui \u00e9tait le grand r\u00e9alisateur et les autres. Le premier num\u00e9ro de ce bal de costumes traditionnels, si ma m\u00e9moire ne me trahit pas, c\u2019\u00e9tait en 1997 \u00e0 l\u2019issue des jeux d\u2019invisibilit\u00e9 qu\u2019on organisait au niveau de la Chaine 2. A l\u2019\u00e9poque pour un coup d\u2019essai ce fut un coup de ma\u00eetre. Ainsi,&nbsp; nous avons pens\u00e9 cette ann\u00e9e au niveau de la direction g\u00e9n\u00e9rale de l\u2019ORTM, combiner l\u2019anniversaire de ORTM 2, pr\u00e9vu chaque ann\u00e9e le 31 d\u00e9cembre, et l\u2019anniversaire de la Chaine 2, le 22 mars pour en faire un grand \u00e9v\u00e8nement appel\u00e9 bal de costumes traditionnels ou&nbsp;<strong>\u201cY\u00e8r\u00e8 don chou\u201d<\/strong>&nbsp;en bambara. Nous organisons cette activit\u00e9 pour permettre \u00e0 la jeunesse malienne de faire un saut dans nos us et coutumes.<\/p>\n\n\n\n<p><strong><em>L\u2019\u00e9v\u00e9nement se tiendra quand et o\u00f9 ?<\/em><\/strong><\/p>\n\n\n\n<p>L\u2019activit\u00e9 est pr\u00e9vue sur l\u2019Esplanade du CICB en face du jet d\u2019eau le vendredi 26 mai \u00e0 partir de 21 h. Cette ann\u00e9e, nous avons pr\u00e9vu des plateaux. Il y aura la grande sc\u00e8ne pour permettre \u00e0 certains artistes de prester en l\u2019occurrence Abdoulaye Diabat\u00e9, Petit Gouro, Malik Dram\u00e9. Il y aura aussi des sc\u00e8nes annexes avec des artistes comme le groupe Tartit, les balafonnistes. Il est pr\u00e9vu aussi de la restauration avec des mets traditionnels que nous connaissons notamment du&nbsp;<strong>\u201cdjouka\u201d<\/strong>, du&nbsp;<strong>\u201cfari\u201d<\/strong>, du bissap, du gingembre.<\/p>\n\n\n\n<p>L\u2019innovation majeure, c\u2019est la lutte traditionnelle. Pour ce faire, un espace sera \u00e9rig\u00e9 et d\u00e9di\u00e9 \u00e0 cet effet avec des professionnels pour tenir en haleine le public. A l\u2019issue de cette comp\u00e9tition, des prix seront remis aux meilleurs lutteurs. Il y aura aussi le d\u00e9fil\u00e9 de mode avec la famille de feu Kandioura, pour rappel Kandioura s\u2019est distingu\u00e9 \u00e0 travers le monde avec la promotion de tenues vestimentaires traditionnelles.<\/p>\n\n\n\n<p>Aujourd\u2019hui son h\u00e9ritage est tenu par sa fille qui va nous proposer un d\u00e9fil\u00e9. Il est pr\u00e9vu beaucoup de surprises au niveau de la sc\u00e8ne. Sans oublier l\u2019exposition photo avec tout ce que l\u2019Amap et la Maison africaine de la photographie&nbsp; ont&nbsp; comme&nbsp; photos de 1960 \u00e0 nos jours. C\u2019est une cerise&nbsp; qui va agr\u00e9menter le g\u00e2teau pour nos t\u00e9l\u00e9spectateurs et auditeurs. L\u2019\u00e9v\u00e9nement sera en direct au niveau de la radio mais nous avons pr\u00e9vu une grande production au niveau de la t\u00e9l\u00e9.<\/p>\n\n\n\n<p><strong><em>Pour l\u2019occasion, l\u2019entr\u00e9e au CICB sera gratuite ou payante ?<\/em><\/strong><\/p>\n\n\n\n<p>L\u2019entr\u00e9e sera bien \u00e9videmment gratuite. D\u2019ailleurs c\u2019est l\u2019occasion pour nous d\u2019inviter le peuple \u00e0 se joindre \u00e0 nous pour cette activit\u00e9 que nous voulons populaire. Vous savez s\u2019il y a une fiert\u00e9 malienne que nous avons au fond de nous-m\u00eame c\u2019est cette appartenance \u00e0 la terre de nos anc\u00eatres. Le Dogon est fier de dire qu\u2019il est Dogon. Idem pour les Malink\u00e9s, Bobos\u2026 C\u2019est l\u2019occasion de d\u00e9montrer que nous sommes au 21e si\u00e8cle mais que nous n\u2019avons pas oubli\u00e9 d\u2019o\u00f9 nous venons. Aujourd\u2019hui nous parlons de Mali Kura, le Mali Kura c\u2019est aussi cela, il faut que nous nous replongions dans nos us et coutumes. En clair, nous voulons c\u00e9l\u00e9brer le Mali culturel, culinaire, folklorique dans sa pure tradition.<\/p>\n\n\n\n<p><strong><em>Est-ce qu\u2019\u00e0 partir de cette pr\u00e9sente \u00e9dition nous pouvons dire que c\u2019est parti de bon pour la p\u00e9rennisation de cette initiative ?<\/em><\/strong><\/p>\n\n\n\n<p>On l\u2019esp\u00e8re bien. Nous allons essayer de p\u00e9renniser cette initiative parce que les \u00e9ditions pr\u00e9c\u00e9dentes nous avons vu que les Maliens sont fiers de montrer leur savoir-faire. Il faut le reconnaitre, organiser un tel \u00e9v\u00e9nement n\u2019est pas facile ; c\u2019est pourquoi il y a eu un moment ce temps d\u2019arr\u00eat, les gens se sont dispers\u00e9s, les initiateurs n\u2019\u00e9taient plus l\u00e0. Mais je pense que c\u2019est un \u00e9v\u00e8nement qu\u2019on doit p\u00e9renniser non pas seulement pour l\u2019ORTM mais pour l\u2019ensemble du peuple malien.<\/p>\n\n\n\n<p><strong><em>Organiser de tels \u00e9v\u00e9nements n\u00e9cessite forc\u00e9ment de gros moyens, est-ce que vous avez b\u00e9n\u00e9fici\u00e9 de l\u2019accompagnement des partenaires ?<\/em><\/strong><\/p>\n\n\n\n<p>Bien \u00e9videment nous sollicitons l\u2019appui des partenaires d\u2019ailleurs de tout le monde car c\u2019est un programme qui a un co\u00fbt. Nous offrons la possibilit\u00e9 aux annonceurs pendant le plateau de venir nous accompagner. Nous n\u2019avons pas suffisamment les moyens mais nous allons le faire in shaa Allah.<\/p>\n\n\n\n<p>Pour ce lancement, nous allons faire avec les moyens de bord et nous esp\u00e9rons que les \u00e9ditions futures vont nous permettre d\u2019aller plus loin. Pour l\u2019instant, nous lan\u00e7ons un appel pressent \u00e0 nos partenaires pour nous accompagner, c\u2019est un espace qu\u2019ils peuvent utiliser pour la visibilit\u00e9, le souvenir. Car ce jour-l\u00e0 nous aurons un Photoshop pour permettre aux gens de fixer le moment avec une s\u00e9quence photo. Je pense qu\u2019il y aura des tenues qui vont sortir de l\u2019ordinaire. C\u2019est l\u2019occasion de montrer toute la beaut\u00e9, toute la mosa\u00efque que nous avons dans notre culture.<\/p>\n\n\n\n<p><strong><em>Un mot de la fin ?<\/em><\/strong><\/p>\n\n\n\n<p>J\u2019appelle les fid\u00e8les auditeurs et t\u00e9l\u00e9spectateurs de l\u2019ORTM \u00e0 faire de cet \u00e9v\u00e9nement une activit\u00e9 phare et le rendez-vous c\u2019est le vendredi 26 mai au CICB en face du jet d\u2019eau, un grand espace que nous allons remplir pour montrer le savoir-faire culturel malien. C\u2019est l\u2019occasion d\u2019appeler tous ceux qui sont ancr\u00e9s dans cette culture de nous rejoindre.<\/p>\n\n\n\n<p><strong>&nbsp;&nbsp;&nbsp;&nbsp;&nbsp;&nbsp;&nbsp;&nbsp;&nbsp;&nbsp;&nbsp;&nbsp;&nbsp;&nbsp;&nbsp;&nbsp;&nbsp;&nbsp;&nbsp;&nbsp;&nbsp;&nbsp;&nbsp;&nbsp;&nbsp;&nbsp;&nbsp;&nbsp;&nbsp;&nbsp;&nbsp;&nbsp;&nbsp; Propos recueillis par Kassoum Th\u00e9ra<\/strong><\/p>\n","protected":false},"excerpt":{"rendered":"<p>\u00abL\u2019\u00e9v\u00e9nement est pr\u00e9vu sur l\u2019Esplanade du CICB le vendredi 26 mai \u00e0 partir de 21 h\u00bb Aujourd\u2019hui Mali :&nbsp;Pourquoi apr\u00e8s tant d\u2019ann\u00e9e d\u2019arr\u00eat vous voulez relancer le bal des costumes&hellip;<\/p>\n","protected":false},"author":1,"featured_media":13583,"comment_status":"open","ping_status":"closed","sticky":false,"template":"","format":"standard","meta":{"content-type":"","_lmt_disableupdate":"","_lmt_disable":"","_jetpack_memberships_contains_paid_content":false,"footnotes":"","jetpack_publicize_message":"","jetpack_publicize_feature_enabled":true,"jetpack_social_post_already_shared":true,"jetpack_social_options":{"image_generator_settings":{"template":"highway","default_image_id":0,"font":"","enabled":false},"version":2}},"categories":[19,32],"tags":[],"class_list":["post-13582","post","type-post","status-publish","format-standard","has-post-thumbnail","hentry","category-aujourdhui-mali","category-musique-art-et-culture"],"jetpack_publicize_connections":[],"featured_image_urls":{"full":"","thumbnail":"","medium":"","medium_large":"","large":"","1536x1536":"","2048x2048":"","penci-recipe-1200x1200":"","penci-recipe-1200x900":"","penci-recipe-1200x675":"","penci-single-full":"","penci-slider-full-thumb":"","penci-full-thumb":"","penci-slider-thumb":"","penci-magazine-slider":"","penci-thumb":"","penci-masonry-thumb":"","penci-thumb-square":"","penci-thumb-vertical":"","penci-thumb-small":""},"author_info":{"display_name":"Nandi","author_link":"https:\/\/nandi.info\/?author=1"},"category_info":"<a href=\"https:\/\/nandi.info\/?cat=19\" rel=\"category\">Aujourd\u2019hui Mali<\/a> <a href=\"https:\/\/nandi.info\/?cat=32\" rel=\"category\">Musique Art et Culture<\/a>","tag_info":"Musique Art et Culture","comment_count":"0","jetpack_featured_media_url":"","jetpack_sharing_enabled":true,"_links":{"self":[{"href":"https:\/\/nandi.info\/index.php?rest_route=\/wp\/v2\/posts\/13582","targetHints":{"allow":["GET"]}}],"collection":[{"href":"https:\/\/nandi.info\/index.php?rest_route=\/wp\/v2\/posts"}],"about":[{"href":"https:\/\/nandi.info\/index.php?rest_route=\/wp\/v2\/types\/post"}],"author":[{"embeddable":true,"href":"https:\/\/nandi.info\/index.php?rest_route=\/wp\/v2\/users\/1"}],"replies":[{"embeddable":true,"href":"https:\/\/nandi.info\/index.php?rest_route=%2Fwp%2Fv2%2Fcomments&post=13582"}],"version-history":[{"count":0,"href":"https:\/\/nandi.info\/index.php?rest_route=\/wp\/v2\/posts\/13582\/revisions"}],"wp:featuredmedia":[{"embeddable":true,"href":"https:\/\/nandi.info\/index.php?rest_route=\/"}],"wp:attachment":[{"href":"https:\/\/nandi.info\/index.php?rest_route=%2Fwp%2Fv2%2Fmedia&parent=13582"}],"wp:term":[{"taxonomy":"category","embeddable":true,"href":"https:\/\/nandi.info\/index.php?rest_route=%2Fwp%2Fv2%2Fcategories&post=13582"},{"taxonomy":"post_tag","embeddable":true,"href":"https:\/\/nandi.info\/index.php?rest_route=%2Fwp%2Fv2%2Ftags&post=13582"}],"curies":[{"name":"wp","href":"https:\/\/api.w.org\/{rel}","templated":true}]}}