{"id":13562,"date":"2023-05-21T00:52:43","date_gmt":"2023-05-20T22:52:43","guid":{"rendered":"https:\/\/nandi.info\/?p=13562"},"modified":"2023-05-21T00:52:43","modified_gmt":"2023-05-20T22:52:43","slug":"boulkassoumbougou-en-commune-i-bras-de-fer-entre-une-ecole-et-un-bar-autour-des-cameras-de-surveillance","status":"publish","type":"post","link":"https:\/\/nandi.info\/?p=13562","title":{"rendered":"Boulkassoumbougou en commune I : Bras de fer entre une \u00e9cole et un bar autour des cam\u00e9ras de surveillance"},"content":{"rendered":"\n<p class=\"has-drop-cap\">Les responsables de jeunes, des organisations de la soci\u00e9t\u00e9 civile, des parents d\u2019\u00e9l\u00e8ves de Boulkassoumbougou en Commune I \u00e9taient en d\u00e9but de semaine dans les locaux de l\u2019annexe du Complexe scolaire Mamadou Diarra dudit quartier afin d\u2019apporter tout leur soutien \u00e0 cet \u00e9tablissement scolaire assign\u00e9 en justice au Tribunal de la Commune I \u00e0 cause des cam\u00e9ras de surveillance qui troubleraient la qui\u00e9tude des clients de ce bar.<\/p>\n\n\n\n<p>Pour Moustaph Bocoum, pr\u00e9sident des parents d\u2019\u00e9l\u00e8ves, c\u2019est avec l\u2019autorisation de la mairie et des habitants que cette \u00e9cole a \u00e9t\u00e9 ouverte dans la rue o\u00f9 se trouve le bar en question. Mais selon lui, bien que le bar soit une activit\u00e9 g\u00e9n\u00e9ratrice de revenu, l\u2019\u00e9cole et l\u2019\u00e9ducation des enfants sont d\u00e9terminantes pour l\u2019avenir d\u2019un pays. C\u2019est pourquoi, a-t-il ajout\u00e9, ils n\u2019\u00e9taient pas contre une cohabitation avec ce lieu de plaisance.&nbsp;<em>\u201cCependant, c\u2019est le promoteur du bar qui ne veut pas nous voir et il nous a interpell\u00e9 devant la justice. Nous, parents d\u2019\u00e9l\u00e8ve nous ne pouvons accepter cela et prenons l\u2019opinion nationale et internationale \u00e0 t\u00e9moin\u201d<\/em>, a soutenu M. Bocoum.<\/p>\n\n\n\n<p>Pour Sinedian Coulibaly, parent d\u2019\u00e9l\u00e8ve membre du Conseil communal des jeunes, un comit\u00e9 de crise a \u00e9t\u00e9 mis sur place qui a rencontr\u00e9 les notabilit\u00e9s et les \u00e9lus locaux pour faire le point de la situation.&nbsp;<em>\u201cDe notre vivant, nous ne pouvons accepter qu\u2019une \u00e9cole soit ferm\u00e9e \u00e0 cause d\u2019un bar\u201d,<\/em>&nbsp;a averti le responsable de la jeunesse. Pour Salikou Simpara, un r\u00e9sident du quartier, l\u2019\u00e9cole et les parents d\u2019\u00e9l\u00e8ves b\u00e9n\u00e9ficient de tout leur soutien dans ce combat et ils ne vont jamais baisser les bras m\u00eame s\u2019ils vont rester derri\u00e8re la justice. Notons qu\u2019hier jeudi 18 les deux parties devraient se retrouver devant le Tribunal de la Commune I.<strong>&nbsp;&nbsp;&nbsp;&nbsp;&nbsp;&nbsp;&nbsp;&nbsp;&nbsp;&nbsp;&nbsp;&nbsp;&nbsp;&nbsp;&nbsp;&nbsp;&nbsp;&nbsp;&nbsp;&nbsp;&nbsp;&nbsp;&nbsp;&nbsp;&nbsp;&nbsp;&nbsp;&nbsp;&nbsp;&nbsp;&nbsp;&nbsp;&nbsp;&nbsp;&nbsp;&nbsp;&nbsp;&nbsp;&nbsp;&nbsp;&nbsp;&nbsp;&nbsp;&nbsp;&nbsp;&nbsp;&nbsp;&nbsp;&nbsp;&nbsp;&nbsp;&nbsp;&nbsp;&nbsp;&nbsp;&nbsp;&nbsp;&nbsp;&nbsp;&nbsp;&nbsp;&nbsp;<\/strong><\/p>\n\n\n\n<p><strong>\u00a0 K.THERA<\/strong><\/p>\n\n\n\n<p><strong>Aujourd&rsquo;hui Mali<\/strong><\/p>\n","protected":false},"excerpt":{"rendered":"<p>Les responsables de jeunes, des organisations de la soci\u00e9t\u00e9 civile, des parents d\u2019\u00e9l\u00e8ves de Boulkassoumbougou en Commune I \u00e9taient en d\u00e9but de semaine dans les locaux de l\u2019annexe du Complexe&hellip;<\/p>\n","protected":false},"author":1,"featured_media":6423,"comment_status":"open","ping_status":"closed","sticky":false,"template":"","format":"standard","meta":{"content-type":"","_lmt_disableupdate":"","_lmt_disable":"","_jetpack_memberships_contains_paid_content":false,"footnotes":"","jetpack_publicize_message":"","jetpack_publicize_feature_enabled":true,"jetpack_social_post_already_shared":true,"jetpack_social_options":{"image_generator_settings":{"template":"highway","default_image_id":0,"font":"","enabled":false},"version":2}},"categories":[25],"tags":[],"class_list":["post-13562","post","type-post","status-publish","format-standard","has-post-thumbnail","hentry","category-fait-divers"],"jetpack_publicize_connections":[],"featured_image_urls":{"full":"","thumbnail":"","medium":"","medium_large":"","large":"","1536x1536":"","2048x2048":"","penci-recipe-1200x1200":"","penci-recipe-1200x900":"","penci-recipe-1200x675":"","penci-single-full":"","penci-slider-full-thumb":"","penci-full-thumb":"","penci-slider-thumb":"","penci-magazine-slider":"","penci-thumb":"","penci-masonry-thumb":"","penci-thumb-square":"","penci-thumb-vertical":"","penci-thumb-small":""},"author_info":{"display_name":"Nandi","author_link":"https:\/\/nandi.info\/?author=1"},"category_info":"<a href=\"https:\/\/nandi.info\/?cat=25\" rel=\"category\">Fait Divers<\/a>","tag_info":"Fait Divers","comment_count":"0","jetpack_featured_media_url":"","jetpack_sharing_enabled":true,"_links":{"self":[{"href":"https:\/\/nandi.info\/index.php?rest_route=\/wp\/v2\/posts\/13562","targetHints":{"allow":["GET"]}}],"collection":[{"href":"https:\/\/nandi.info\/index.php?rest_route=\/wp\/v2\/posts"}],"about":[{"href":"https:\/\/nandi.info\/index.php?rest_route=\/wp\/v2\/types\/post"}],"author":[{"embeddable":true,"href":"https:\/\/nandi.info\/index.php?rest_route=\/wp\/v2\/users\/1"}],"replies":[{"embeddable":true,"href":"https:\/\/nandi.info\/index.php?rest_route=%2Fwp%2Fv2%2Fcomments&post=13562"}],"version-history":[{"count":0,"href":"https:\/\/nandi.info\/index.php?rest_route=\/wp\/v2\/posts\/13562\/revisions"}],"wp:featuredmedia":[{"embeddable":true,"href":"https:\/\/nandi.info\/index.php?rest_route=\/"}],"wp:attachment":[{"href":"https:\/\/nandi.info\/index.php?rest_route=%2Fwp%2Fv2%2Fmedia&parent=13562"}],"wp:term":[{"taxonomy":"category","embeddable":true,"href":"https:\/\/nandi.info\/index.php?rest_route=%2Fwp%2Fv2%2Fcategories&post=13562"},{"taxonomy":"post_tag","embeddable":true,"href":"https:\/\/nandi.info\/index.php?rest_route=%2Fwp%2Fv2%2Ftags&post=13562"}],"curies":[{"name":"wp","href":"https:\/\/api.w.org\/{rel}","templated":true}]}}