{"id":13508,"date":"2023-05-17T11:12:22","date_gmt":"2023-05-17T09:12:22","guid":{"rendered":"https:\/\/nandi.info\/?p=13508"},"modified":"2023-05-17T11:12:22","modified_gmt":"2023-05-17T09:12:22","slug":"exportation-massive-du-metal-jaune-et-retour-derisoire-des-devises-a-qui-profite-lor-malien","status":"publish","type":"post","link":"https:\/\/nandi.info\/?p=13508","title":{"rendered":"Exportation massive du m\u00e9tal jaune et retour d\u00e9risoire des devises : A qui profite l\u2019or malien?"},"content":{"rendered":"\n<p class=\"has-drop-cap\">L\u2019am\u00e9lioration de la gouvernance des ressources mini\u00e8res du Mali est une pr\u00e9occupation majeure des Maliens. Producteur industriel du m\u00e9tal jaune depuis la fin des ann\u00e9es 80 avec la mine d\u2019or de Syama, le Mali reste en queue de peloton des pays pauvres. Troisi\u00e8me producteur d\u2019or, le pays tire peu de b\u00e9n\u00e9fice du m\u00e9tal jaune, dont la part du lion revient aux soci\u00e9t\u00e9s \u00e9trang\u00e8res, tant la transparence est la chose la moins partag\u00e9e dans ce domaine. La quantit\u00e9 d\u2019or produite au Mali, son exportation et le rapatriement des devises font l\u2019objet d\u2019une opacit\u00e9 d\u00e9concertante et tout semble \u00e9chapper \u00e0 Bamako, depuis belle lurette. Sauf \u00e0 \u00eatre dans les secrets, l\u2019or ne brille que pour les Maliens. Les autorit\u00e9s de la transition suivant les recommandations des assises nationales de la Refondation (ANR) tenues du 27 au 30 d\u00e9cembre 2021, ont initi\u00e9 \u00abl\u2019Audit des Mines d\u2019or en activit\u00e9 au Mali\u00bb, dont le rapport a \u00e9t\u00e9 remis au pr\u00e9sident de la Transition, colonel Assimi Go\u00efta le 23 Mars 2023. Le contenu du rapport d\u2019audit a \u00e9t\u00e9 restitu\u00e9 en Conseil des ministres du 29 mars 2023, dont le communiqu\u00e9 fait \u00e9tat. Le Pr\u00e9sident de la Transition Assimi Go\u00efta a instruit l\u2019\u00e9laboration d\u2019un plan d\u2019action de mise en \u0153uvre des recommandations qui en sont issues.<\/p>\n\n\n\n<p>En organisant un point de presse, le 10 mai 2023, les responsables du Front pour l\u2019\u00e9mergence et le renouveau au Mali (FER-Mali) et de l\u2019Association pour la promotion et la valorisation des ressources min\u00e9rales (APVRM) dont respectivement Sory Ibrahima TRAORE et Djibril DIALLO ont lev\u00e9 un coin du voile sur \u00able rapport provisoire\u00bb de l\u2019Audit des Mines d\u2019or en activit\u00e9 au Mali.<\/p>\n\n\n\n<p>Selon ces conf\u00e9renciers, douze sur les quinze mines d\u2019or industrielles du Mali affirment fonctionner \u00e0 perte donc ne versent aucun dividende \u00e0 l\u2019Etat du Mali ; et certaine mine ont pu faire 15 ans d\u2019exploitation sans payer de dividendes \u00e0 l\u2019Etat, \u00e0 cause des clauses particuli\u00e8re de leur contrat, qui ne semblent laisser aucune place \u00e0 la n\u00e9gociation.<\/p>\n\n\n\n<p>Du rapport provisoire d\u2019audit des mines du Mali, il d\u00e9coule que pr\u00e8s de 2600 milliards de francs CFA n\u2019ont pas \u00e9t\u00e9 rapatri\u00e9s en produits d\u2019exportation de l\u2019or de 2019 \u00e0 2021, selon le dossier de presse remis aux journalistes. Cette situation financi\u00e8re \u00e9chapperait \u00e0 l\u2019\u00e9conomie malienne, au syst\u00e8me bancaire et elle est contraire \u00e0 la loi en mati\u00e8re d\u2019exportation, expliquent le dossier de presse remis aux journalistes. En 2021 sur un chiffre d\u2019affaires de pr\u00e8s de 1900 milliards de francs CFA, seulement 60 milliards de dividendes ont \u00e9t\u00e9 vers\u00e9s \u00e0 l\u2019Etat du Mali qui a aussi accord\u00e9 une exon\u00e9ration de 36 milliards de francs CFA, indiquent le document. Certaines soci\u00e9t\u00e9s mini\u00e8res en exploitation depuis plus de dix ans n\u2019ont jamais vers\u00e9 de dividende \u00e0 l\u2019Etat du Mali; seulement trois soci\u00e9t\u00e9s mini\u00e8res ont vers\u00e9 des dividendes \u00e0 l\u2019Etat du Mali en 2021; sur les dix derni\u00e8res ann\u00e9es seulement cinq soci\u00e9t\u00e9s mini\u00e8res ont vers\u00e9 des dividendes \u00e0 l\u2019Etat du Mali, pr\u00e9cise le document. Une Soci\u00e9t\u00e9 mini\u00e8re sur place n\u2019a pas vers\u00e9 de dividendes pendant quinze ann\u00e9es d\u2019exploitation cons\u00e9cutive, poursuit-il. \u00abPour un chiffre d\u2019affaires de 1904 milliards de francs CFA en 2021 seulement 3 milliards ont \u00e9t\u00e9 investis dans le d\u00e9veloppement communautaire, certaines soci\u00e9t\u00e9s mini\u00e8res n\u2019ont m\u00eame pas mis en place un budget pour le d\u00e9veloppement communautaire. Soit 0.15% du chiffre d\u2019affaires, alors que le Burkina est \u00e0 1% et la Guin\u00e9e 0.5%. En plus ce montant est d\u00e9pens\u00e9 par les soci\u00e9t\u00e9s elles-m\u00eames au Mali\u00bb, accusent les conf\u00e9renciers, qui poursuivent la charge: le fonds minier de d\u00e9veloppement local n\u2019est pas fonctionnel au m\u00e9pris des dispositions l\u00e9gales en R\u00e9publique du Mali. A toutes ces anomalies s\u2019ajoute : \u00abLe d\u00e9versement de pr\u00e8s de 32 Millions de tonnes de boue dans la carri\u00e8re de MORILA est entrain de peser sur l\u2019avenir de cette mine, car cela a pu condamner pr\u00e8s de 100 tonnes d\u2019or. Et pourtant les soci\u00e9t\u00e9s responsables de ces pratiques ont encore des int\u00e9r\u00eats dans ce pays. Beaucoup de soci\u00e9t\u00e9s exploitent leurs minerais sans investir dans une usine et cr\u00e9er des emplois. Or b\u00e9n\u00e9ficient-elles des avantages du code minier. En plus, beaucoup d\u2019entre elles ont r\u00e9ussi \u00e0 faire des modifications dans leurs contrats pendant les 30 derni\u00e8res ann\u00e9es et restent sur les anciens codes miniers plus juteux\u00bb, selon le conf\u00e9renciers de FER-Mali et de l\u2019APVRM.<\/p>\n\n\n\n<p>FER-Mali et l\u2019APVRM sont de ceux, qui depuis plus d\u2019une ann\u00e9e, ont r\u00e9clam\u00e9 une meilleure gouvernance des exploitations mini\u00e8res du Mali pour que l\u2019or du Mali puisse briller pour l\u2019ensemble des Maliens, ont-ils rappel\u00e9. \u00abDepuis plus d\u2019une ann\u00e9e nous avons soutenu que l\u2019exploitation de l\u2019or du Mali \u00e9chappe au contr\u00f4le du gouvernement malien\u00bb. Pour les conf\u00e9renciers, cet audit des mines par les autorit\u00e9s de la transition traduit un \u00abcourage politique qui permettra \u00e0 coup s\u00fbr d\u2019assainir un secteur aussi strat\u00e9gique et vital pour la souverainet\u00e9 \u00e9conomique et politique de notre pays\u00bb.<\/p>\n\n\n\n<p>Malgr\u00e9 que notre pays soit l\u2019un des plus grands producteurs d\u2019or au monde, troisi\u00e8me producteur africain pendant des d\u00e9cennies, notre pays ne dispose d\u2019aucune r\u00e9serve d\u2019or et reste l\u2019un des plus pauvres du monde, indiquent les conf\u00e9renciers. \u00abLa gouvernance de l\u2019exploitation des ressources mini\u00e8res dans notre pays est caract\u00e9ris\u00e9 par une opacit\u00e9 criminelle ;les retomb\u00e9es \u00e9conomiques des d\u00e9penses d\u2019exploitation des ressources mini\u00e8res du Mali \u00e9chappent aux op\u00e9rateurs \u00e9conomiques maliens donc \u00e0 l\u2019\u00e9conomie nationale du Mali ; l\u2019or du Mali est export\u00e9e de mani\u00e8re brut et raffin\u00e9 dans des conditions opaques \u00e0 l\u2019ext\u00e9rieur du Mali\u00bb, enchainent-ils.<\/p>\n\n\n\n<p>Selon ces conf\u00e9renciers, douze sur les quinze mines d\u2019or industrielles du Mali affirment fonctionner \u00e0 perte donc ne versent aucun dividende \u00e0 l\u2019Etat du Mali ; et certaine mine ont pu faire 15 ans d\u2019exploitation sans payer de dividendes \u00e0 l\u2019Etat, \u00e0 cause des clauses particuli\u00e8re de leur contrat, qui ne semblent laisser aucune place \u00e0 la n\u00e9gociation.<\/p>\n\n\n\n<p>FER-MALI et l\u2019APVRM qui constatent que toutes leurs revendications ont \u00e9t\u00e9 prises en compte par le rapport provisoire de l\u2019audit des mines du Mali, demandent au Gouvernement du Mali de \u00abdiligenter la finalisation dudit rapport dans un cadre participatif garantissant les droits de toutes les parties prenantes afin que l\u2019or du Mali brille enfin pour les Maliens\u00bb.<\/p>\n\n\n\n<p>On sait que lors du Conseil des ministres du 29 mars 2023, le Pr\u00e9sident de la Transition Assimi Go\u00efta a instruit l\u2019\u00e9laboration d\u2019un plan d\u2019action de mise en \u0153uvre des recommandations qui en sont issues. Ce plan d\u2019action sera articul\u00e9 autour d\u2019actions phares, que sont : la Cr\u00e9ation de 2 commissions dont une pour la n\u00e9gociation et\/ou la ren\u00e9gociation des Conventions mini\u00e8res et l\u2019autre pour le recouvrement des montants \u00e9lud\u00e9s, suivant un planning ; le Rapatriement au Mali des produits issus de l\u2019exportation de l\u2019or ; la Modification de l\u2019Ordonnance n\u00b02019-022\/P-RM du 27 septembre 2019 portant code minier ; l\u2019Acc\u00e9l\u00e9ration de la cr\u00e9ation des Fonds Miniers et l\u2019adoption du code de l\u2019environnement et du d\u00e9veloppement durable.<\/p>\n\n\n\n<p>B. Daou<\/p>\n\n\n\n<p>R\u00e9publicain Mali<\/p>\n","protected":false},"excerpt":{"rendered":"<p>L\u2019am\u00e9lioration de la gouvernance des ressources mini\u00e8res du Mali est une pr\u00e9occupation majeure des Maliens. Producteur industriel du m\u00e9tal jaune depuis la fin des ann\u00e9es 80 avec la mine d\u2019or&hellip;<\/p>\n","protected":false},"author":1,"featured_media":6286,"comment_status":"open","ping_status":"closed","sticky":false,"template":"","format":"standard","meta":{"content-type":"","_lmt_disableupdate":"","_lmt_disable":"","_jetpack_memberships_contains_paid_content":false,"footnotes":"","jetpack_publicize_message":"","jetpack_publicize_feature_enabled":true,"jetpack_social_post_already_shared":true,"jetpack_social_options":{"image_generator_settings":{"template":"highway","default_image_id":0,"font":"","enabled":false},"version":2}},"categories":[30,69,73],"tags":[],"class_list":["post-13508","post","type-post","status-publish","format-standard","has-post-thumbnail","hentry","category-economie","category-le-republicain-mali","category-mines-dor"],"jetpack_publicize_connections":[],"featured_image_urls":{"full":"","thumbnail":"","medium":"","medium_large":"","large":"","1536x1536":"","2048x2048":"","penci-recipe-1200x1200":"","penci-recipe-1200x900":"","penci-recipe-1200x675":"","penci-single-full":"","penci-slider-full-thumb":"","penci-full-thumb":"","penci-slider-thumb":"","penci-magazine-slider":"","penci-thumb":"","penci-masonry-thumb":"","penci-thumb-square":"","penci-thumb-vertical":"","penci-thumb-small":""},"author_info":{"display_name":"Nandi","author_link":"https:\/\/nandi.info\/?author=1"},"category_info":"<a href=\"https:\/\/nandi.info\/?cat=30\" rel=\"category\">Economie<\/a> <a href=\"https:\/\/nandi.info\/?cat=69\" rel=\"category\">Le R\u00e9publicain Mali<\/a> <a href=\"https:\/\/nandi.info\/?cat=73\" rel=\"category\">Mines d'or<\/a>","tag_info":"Mines d'or","comment_count":"0","jetpack_featured_media_url":"","jetpack_sharing_enabled":true,"_links":{"self":[{"href":"https:\/\/nandi.info\/index.php?rest_route=\/wp\/v2\/posts\/13508","targetHints":{"allow":["GET"]}}],"collection":[{"href":"https:\/\/nandi.info\/index.php?rest_route=\/wp\/v2\/posts"}],"about":[{"href":"https:\/\/nandi.info\/index.php?rest_route=\/wp\/v2\/types\/post"}],"author":[{"embeddable":true,"href":"https:\/\/nandi.info\/index.php?rest_route=\/wp\/v2\/users\/1"}],"replies":[{"embeddable":true,"href":"https:\/\/nandi.info\/index.php?rest_route=%2Fwp%2Fv2%2Fcomments&post=13508"}],"version-history":[{"count":0,"href":"https:\/\/nandi.info\/index.php?rest_route=\/wp\/v2\/posts\/13508\/revisions"}],"wp:featuredmedia":[{"embeddable":true,"href":"https:\/\/nandi.info\/index.php?rest_route=\/"}],"wp:attachment":[{"href":"https:\/\/nandi.info\/index.php?rest_route=%2Fwp%2Fv2%2Fmedia&parent=13508"}],"wp:term":[{"taxonomy":"category","embeddable":true,"href":"https:\/\/nandi.info\/index.php?rest_route=%2Fwp%2Fv2%2Fcategories&post=13508"},{"taxonomy":"post_tag","embeddable":true,"href":"https:\/\/nandi.info\/index.php?rest_route=%2Fwp%2Fv2%2Ftags&post=13508"}],"curies":[{"name":"wp","href":"https:\/\/api.w.org\/{rel}","templated":true}]}}