{"id":13502,"date":"2023-05-17T10:56:31","date_gmt":"2023-05-17T08:56:31","guid":{"rendered":"https:\/\/nandi.info\/?p=13502"},"modified":"2023-05-17T10:56:31","modified_gmt":"2023-05-17T08:56:31","slug":"le-mali-reagit-au-rapport-de-lonu-sur-les-evenements-de-moura-ce-rapport-biaise-reposant-sur-un-recit-fictif-et-ne-repondant-pas-aux-normes-internationales-etablies","status":"publish","type":"post","link":"https:\/\/nandi.info\/?p=13502","title":{"rendered":"Le Mali r\u00e9agit au rapport de l\u2019ONU sur les \u00e9v\u00e9nements de Moura : \u00abCe rapport biais\u00e9, reposant sur un r\u00e9cit fictif et ne r\u00e9pondant pas aux normes internationales \u00e9tablies \u00bb"},"content":{"rendered":"\n<p class=\"has-drop-cap\">Dans un communiqu\u00e9 rendu public, le 13 mai 2023, le Gouvernement de Transition dit avoir consult\u00e9 avec une grande attention le rapport sur \u00ab les \u00e9v\u00e9nements de Moura du 27 au 31 Mars 2022 \u00bb publi\u00e9 le 12 mai 2023 par le Haut Commissariat des Nations Unies pour les Droits de l\u2019Homme. Le Gouvernement de Transition d\u00e9nonce \u00ab avec v\u00e9h\u00e9mence, ce rapport biais\u00e9, reposant sur un r\u00e9cit fictif et ne r\u00e9pondant pas aux normes internationales \u00e9tablies. C\u2019est la raison pour laquelle le Gouvernement n\u2019a jamais daign\u00e9 faire de commentaire au cours de son \u00e9laboration \u00bb. Selon le gouvernement malien, aucun ressortissant civil de Moura n\u2019a perdu la vie pendant l\u2019op\u00e9ration militaire. \u00ab Parmi les morts, il n\u2019y avait que des combattants terroristes et toutes les personnes interpell\u00e9es ont \u00e9t\u00e9 mises \u00e0 la disposition de la Gendarmerie de S\u00e9var\u00e9 \u00bb, r\u00e9v\u00e8le le communiqu\u00e9 du gouvernement.<\/p>\n\n\n\n<p>Le Mali a r\u00e9agi au rapport de l\u2019ONU sur les \u00e9v\u00e9nements de Moura en 2022, tout en faisant savoir que c\u2019est un rapport biais\u00e9 reposant sur un r\u00e9cit fictif et ne r\u00e9pondant pas aux normes internationales \u00e9tablies. \u00ab Apr\u00e8s l\u2019op\u00e9ration a\u00e9roport\u00e9e r\u00e9ussie de nos vaillantes forces arm\u00e9es \u00e0 Moura, \u00e0 la demande du Gouvernement de la Transition, la justice militaire a d\u00e9cid\u00e9 d\u2019ouvrir une enqu\u00eate judiciaire pour \u00e9lucider les \u00e9ventuels cas de violation des droits de l\u2019Homme. C\u2019est justement la m\u00eame mesure que recommande le rapport du Haut Commissariat des Nations Unies pour les Droits de l\u2019Homme. Au regard de ce constat, il est utile de s\u2019interroger sur l\u2019opportunit\u00e9 de cette publication qui recommande au Gouvernement de la Transition, une d\u00e9cision que ce dernier a pris il y a plus d\u2019un an, si ce n\u2019est de perturber la tranquillit\u00e9 des Maliens \u00e0 l\u2019approche d\u2019un scrutin r\u00e9f\u00e9rendaire d\u2019une importance capitale pour le processus de refondation en cours \u00bb, indique le communiqu\u00e9 du gouvernement malien.<\/p>\n\n\n\n<p>A la suite des \u00e9v\u00e8nements de Moura, conform\u00e9ment aux proc\u00e9dures en vigueur au Mali, une enqu\u00eate a \u00e9t\u00e9 ouverte pour faire toute la lumi\u00e8re sur les all\u00e9gations de violations des droits humains. Selon le gouvernement malien, le 09 Avril 2022, un transport judiciaire de constat a \u00e9t\u00e9 effectu\u00e9 par le parquet de Mopti. Les premiers \u00e9l\u00e9ments de l\u2019enqu\u00eate mettent en \u00e9vidence l\u2019hypoth\u00e8se d\u2019un affrontement ayant provoqu\u00e9 des morts par projectiles, et le constat que la grande majorit\u00e9 des corps sont des adultes de sexe masculin. \u00ab Sur le plan s\u00e9curitaire, il n\u2019\u00e9chappe \u00e0 personne que l\u2019intervention militaire des Forces Arm\u00e9es Maliennes (FAMa) a \u00e9t\u00e9 salutaire et a apport\u00e9 beaucoup de qui\u00e9tude \u00e0 la population, signe que la d\u00e9faite inflig\u00e9e \u00e0 la KATIBA MACINA et \u00e0 ses sponsors \u00e9tatiques \u00e9trangers a permis de les d\u00e9sorganiser durablement. Aucun ressortissant civil de Moura n\u2019a perdu la vie pendant l\u2019op\u00e9ration militaire. Parmi les morts, il n\u2019y avait que des combattants terroristes, et toutes les personnes interpell\u00e9es ont \u00e9t\u00e9 mises \u00e0 la disposition de la Gendarmerie de S\u00e9var\u00e9. Apr\u00e8s enqu\u00eate, les personnes interpell\u00e9es ont \u00e9t\u00e9 transf\u00e9r\u00e9es au Service d\u2019Investigations judiciaires de la Gendarmerie Nationale de Bamako, puis mises \u00e0 la disposition de la justice \u00bb, pr\u00e9cise le communiqu\u00e9 du gouvernement malien, qui ajoute que l\u2019enqu\u00eate poursuit son cours et que le Gouvernement du Mali est d\u00e9termin\u00e9 \u00e0 faire aboutir cette proc\u00e9dure, dans le respect strict des droits de l\u2019Homme et en toute ind\u00e9pendance. Aux dires du gouvernement, l\u2019enqu\u00eate a n\u00e9cessit\u00e9 des actes plus approfondis qui sont actuellement en cours d\u2019ex\u00e9cution. Pour le gouvernement, les d\u00e9lais n\u00e9cessaires \u00e0 la manifestation de la v\u00e9rit\u00e9 doivent \u00eatre respect\u00e9s pour, d\u2019une part, pr\u00e9server l\u2019enqu\u00eate des influences et manipulations m\u00e9diatiques et, d\u2019autre part, donner le temps aux enqu\u00eateurs ind\u00e9pendants de mener leurs analyses et formuler leurs conclusions selon le rythme appropri\u00e9. \u00ab En plus de l\u2019enqu\u00eate conduite par le Minist\u00e8re de la D\u00e9fense et des anciens Combattants, une enqu\u00eate judiciaire a \u00e9t\u00e9 ouverte sous la responsabilit\u00e9 du p\u00f4le judiciaire sp\u00e9cialis\u00e9. Les r\u00e9sultats de ces enqu\u00eates seront port\u00e9s \u00e0 la connaissance de l\u2019opinion nationale en temps opportun \u00bb, a rappel\u00e9 le gouvernement malien. Le Gouvernement de la Transition dit avoir examin\u00e9 la m\u00e9thodologie ayant guid\u00e9 la r\u00e9daction du rapport du Haut Commissariat des Nations Unies pour les Droits de l\u2019Homme et a appris avec stupeur que la mission d\u2019\u00e9tablissement des faits avait utilis\u00e9 des satellites au-dessus de Moura pour obtenir des images.<\/p>\n\n\n\n<p>Le gouvernement ouvre une enqu\u00eate contre la mission d\u2019\u00e9tablissement des faits<\/p>\n\n\n\n<p>Le Gouvernement de la Transition informe l\u2019opinion nationale et internationale, qu\u2019en aucun moment, ni la MINUSMA, ni le Haut Commissariat aux Droits de l\u2019Homme ne lui ont adress\u00e9 une demande d\u2019autorisation pour prendre des images de Moura gr\u00e2ce \u00e0 des satellites. En utilisant des satellites pour obtenir des images, sans autorisation et \u00e0 l\u2019insu des Autorit\u00e9s maliennes, le gouvernement indique que la mission d\u2019\u00e9tablissement des faits a effectu\u00e9 une man\u0153uvre clandestine contre la s\u00e9curit\u00e9 nationale du Mali. Par cons\u00e9quent, le Gouvernement de la Transition d\u00e9cide d\u2019ouvrir imm\u00e9diatement une enqu\u00eate judiciaire contre la mission d\u2019\u00e9tablissement des faits et ses complices pour espionnage, atteinte \u00e0 la s\u00fbret\u00e9 ext\u00e9rieure de l\u2019Etat, des crimes r\u00e9prim\u00e9s par le code p\u00e9nal (Art 33 et 35), ainsi que de complot militaire, un crime r\u00e9prim\u00e9 par le code de justice militaire (Art 130), sans pr\u00e9juger de la qualification des autorit\u00e9s judiciaires. \u00ab Le Gouvernement de la Transition rappelle que cette attitude de la mission d\u2019\u00e9tablissement des faits ressemble \u00e0 un cas d\u2019espionnage de la junte fran\u00e7aise qui avait plac\u00e9 ill\u00e9galement un drone au-dessus de la base de Gossi, le 20 Avril 2022, pour filmer des cadavres humains, minutieusement pr\u00e9dispos\u00e9s, dans le but d\u2019accuser les FAMa. Soucieux du respect de la vie et de la dignit\u00e9 humaines, \u00e0 maintes reprises, le Gouvernement de la Transition avait mis en garde contre l\u2019instrumentalisation de la MINUSMA et des Droits de l\u2019Homme dans le dessein de briser la dynamique de la mont\u00e9e en puissance des forces de d\u00e9fense et de s\u00e9curit\u00e9 du Mali et de s\u2019opposer aux choix strat\u00e9giques du Mali \u00bb, souligne le gouvernement malien. Pour le gouvernement, il est contradictoire et paradoxal de noter la c\u00e9l\u00e9rit\u00e9 avec laquelle la mission d\u2019\u00e9tablissement des faits a \u00e9t\u00e9 mise en place au moment o\u00f9 le Mali portait plainte devant le Conseil de S\u00e9curit\u00e9 des Nations Unies, le 15 Ao\u00fbt 2022 sur les actes d\u2019agression contre la souverainet\u00e9 et l\u2019int\u00e9grit\u00e9 territoriale d\u2019un Etat membre des Nations Unies par la junte fran\u00e7aise, avec des preuves de violations flagrantes et r\u00e9p\u00e9t\u00e9es de son espace a\u00e9rien et d\u2019espionnage, pour avoir collect\u00e9 des renseignements au profit des groupes terroristes op\u00e9rant dans le Sahel, tout en leur larguant des armes et des munitions. \u00ab Il y a lieu de rappeler que ces groupes sont les principaux responsables de la commission des violations graves et massives des droits de l\u2019Homme. Suite \u00e0 la plainte du Mali, aucune commission d\u2019\u00e9tablissement des faits n\u2019a \u00e9t\u00e9 mise en place. A ce jour, la r\u00e9union sp\u00e9ciale demand\u00e9e par le Mali pour pr\u00e9senter les preuves de la duplicit\u00e9 de la junte fran\u00e7aise n\u2019a connu aucune suite. D\u00e8s lors, dans un souci de coh\u00e9rence et d\u2019\u00e9viter la politique des deux poids deux mesures, le Gouvernement du Mali estime que la suite donn\u00e9e au pr\u00e9sent rapport de la mission d\u2019\u00e9tablissement des faits ne saurait \u00eatre examin\u00e9e s\u00e9par\u00e9ment de la plainte port\u00e9e par le Mali devant le Conseil de S\u00e9curit\u00e9 contre la junte fran\u00e7aise \u00bb, indique le communiqu\u00e9 du gouvernement malien. Dans son communiqu\u00e9, le Gouvernement de la Transition a r\u00e9it\u00e9r\u00e9 son attachement au respect et \u00e0 la protection des droits de l\u2019Homme sur l\u2019ensemble du territoire national et au b\u00e9n\u00e9fice de tous les citoyens. En outre, il a exprim\u00e9 sa d\u00e9termination \u00e0 poursuivre son \u0153uvre de refondation pour le retour \u00e0 un ordre constitutionnel apais\u00e9 et s\u00e9curis\u00e9. Le Gouvernement de la Transition appelle les populations maliennes \u00e0 rester vigilantes et sereines face aux tentatives d\u00e9sesp\u00e9r\u00e9es de d\u00e9sinformation, de d\u00e9nigrement et de d\u00e9stabilisation d\u00e9guis\u00e9es sous couvert des droits de l\u2019Homme et pour des int\u00e9r\u00eats inhumains. A rappeler que le 12 mai dernier, le Haut Commissariat des Nations Unies pour les Droits de l\u2019Homme a publi\u00e9 un rapport accusant l\u2019arm\u00e9e malienne d\u2019avoir viol\u00e9 des droits de l\u2019Homme \u00e0 Moura en 2022.<\/p>\n\n\n\n<p>Aguibou Sogodogo<\/p>\n\n\n\n<p>R\u00e9publicain Mali<\/p>\n","protected":false},"excerpt":{"rendered":"<p>Dans un communiqu\u00e9 rendu public, le 13 mai 2023, le Gouvernement de Transition dit avoir consult\u00e9 avec une grande attention le rapport sur \u00ab les \u00e9v\u00e9nements de Moura du 27&hellip;<\/p>\n","protected":false},"author":1,"featured_media":6484,"comment_status":"open","ping_status":"closed","sticky":false,"template":"","format":"standard","meta":{"content-type":"","_lmt_disableupdate":"","_lmt_disable":"","_jetpack_memberships_contains_paid_content":false,"footnotes":"","jetpack_publicize_message":"","jetpack_publicize_feature_enabled":true,"jetpack_social_post_already_shared":true,"jetpack_social_options":{"image_generator_settings":{"template":"highway","default_image_id":0,"font":"","enabled":false},"version":2}},"categories":[49,69,21],"tags":[],"class_list":["post-13502","post","type-post","status-publish","format-standard","has-post-thumbnail","hentry","category-insecurite","category-le-republicain-mali","category-societe"],"jetpack_publicize_connections":[],"featured_image_urls":{"full":"","thumbnail":"","medium":"","medium_large":"","large":"","1536x1536":"","2048x2048":"","penci-recipe-1200x1200":"","penci-recipe-1200x900":"","penci-recipe-1200x675":"","penci-single-full":"","penci-slider-full-thumb":"","penci-full-thumb":"","penci-slider-thumb":"","penci-magazine-slider":"","penci-thumb":"","penci-masonry-thumb":"","penci-thumb-square":"","penci-thumb-vertical":"","penci-thumb-small":""},"author_info":{"display_name":"Nandi","author_link":"https:\/\/nandi.info\/?author=1"},"category_info":"<a href=\"https:\/\/nandi.info\/?cat=49\" rel=\"category\">Ins\u00e9curit\u00e9<\/a> <a href=\"https:\/\/nandi.info\/?cat=69\" rel=\"category\">Le R\u00e9publicain Mali<\/a> <a href=\"https:\/\/nandi.info\/?cat=21\" rel=\"category\">Soci\u00e9t\u00e9<\/a>","tag_info":"Soci\u00e9t\u00e9","comment_count":"0","jetpack_featured_media_url":"","jetpack_sharing_enabled":true,"_links":{"self":[{"href":"https:\/\/nandi.info\/index.php?rest_route=\/wp\/v2\/posts\/13502","targetHints":{"allow":["GET"]}}],"collection":[{"href":"https:\/\/nandi.info\/index.php?rest_route=\/wp\/v2\/posts"}],"about":[{"href":"https:\/\/nandi.info\/index.php?rest_route=\/wp\/v2\/types\/post"}],"author":[{"embeddable":true,"href":"https:\/\/nandi.info\/index.php?rest_route=\/wp\/v2\/users\/1"}],"replies":[{"embeddable":true,"href":"https:\/\/nandi.info\/index.php?rest_route=%2Fwp%2Fv2%2Fcomments&post=13502"}],"version-history":[{"count":0,"href":"https:\/\/nandi.info\/index.php?rest_route=\/wp\/v2\/posts\/13502\/revisions"}],"wp:featuredmedia":[{"embeddable":true,"href":"https:\/\/nandi.info\/index.php?rest_route=\/"}],"wp:attachment":[{"href":"https:\/\/nandi.info\/index.php?rest_route=%2Fwp%2Fv2%2Fmedia&parent=13502"}],"wp:term":[{"taxonomy":"category","embeddable":true,"href":"https:\/\/nandi.info\/index.php?rest_route=%2Fwp%2Fv2%2Fcategories&post=13502"},{"taxonomy":"post_tag","embeddable":true,"href":"https:\/\/nandi.info\/index.php?rest_route=%2Fwp%2Fv2%2Ftags&post=13502"}],"curies":[{"name":"wp","href":"https:\/\/api.w.org\/{rel}","templated":true}]}}