{"id":13223,"date":"2023-05-03T10:05:59","date_gmt":"2023-05-03T08:05:59","guid":{"rendered":"https:\/\/nandi.info\/?p=13223"},"modified":"2023-05-03T10:05:59","modified_gmt":"2023-05-03T08:05:59","slug":"rentree-culturelle-2023-2024-du-cck-a-segou-ousmane-sy-sadresse-a-la-jeunesse-malienne","status":"publish","type":"post","link":"https:\/\/nandi.info\/?p=13223","title":{"rendered":"Rentr\u00e9e culturelle 2023-2024 du CCK \u00e0 S\u00e9gou : Ousmane Sy s\u2019adresse \u00e0 la jeunesse malienne"},"content":{"rendered":"\n<p class=\"has-drop-cap\">Profitant de la Rentr\u00e9e culturelle 2023-2024 du Centre culturel Kor\u00e8 de S\u00e9gou, Dr Ousmane Sy, ancien ministre de l\u2019Administration territoriale et de la d\u00e9centralisation, s\u2019est adress\u00e9 \u00e0 la jeunesse malienne en animant le \u00ab kor\u00e8 baro \u00bb qui a port\u00e9 sur le th\u00e8me : \u00ab Au fil de mes convictions sur le Mali d\u2019aujourd\u2019hui et de demain \u00bb.<\/p>\n\n\n\n<p>La Rentr\u00e9e culturelle 2023-2024 du Centre culturel Kor\u00e8 (CCK) s\u2019est tenue le samedi 29 avril dernier dans les locaux dudit Centre, \u00e0 S\u00e9gou. Comme pour les ann\u00e9es pr\u00e9c\u00e9dentes, l\u2019\u00e9dition de cette ann\u00e9e a eu comme th\u00e8me : \u00ab Jeunesse et Industries Cr\u00e9atives Culturelles (ICC) : quels d\u00e9fis et perspectives \u00bb. Un th\u00e8me selon le directeur du CCK, Mamou Daff\u00e9, d\u00e9note de leur engagement \u00e0 mettre les jeunes au c\u0153ur des mod\u00e8les pour qu\u2019ils puissent aller \u00e0 l\u2019auto-emploi ; leur permettre de d\u00e9velopper leur cr\u00e9ativit\u00e9 de production\u2026 Bref, en faisant le choix du th\u00e8me de la Rentr\u00e9e culturelle de cette ann\u00e9e, M. Daff\u00e9 a laiss\u00e9 entendre qu\u2019ils veulent tout simplement faire des actions en faveur de la jeunesse ; leur \u00e9largir des espaces d\u2019innovations techniques. De concert avec des Communes, d\u2019autres actions en faveur de la jeunesse seront men\u00e9es a promis le directeur du CCK. \u00ab Toutes les actions de cr\u00e9ations seront amplifi\u00e9es. Nous allons former et influencer des leaders de changement dans beaucoup de villages pour un changement de comportement des jeunes pour que le mod\u00e8le \u00ab maliden kura \u00bb, soit une r\u00e9alit\u00e9.<\/p>\n\n\n\n<p>Apr\u00e8s ces mots introductifs et les remerciements du repr\u00e9sentant du maire et du Pr\u00e9fet de S\u00e9gou, le Kor\u00e8 Baro anim\u00e9 par Ousmane Sy pouvait commencer. Ce d\u00e9bat citoyen a regroup\u00e9 des intellectuels, des universitaires et des \u00e9tudiants du Mali et d\u2019ailleurs, ce fut le tour du p\u00e8re de la d\u00e9centralisation au Mali, Dr Sy de d\u00e9velopper le th\u00e8me du \u00ab kor\u00e8 baro \u00bb : \u00ab Au fil de mes convictions sur le Mali d\u2019aujourd\u2019hui et de demain \u00bb. Un th\u00e8me qui est d\u2019ailleurs le titre de son dernier livre qui vient de paraitre.<\/p>\n\n\n\n<p>Face \u00e0 une assistance compos\u00e9e majoritairement de jeunes, l\u2019ancien ministre de l\u2019Administration territoriale sous Alpha Oumar Konar\u00e9, a \u00e9voqu\u00e9 entre autres son parcours universitaire, professionnelle, politique au Mali, son combat pour l\u2019instauration de la d\u00e9mocratie et son engagement militant.<\/p>\n\n\n\n<p>Politiquement form\u00e9, M. Sy dit avoir assum\u00e9 des responsabilit\u00e9s politiques au niveau national et des fonctions \u00e0 l\u2019international. Selon lui, c\u2019est la formation id\u00e9ologique qu\u2019il a re\u00e7u qui l\u2019a aid\u00e9 \u00e0 structurer sa pens\u00e9e, sa vie.<\/p>\n\n\n\n<p>Celui qui est n\u00e9 \u00e0 Bandiagara et apr\u00e8s ses \u00e9tudes en France dit avoir travaill\u00e9 pendant une dizaine d\u2019ann\u00e9es \u00e0 l\u2019IER, et milit\u00e9 dans le \u00ab PMT \u00bb, o\u00f9 il menait une lutte politique dans la clandestinit\u00e9.<\/p>\n\n\n\n<p>Aux jeunes, il dira que la \u00ab lutte clandestine n\u2019est pas souhaitable, mais quand on est oblig\u00e9, elle est formidable \u00bb. Et de laisser entendre \u00ab On ne devient pas politique par hasard. La politique a des exigences \u00bb. Sur ce sujet, il a conseill\u00e9 aux jeunes de se former. Laquelle formation d\u00e9bute \u00e0 ses dires depuis la famille, puis \u00e0 l\u2019\u00e9cole\u2026 \u00bb.<\/p>\n\n\n\n<p>Le second tableau de son passage a consist\u00e9 \u00e0 d\u00e9velopper le th\u00e8me \u00ab Au fil de mes convictions sur le Mali d\u2019aujourd\u2019hui et de demain ? \u00bb.<\/p>\n\n\n\n<p>Ouvrage de t\u00e9moignages et de faits v\u00e9cus positifs et n\u00e9gatifs sur le Mali, Dr Sy ajoutera qu\u2019une partie du livre traite des voies de sorties de la crise que le Mali traverse. A ses dires, la publication est simplement le t\u00e9moignage d\u2019un intellectuel soucieux du devenir de son pays, de sa r\u00e9gion sah\u00e9lienne, de son continent, mais aussi d\u2019un monde qui doit \u00eatre aussi solidaire. Le chercheur partage ses convictions mais aussi les interrogations auxquelles des r\u00e9ponses m\u00e9ritent d\u2019\u00eatre trouv\u00e9es. D\u2019autres th\u00e8mes y sont d\u00e9battus : la d\u00e9centralisation, le d\u00e9veloppement des territoires, le multipartisme, les \u00e9lections, la d\u00e9mocratie. Dans le livre, Ousmane Sy s\u2019interroge \u00e9galement sur l\u2019utilit\u00e9 de la coop\u00e9ration pour le d\u00e9veloppement. Et de finir par quelques axes de ses convictions : Le retour au Local. Pour lui, au-del\u00e0 de la d\u00e9centralisation, le salut du Mali passe par le retour aux territoires locaux, le retour aux communaut\u00e9s qu\u2019il a toujours d\u00e9fendu.<\/p>\n\n\n\n<p>A la jeunesse, le conf\u00e9rencier dira que la racine de notre pays est le retour aux territoires locaux \u00ab la nation malienne a une histoire, une culture \u00bb.<\/p>\n\n\n\n<p>Yaye A Ciss\u00e9<\/p>\n","protected":false},"excerpt":{"rendered":"<p>Profitant de la Rentr\u00e9e culturelle 2023-2024 du Centre culturel Kor\u00e8 de S\u00e9gou, Dr Ousmane Sy, ancien ministre de l\u2019Administration territoriale et de la d\u00e9centralisation, s\u2019est adress\u00e9 \u00e0 la jeunesse malienne&hellip;<\/p>\n","protected":false},"author":1,"featured_media":13225,"comment_status":"open","ping_status":"closed","sticky":false,"template":"","format":"standard","meta":{"content-type":"","_lmt_disableupdate":"","_lmt_disable":"","_jetpack_memberships_contains_paid_content":false,"footnotes":"","jetpack_publicize_message":"","jetpack_publicize_feature_enabled":true,"jetpack_social_post_already_shared":true,"jetpack_social_options":{"image_generator_settings":{"template":"highway","default_image_id":0,"font":"","enabled":false},"version":2}},"categories":[61,32],"tags":[],"class_list":["post-13223","post","type-post","status-publish","format-standard","has-post-thumbnail","hentry","category-arc-en-ciel","category-musique-art-et-culture"],"jetpack_publicize_connections":[],"featured_image_urls":{"full":"","thumbnail":"","medium":"","medium_large":"","large":"","1536x1536":"","2048x2048":"","penci-recipe-1200x1200":"","penci-recipe-1200x900":"","penci-recipe-1200x675":"","penci-single-full":"","penci-slider-full-thumb":"","penci-full-thumb":"","penci-slider-thumb":"","penci-magazine-slider":"","penci-thumb":"","penci-masonry-thumb":"","penci-thumb-square":"","penci-thumb-vertical":"","penci-thumb-small":""},"author_info":{"display_name":"Nandi","author_link":"https:\/\/nandi.info\/?author=1"},"category_info":"<a href=\"https:\/\/nandi.info\/?cat=61\" rel=\"category\">Arc en Ciel<\/a> <a href=\"https:\/\/nandi.info\/?cat=32\" rel=\"category\">Musique Art et Culture<\/a>","tag_info":"Musique Art et Culture","comment_count":"0","jetpack_featured_media_url":"","jetpack_sharing_enabled":true,"_links":{"self":[{"href":"https:\/\/nandi.info\/index.php?rest_route=\/wp\/v2\/posts\/13223","targetHints":{"allow":["GET"]}}],"collection":[{"href":"https:\/\/nandi.info\/index.php?rest_route=\/wp\/v2\/posts"}],"about":[{"href":"https:\/\/nandi.info\/index.php?rest_route=\/wp\/v2\/types\/post"}],"author":[{"embeddable":true,"href":"https:\/\/nandi.info\/index.php?rest_route=\/wp\/v2\/users\/1"}],"replies":[{"embeddable":true,"href":"https:\/\/nandi.info\/index.php?rest_route=%2Fwp%2Fv2%2Fcomments&post=13223"}],"version-history":[{"count":0,"href":"https:\/\/nandi.info\/index.php?rest_route=\/wp\/v2\/posts\/13223\/revisions"}],"wp:featuredmedia":[{"embeddable":true,"href":"https:\/\/nandi.info\/index.php?rest_route=\/"}],"wp:attachment":[{"href":"https:\/\/nandi.info\/index.php?rest_route=%2Fwp%2Fv2%2Fmedia&parent=13223"}],"wp:term":[{"taxonomy":"category","embeddable":true,"href":"https:\/\/nandi.info\/index.php?rest_route=%2Fwp%2Fv2%2Fcategories&post=13223"},{"taxonomy":"post_tag","embeddable":true,"href":"https:\/\/nandi.info\/index.php?rest_route=%2Fwp%2Fv2%2Ftags&post=13223"}],"curies":[{"name":"wp","href":"https:\/\/api.w.org\/{rel}","templated":true}]}}