{"id":13217,"date":"2023-05-03T10:02:10","date_gmt":"2023-05-03T08:02:10","guid":{"rendered":"https:\/\/nandi.info\/?p=13217"},"modified":"2023-05-03T10:02:10","modified_gmt":"2023-05-03T08:02:10","slug":"cmtr-la-tete-du-president-youssouf-traore-mise-a-prix","status":"publish","type":"post","link":"https:\/\/nandi.info\/?p=13217","title":{"rendered":"Cmtr : La t\u00eate du pr\u00e9sident Youssouf Traor\u00e9 \u00ab mise \u00e0 prix \u00bb"},"content":{"rendered":"\n<p><strong><em>Le d\u00e9part du pr\u00e9sident du Conseil malien des transporteurs routiers (CMTR), Youssouf Traor\u00e9 fait partie des exigences du Collectif des f\u00e9d\u00e9rations des transporteurs routiers et les chargeurs routiers du Mali. Ce collectif qui observe une gr\u00e8ve \u00e0 partir d\u2019aujourd\u2019hui, exige la mise en place d\u2019un coll\u00e8ge transitoire.<\/em><\/strong><\/p>\n\n\n\n<p class=\"has-drop-cap\">C\u2019est en avril 2007 que le PDG de Bani Transport, Youssouf Traor\u00e9 a \u00e9t\u00e9 \u00e9lu pr\u00e9sident du Conseil malien des transporteurs routiers (CMTR). Jusqu\u2019\u00e0 ce jour 2 mai 2023, l\u2019homme pr\u00e9side aux destin\u00e9es du plus puissant regroupement des transporteurs du Mali. Apr\u00e8s avoir tout donn\u00e9 au CMTR, voil\u00e0 que des voix s\u2019\u00e9l\u00e8vent pour la \u00e9ni\u00e8me fois pour demander le d\u00e9part de celui qui est pr\u00e9sident du CMTR depuis 16 ans.&nbsp; Son adversaire a pour nom&nbsp;: le Collectif des f\u00e9d\u00e9rations des transporteurs routiers et les chargeurs routiers du Mali.<\/p>\n\n\n\n<p>Pr\u00e9sident \u00ab&nbsp;inamovible&nbsp;\u00bb du CMTR, Youssouf Traor\u00e9, est aujourd\u2019hui accus\u00e9 d\u2019avoir viol\u00e9 les textes qui r\u00e9gissent le Conseil.<\/p>\n\n\n\n<p>Selon Malick Boubou Diallo, pr\u00e9sident ex\u00e9cutif, la gestion de la fin du mandat du CMTR \u00ab&nbsp;se trouve \u00eatre entach\u00e9e d\u2019imperfections et d\u2019irr\u00e9gularit\u00e9s qui portent pr\u00e9judice \u00e0 l\u2019avenir de la profession. Les textes qui r\u00e9gissent le CMTR sont viol\u00e9s au su et au vu du d\u00e9partement depuis 2007 jusqu\u2019\u00e0 nos jours. Toute chose qui nous met dans un \u00e9tat de forclusion \u00bb, rapporte le confr\u00e8re de l\u2019Alerte.<\/p>\n\n\n\n<p>Pour le Collectif des f\u00e9d\u00e9rations des transporteurs routiers et les chargeurs routiers du Mali, le mandat du bureau dirig\u00e9 par M. Traor\u00e9 est arriv\u00e9 \u00e0 terme&nbsp; depuis le 16 d\u00e9cembre 2022. Cons\u00e9quence dit-il, Youssouf Traor\u00e9 et les membres de son bureau mettent ainsi le bureau du CMTR dans une irr\u00e9gularit\u00e9 totale. Face \u00e0 cette irr\u00e9gularit\u00e9, le d\u00e9partement, au lieu de jouer son r\u00f4le pour le renouvellement du bureau, a d\u00e9cid\u00e9 de jouer la sourde oreille \u00bb, regrette-t-il.<br>Le Collectif estime qu\u2019il est imp\u00e9ratif d\u2019appliquer le nouveau d\u00e9cret qui dit que lorsque les conditions ne sont pas r\u00e9unies pour l\u2019organisation des \u00e9lections, de mettre en place un coll\u00e8ge transitoire. Lorsque ce d\u00e9cret n\u2019est pas appliqu\u00e9, c\u2019est la forclusion totale et l\u2019on tire les cons\u00e9quences \u00bb, a-t-il ajout\u00e9. Ce coll\u00e8ge transitoire poursuit-il, sera charg\u00e9 de relire les textes du CMTR qui sont d\u2019ailleurs caducs et d\u2019organiser les \u00e9lections.<\/p>\n\n\n\n<p>Les autres dol\u00e9ances du collectif ont trait \u00e0 la suspension des vignettes automobiles (TTR) et l\u2019entr\u00e9e en vigueur, sans restriction du droit de travers\u00e9e routi\u00e8re r\u00e9duisant la tracasserie routi\u00e8re et la mise en place d\u2019un syst\u00e8me de renouvellement de parc automobiles des transporteurs routiers inter urbains et internationaux. Si ces revendications ne sont pas satisfaites, le Collectif se donne le droit&nbsp; d\u2019observer une gr\u00e8ve de 72 heures qui d\u00e9bute ce matin ce, jusqu\u2019au 4 mai 2023.<\/p>\n\n\n\n<p><strong>Mohamed Keita<\/strong><\/p>\n\n\n\n<p>Arc En Ciel<\/p>\n","protected":false},"excerpt":{"rendered":"<p>Le d\u00e9part du pr\u00e9sident du Conseil malien des transporteurs routiers (CMTR), Youssouf Traor\u00e9 fait partie des exigences du Collectif des f\u00e9d\u00e9rations des transporteurs routiers et les chargeurs routiers du Mali.&hellip;<\/p>\n","protected":false},"author":1,"featured_media":13219,"comment_status":"open","ping_status":"closed","sticky":false,"template":"","format":"standard","meta":{"content-type":"","_lmt_disableupdate":"","_lmt_disable":"","_jetpack_memberships_contains_paid_content":false,"footnotes":"","jetpack_publicize_message":"","jetpack_publicize_feature_enabled":true,"jetpack_social_post_already_shared":true,"jetpack_social_options":{"image_generator_settings":{"template":"highway","default_image_id":0,"font":"","enabled":false},"version":2}},"categories":[30,62],"tags":[],"class_list":["post-13217","post","type-post","status-publish","format-standard","has-post-thumbnail","hentry","category-economie","category-transport"],"jetpack_publicize_connections":[],"featured_image_urls":{"full":"","thumbnail":"","medium":"","medium_large":"","large":"","1536x1536":"","2048x2048":"","penci-recipe-1200x1200":"","penci-recipe-1200x900":"","penci-recipe-1200x675":"","penci-single-full":"","penci-slider-full-thumb":"","penci-full-thumb":"","penci-slider-thumb":"","penci-magazine-slider":"","penci-thumb":"","penci-masonry-thumb":"","penci-thumb-square":"","penci-thumb-vertical":"","penci-thumb-small":""},"author_info":{"display_name":"Nandi","author_link":"https:\/\/nandi.info\/?author=1"},"category_info":"<a href=\"https:\/\/nandi.info\/?cat=30\" rel=\"category\">Economie<\/a> <a href=\"https:\/\/nandi.info\/?cat=62\" rel=\"category\">Transport<\/a>","tag_info":"Transport","comment_count":"0","jetpack_featured_media_url":"","jetpack_sharing_enabled":true,"_links":{"self":[{"href":"https:\/\/nandi.info\/index.php?rest_route=\/wp\/v2\/posts\/13217","targetHints":{"allow":["GET"]}}],"collection":[{"href":"https:\/\/nandi.info\/index.php?rest_route=\/wp\/v2\/posts"}],"about":[{"href":"https:\/\/nandi.info\/index.php?rest_route=\/wp\/v2\/types\/post"}],"author":[{"embeddable":true,"href":"https:\/\/nandi.info\/index.php?rest_route=\/wp\/v2\/users\/1"}],"replies":[{"embeddable":true,"href":"https:\/\/nandi.info\/index.php?rest_route=%2Fwp%2Fv2%2Fcomments&post=13217"}],"version-history":[{"count":0,"href":"https:\/\/nandi.info\/index.php?rest_route=\/wp\/v2\/posts\/13217\/revisions"}],"wp:featuredmedia":[{"embeddable":true,"href":"https:\/\/nandi.info\/index.php?rest_route=\/"}],"wp:attachment":[{"href":"https:\/\/nandi.info\/index.php?rest_route=%2Fwp%2Fv2%2Fmedia&parent=13217"}],"wp:term":[{"taxonomy":"category","embeddable":true,"href":"https:\/\/nandi.info\/index.php?rest_route=%2Fwp%2Fv2%2Fcategories&post=13217"},{"taxonomy":"post_tag","embeddable":true,"href":"https:\/\/nandi.info\/index.php?rest_route=%2Fwp%2Fv2%2Ftags&post=13217"}],"curies":[{"name":"wp","href":"https:\/\/api.w.org\/{rel}","templated":true}]}}