{"id":13144,"date":"2023-04-30T09:56:27","date_gmt":"2023-04-30T07:56:27","guid":{"rendered":"https:\/\/nandi.info\/?p=13144"},"modified":"2023-04-30T09:56:27","modified_gmt":"2023-04-30T07:56:27","slug":"condamnation-a-payer-177-milliards-fcfa-inflation-mondiale-les-operateurs-de-telephonie-mobile","status":"publish","type":"post","link":"https:\/\/nandi.info\/?p=13144","title":{"rendered":"Condamnation \u00e0 payer 177 milliards Fcfa, inflation mondiale : Les op\u00e9rateurs de t\u00e9l\u00e9phonie mobile"},"content":{"rendered":"\n<h2 class=\"wp-block-heading\"><strong>Pourront-ils encore baisser les tarifs ?<\/strong><\/h2>\n\n\n\n<p><strong><em>Depuis quelques semaines les op\u00e9rateurs de t\u00e9l\u00e9phonie au Mali font face \u00e0 la pression d\u2019un certain nombre de consommateurs qui ayant surf\u00e9 sur la vague de contestations sur les r\u00e9seaux sociaux pour la diminution des tarifs des forfaits en C\u00f4te d\u2019Ivoire souhaitent emboiter le pas aux Ivoiriens. Sauf qu\u2019au Mali, l\u2019\u00e9p\u00e9e de Damocl\u00e8s est sur la t\u00eate de ces soci\u00e9t\u00e9s de t\u00e9l\u00e9phonies qui sont d\u00e9j\u00e0 condamn\u00e9es par la justice malienne \u00e0 verser plus de 177 milliards F CFA \u00e0 un r\u00e9seau de consommateurs. S\u2019y ajoute l\u2019inflation mondiale qui frappe de plein fouet toutes les soci\u00e9t\u00e9s. Les contestataires pourront-ils tordre le bras d\u2019Orange Mali, Moov Africa Malitel et Telecel \u00e0 baisser encore les prix ? Rien n\u2019est moins s\u00fbr pour le cas du Mali selon un sp\u00e9cialiste des t\u00e9l\u00e9communications<\/em><\/strong><\/p>\n\n\n\n<p class=\"has-drop-cap\">Tout le mouvement pour la diminution des forfaits Internet est parti de la C\u00f4te d\u2019Ivoire, lorsque le r\u00e9gulateur a demand\u00e9 aux diff\u00e9rents op\u00e9rateurs d\u2019aligner les prix des forfaits qui ont \u00e9t\u00e9 revus \u00e0 la hausse.<\/p>\n\n\n\n<p>Cette mesure a \u00e9t\u00e9 largement contest\u00e9e sur les r\u00e9seaux sociaux obligeant le r\u00e9gulateur \u00e0 faire machine arri\u00e8re en maintenant les anciens prix. Depuis lors des groupes se sont form\u00e9s sur les r\u00e9seaux sociaux de nombreux pays francophones comme le Burkina, le S\u00e9n\u00e9gal et le Mali appelant les op\u00e9rateurs \u00e0 baisser les prix des forfaits Internet.<\/p>\n\n\n\n<p>Plusieurs sources \u00e9voquaient la tenue d\u2019un sit-in ce vendredi devant le si\u00e8ge d\u2019un des op\u00e9rateurs. Ce sit-in a \u00e9t\u00e9 report\u00e9.&nbsp;<em>\u201cCeux qui sont derri\u00e8re ces manifestations souhaiteraient une diminution des tarifs \u00e0 l\u2019image de la C\u00f4te d\u2019Ivoire or dans ce pays, les tarifs n\u2019ont pas chang\u00e9 il y a eu juste une tentative d\u2019alignement des prix qui n\u2019a pas march\u00e9 et tous les op\u00e9rateurs sont revenus \u00e0 leurs anciens tarifs\u201d<\/em>, assure une source proche du dossier.<\/p>\n\n\n\n<p>Fin de non-recevoir<\/p>\n\n\n\n<p>D\u2019ailleurs, pour ce sp\u00e9cialiste, la situation du Mali est toute particuli\u00e8re.&nbsp;<em>\u201cLe moment est critique pour les soci\u00e9t\u00e9s de t\u00e9l\u00e9phonie mobile au Mali, car en plus de l\u2019inflation mondiale qui a impact\u00e9 toutes les entreprises \u00e0 travers le monde, les op\u00e9rateurs de t\u00e9l\u00e9phonie ont \u00e9t\u00e9 condamn\u00e9s \u00e0 payer la somme de plus de 177 milliards F CFA \u00e0 un r\u00e9seau de consommateurs. Ce qui veut dire que financi\u00e8rement, ces soci\u00e9t\u00e9s ne savent pas de quoi demain sera fait. Donc, le moment est mal choisi dans la mesure o\u00f9 l\u2019\u00e9p\u00e9e de Damocl\u00e8s pend d\u00e9j\u00e0 sur leur t\u00eate avec cette condamnation judicaire\u201d<\/em>, selon notre source.<\/p>\n\n\n\n<p>Autre constat qui s\u2019av\u00e8re : les prix de la connexion pour les pays de l\u2019Hinterland sont toujours \u00e9lev\u00e9s compar\u00e9s \u00e0 ceux qui ont acc\u00e8s \u00e0 la mer.<\/p>\n\n\n\n<p>En tout cas, au regard de ces diff\u00e9rents contextes, il sera tr\u00e8s difficile de parier que les op\u00e9rateurs vont diminuer encore le prix.<\/p>\n\n\n\n<p><em>\u201cAvec la guerre en Ukraine, la crise de la Covid-19, tout a augment\u00e9 certains produits ont \u00e9t\u00e9 multipli\u00e9s par deux mais pas les communications et les forfaits. Toute chose qui prouve qu\u2019un pas de g\u00e9ant avait \u00e9t\u00e9 d\u00e9j\u00e0 fait par ces op\u00e9rateurs \u00e0 l\u2019endroit des clients\u201d<\/em>, conclut notre source.<strong>&nbsp;&nbsp;&nbsp;&nbsp;&nbsp;&nbsp;&nbsp;&nbsp;&nbsp;&nbsp;&nbsp;&nbsp;&nbsp;&nbsp;&nbsp;&nbsp;&nbsp;&nbsp;&nbsp;&nbsp;&nbsp;&nbsp;&nbsp;&nbsp;&nbsp;&nbsp;&nbsp;&nbsp;&nbsp;&nbsp;&nbsp;&nbsp;&nbsp;&nbsp;&nbsp;&nbsp;&nbsp;&nbsp;&nbsp;&nbsp;&nbsp;&nbsp;&nbsp;&nbsp;&nbsp;&nbsp;&nbsp;&nbsp;&nbsp;&nbsp;&nbsp;&nbsp;&nbsp;&nbsp;&nbsp;&nbsp;&nbsp;<\/strong><\/p>\n\n\n\n<p><strong>Kassoum Th\u00e9ra<\/strong><\/p>\n","protected":false},"excerpt":{"rendered":"<p>Pourront-ils encore baisser les tarifs ? Depuis quelques semaines les op\u00e9rateurs de t\u00e9l\u00e9phonie au Mali font face \u00e0 la pression d\u2019un certain nombre de consommateurs qui ayant surf\u00e9 sur la&hellip;<\/p>\n","protected":false},"author":1,"featured_media":13148,"comment_status":"open","ping_status":"closed","sticky":false,"template":"","format":"standard","meta":{"content-type":"","_lmt_disableupdate":"","_lmt_disable":"","_jetpack_memberships_contains_paid_content":false,"footnotes":"","jetpack_publicize_message":"","jetpack_publicize_feature_enabled":true,"jetpack_social_post_already_shared":true,"jetpack_social_options":{"image_generator_settings":{"template":"highway","default_image_id":0,"font":"","enabled":false},"version":2}},"categories":[19,30,118],"tags":[],"class_list":["post-13144","post","type-post","status-publish","format-standard","has-post-thumbnail","hentry","category-aujourdhui-mali","category-economie","category-telecom"],"jetpack_publicize_connections":[],"featured_image_urls":{"full":"","thumbnail":"","medium":"","medium_large":"","large":"","1536x1536":"","2048x2048":"","penci-recipe-1200x1200":"","penci-recipe-1200x900":"","penci-recipe-1200x675":"","penci-single-full":"","penci-slider-full-thumb":"","penci-full-thumb":"","penci-slider-thumb":"","penci-magazine-slider":"","penci-thumb":"","penci-masonry-thumb":"","penci-thumb-square":"","penci-thumb-vertical":"","penci-thumb-small":""},"author_info":{"display_name":"Nandi","author_link":"https:\/\/nandi.info\/?author=1"},"category_info":"<a href=\"https:\/\/nandi.info\/?cat=19\" rel=\"category\">Aujourd\u2019hui Mali<\/a> <a href=\"https:\/\/nandi.info\/?cat=30\" rel=\"category\">Economie<\/a> <a href=\"https:\/\/nandi.info\/?cat=118\" rel=\"category\">T\u00e9l\u00e9com<\/a>","tag_info":"T\u00e9l\u00e9com","comment_count":"0","jetpack_featured_media_url":"","jetpack_sharing_enabled":true,"_links":{"self":[{"href":"https:\/\/nandi.info\/index.php?rest_route=\/wp\/v2\/posts\/13144","targetHints":{"allow":["GET"]}}],"collection":[{"href":"https:\/\/nandi.info\/index.php?rest_route=\/wp\/v2\/posts"}],"about":[{"href":"https:\/\/nandi.info\/index.php?rest_route=\/wp\/v2\/types\/post"}],"author":[{"embeddable":true,"href":"https:\/\/nandi.info\/index.php?rest_route=\/wp\/v2\/users\/1"}],"replies":[{"embeddable":true,"href":"https:\/\/nandi.info\/index.php?rest_route=%2Fwp%2Fv2%2Fcomments&post=13144"}],"version-history":[{"count":0,"href":"https:\/\/nandi.info\/index.php?rest_route=\/wp\/v2\/posts\/13144\/revisions"}],"wp:featuredmedia":[{"embeddable":true,"href":"https:\/\/nandi.info\/index.php?rest_route=\/"}],"wp:attachment":[{"href":"https:\/\/nandi.info\/index.php?rest_route=%2Fwp%2Fv2%2Fmedia&parent=13144"}],"wp:term":[{"taxonomy":"category","embeddable":true,"href":"https:\/\/nandi.info\/index.php?rest_route=%2Fwp%2Fv2%2Fcategories&post=13144"},{"taxonomy":"post_tag","embeddable":true,"href":"https:\/\/nandi.info\/index.php?rest_route=%2Fwp%2Fv2%2Ftags&post=13144"}],"curies":[{"name":"wp","href":"https:\/\/api.w.org\/{rel}","templated":true}]}}