{"id":13039,"date":"2023-04-21T01:11:38","date_gmt":"2023-04-20T23:11:38","guid":{"rendered":"https:\/\/nandi.info\/?p=13039"},"modified":"2023-04-21T01:11:38","modified_gmt":"2023-04-20T23:11:38","slug":"centre-de-medecine-du-sport-des-equipements-medicaux-de-derniere-generation-dune-valeur-de-150-millions-f-cfa-gracieusement-offerts-par-la-fondation-221","status":"publish","type":"post","link":"https:\/\/nandi.info\/?p=13039","title":{"rendered":"Centre de m\u00e9decine du sport : Des \u00e9quipements m\u00e9dicaux de derni\u00e8re g\u00e9n\u00e9ration d\u2019une valeur de 150 millions F CFA gracieusement offerts par la Fondation 221"},"content":{"rendered":"\n<h2 class=\"has-large-font-size wp-block-heading\"><strong>Mention sp\u00e9ciale \u00e0 Mossa Ag Attaher !<\/strong><\/h2>\n\n\n\n<p class=\"has-drop-cap\"><em>En tant qu\u2019une organisation humanitaire, la Fondation 221 vient d\u2019offrir des \u00e9quipements m\u00e9dicaux de derni\u00e8re g\u00e9n\u00e9ration au Centre de m\u00e9decine du sport. D\u2019un co\u00fbt de 150 millions de F CFA, ces dons permettront de renforcer davantage les plateaux techniques de ce joyau architectural qui porte le nom de Lassana Traor\u00e9 dit Ambiance. La c\u00e9r\u00e9monie de r\u00e9ception s\u2019est d\u00e9roul\u00e9e, le jeudi 13 avril dernier, sous la pr\u00e9sidence du secr\u00e9taire g\u00e9n\u00e9ral du minist\u00e8re de la Jeunesse et des Sports, charg\u00e9 de l\u2019Instruction civique et de la Construction citoyenne, Amadou Diarra Yalcouy\u00e9 en pr\u00e9sence de la directrice par int\u00e9rim du Centre, Dr. Lalla Mint Mohamed ainsi que les responsables de la Fondation 221.<\/em><\/p>\n\n\n\n<p>e Centre de m\u00e9decine du sport \u201cLassana Traor\u00e9 dit Ambiance\u201d vient de r\u00e9ceptionner un important appui en mat\u00e9riels m\u00e9dicaux offert par la Fondation 221. La remise officielle de ces dons a fait l\u2019objet d\u2019une c\u00e9r\u00e9monie pr\u00e9sid\u00e9e, le jeudi 13 avril dernier, par le secr\u00e9taire g\u00e9n\u00e9ral du minist\u00e8re de la Jeunesse et des Sports,&nbsp; charg\u00e9 de l\u2019Instruction civique et de la Construction citoyenne, Amadou Diarra Yalcouy\u00e9, en pr\u00e9sence de plusieurs invit\u00e9s dont les membres de la Fondation 221.<\/p>\n\n\n\n<p>C\u2019est devant tout ce beau monde que la directrice par int\u00e9rim du Centre de m\u00e9decine du sport, Dr. Lalla Mint Mohamed a souhait\u00e9 la bienvenue en pr\u00e9sence de l\u2019ensemble du personnel.&nbsp;&nbsp;<em>\u201cLe pr\u00e9sent appui en mat\u00e9riels m\u00e9dicaux que nous fait la Fondation 221, qui est une organisation humanitaire dont l\u2019une des missions principales constitue le rel\u00e8vement du plateau technique m\u00e9dical, corrobore non seulement la vision mais aussi et surtout la forte volont\u00e9 des autorit\u00e9s de la Transition de doter le Centre de m\u00e9decine du sport en \u00e9quipements m\u00e9dicaux de derni\u00e8re g\u00e9n\u00e9ration. C\u2019est alors un grand plaisir pour nous de recevoir cet important don de la Fondation 221 dont la valeur est estim\u00e9e \u00e0 150 millions de F CFA et qui inscrit par la m\u00eame occasion la Fondation 221 parmi les partenaires privil\u00e9gi\u00e9s du Centre de m\u00e9decine du sport.<\/em><\/p>\n\n\n\n<p><em>Au nom de l\u2019ensemble du personnel et au mien propre, j\u2019exprime toute notre gratitude \u00e0 la Fondation 221 pour ce geste qui marque, nous en sommes convaincus, le d\u00e9but d\u2019un solide et durable partenariat qui pr\u00e9c\u00e8de \u00e0 d\u2019autres actions de ce genre. Pour notre part, nous sommes d\u00e9termin\u00e9s \u00e0 nourrir ce partenariat et \u00e0 travailler main dans la main avec la Fondation 221 pour qu\u2019ensemble nous puissions r\u00e9aliser nos missions communes au b\u00e9n\u00e9fice des sportifs maliens\u201d<\/em>, a d\u00e9clar\u00e9 Dr. Lalla Mint Mohamed. Avant de rappeler que les principales missions du Centre de m\u00e9decine du sport. Il s\u2019agit d\u2019assurer l\u2019encadrement sanitaire des sportifs, d\u2019effectuer des recherches en science de la sant\u00e9 du sport, de lutter contre le dopage en milieu sportif, de promouvoir l\u2019activit\u00e9 physique, sportive et la culture m\u00e9dicale dans la pratique du sport, d\u2019assurer les soins sp\u00e9cialis\u00e9s en m\u00e9decine du sport. Sans oublier la formation continue des personnels m\u00e9dicaux, param\u00e9dicaux et techniciens dans le domaine de la m\u00e9decine du sport.<\/p>\n\n\n\n<p>Pour mener \u00e0 bien ses missions, le centre dispose d\u2019un d\u00e9partement d\u2019examen compl\u00e9mentaire constitu\u00e9 des salles de radiographie, d\u2019\u00e9chographie, de scanner, d\u2019IRM et d\u2019un laboratoire biologique. Ce n\u2019est pas tout. Il dispose \u00e9galement d\u2019un d\u00e9partement charg\u00e9 de la lutte contre le dopage, d\u2019un d\u00e9partement de consultation et de la kin\u00e9sith\u00e9rapie.<\/p>\n\n\n\n<p>La directrice par int\u00e9rim du Centre de M\u00e9decine du Sport a saisi cette tribune pour adresser une mention sp\u00e9ciale au ministre Mossa Ag Attaher pour tous les efforts fournis pour la bonne marche du Centre.&nbsp;<em>\u201cJe profite de cette occasion pour vous informer qu\u2019\u00e0 ce jour, ce joyau architectural est \u00e9quip\u00e9 et enti\u00e8rement financ\u00e9 sur le budget national et tous ses d\u00e9partements sont op\u00e9rationnels. Et cela, gr\u00e2ce \u00e0 la d\u00e9termination et \u00e0 l\u2019engagement d\u2019un homme qui a donn\u00e9 un nouveau souffle, une nouvelle dynamique au sport et \u00e0 l\u2019engagement citoyen dans notre pays. Un homme qui tient, comme \u00e0 la prunelle de ses yeux, \u00e0 la bonne sant\u00e9, au bien-\u00eatre, \u00e0 la motivation et \u00e0 la comp\u00e9titivit\u00e9 des sportifs maliens !<\/em><\/p>\n\n\n\n<p><em>Permettez-moi d\u2019exprimer notre profonde gratitude \u00e0 l\u2019endroit du ministre Mossa Ag Attaher pour toutes ces \u0153uvres susmentionn\u00e9es. Je voudrai remercier M. le ministre d\u2019avoir fait de ce centre, conform\u00e9ment \u00e0 la vision des plus hautes autorit\u00e9s, un centre de r\u00e9f\u00e9rence pour l\u2019am\u00e9lioration de la prise en charge et du suivi des sportifs maliens\u201d<\/em>, dira-t-elle. Avant de rendre un vibrant hommage&nbsp;<em>\u201c\u00e0 tous les acteurs de la m\u00e9decine du sport qui se sont battus au fil du temps pour que ce centre tant souhait\u00e9 par le monde du sport ne voit le jour\u201d.<\/em><\/p>\n\n\n\n<p>Pour conclure, Dr. Lalla Mint Mohamed a donn\u00e9 l\u2019assurance de sa d\u00e9termination et engagement de faire bon usage du mat\u00e9riel et des \u00e9quipements et d\u2019assurer une prise en charge efficace et efficiente de tous les sportifs maliens.<\/p>\n\n\n\n<p>Prenant la parole, Amadou Diarra Yalcouy\u00e9 a, au nom du ministre Mossa Ag Attaher, remerci\u00e9 la Fondation 221 pour ce geste tr\u00e8s important \u00e0 l\u2019endroit du Centre de m\u00e9decine du sport.&nbsp;<em>\u201cLa pr\u00e9sente donation en mat\u00e9riels m\u00e9dicaux intervient \u00e0 un moment appropri\u00e9. En effet, le Centre de m\u00e9decine du sport amorce son envol dans un environnement o\u00f9 le sport devient de plus en plus une comp\u00e9tition rude et exigeante en termes de suivi et d\u2019encadrement m\u00e9dical. Il est connu et est de notori\u00e9t\u00e9 que la performance sportive est fortement li\u00e9e au suivi de la sant\u00e9 des sportifs. Plus le suivi des sportifs est r\u00e9gulier avec du mat\u00e9riel de pointe et des soins de qualit\u00e9, plus les performances sportives peuvent \u00eatre r\u00e9alis\u00e9es.<\/em><\/p>\n\n\n\n<p><em>C\u2019est pourquoi, au nom du ministre Mossa Ag Attaher, je voudrais exprimer \u00e0 la Fondation 221 toute la gratitude du d\u00e9partement pour ce geste de magnanimit\u00e9, ce geste qui renforce, ce geste qui stimule la performance, la performance de nos sportifs pour que la devise olympique : plus haut, plus fort, plus vite, soit le cr\u00e9do des sportifs maliens\u201d.&nbsp;<\/em>Parole d\u2019Amadou Diarra Yalcouy\u00e9.<\/p>\n\n\n\n<p>S\u2019adressant au coordonnateur de la Fondation 221, il dira que&nbsp;<em>\u201cen mettant \u00e0 la disposition du Centre de m\u00e9decine du sport ce lot d\u2019\u00e9quipements m\u00e9dicaux, vous venez d\u2019illustrer le but humanitaire et la solidarit\u00e9 de votre Fondation dans le renforcement des plateaux techniques m\u00e9dicaux des centres hospitaliers partenaires\u201d<\/em>. Avant de pr\u00e9ciser que&nbsp;<em>\u201cces dons contribueront \u00e0 conforter le d\u00e9veloppement des ressources propres du Centre de m\u00e9decine du sport et fonder l\u2019espoir pour le raffermissement d\u2019une relation de partenariat f\u00e9cond avec le centre aux fins d\u2019en faire une r\u00e9f\u00e9rence tant dans le paysage des \u00e9tablissements publics nationaux que des centres africains du domaine. &nbsp;Le d\u00e9fi n\u2019est nullement au-dessus de nos ambitions et de vos potentialit\u00e9s. Je sais compter sur votre g\u00e9n\u00e9rosit\u00e9 pour un accompagnement technique plus dense et r\u00e9gulier\u201d.<\/em><\/p>\n\n\n\n<p>Amadou Diarra Yalcouy\u00e9 a profit\u00e9 pour convier la directrice par int\u00e9rim du Centre et son \u00e9quipe \u00e0 une utilisation judicieuse de ces \u00e9quipements m\u00e9dicaux et \u00e0 veiller \u00e0 leur gestion et \u00e0 leur rentabilisation.&nbsp;<em>\u201cLe Centre de m\u00e9decine du sport n\u2019est pas ici seulement pour les sportifs. Il est l\u00e0 aussi pour vous, toutes et tous. Il est votre Centre. Il faut le pratiquer. Il faut l\u2019aider \u00e0 rayonner. Et je sais compter sur vous. Notez d\u00e9j\u00e0 que depuis un an, la visite m\u00e9dicale de toutes les recrues du Service National des Jeunes s\u2019effectue ici au Centre\u201d<\/em>, a-t-il conclu.<strong>&nbsp;&nbsp;&nbsp;&nbsp;&nbsp;&nbsp;&nbsp;&nbsp;&nbsp;&nbsp;&nbsp;&nbsp;&nbsp;&nbsp;&nbsp;&nbsp;&nbsp;&nbsp;&nbsp;&nbsp;&nbsp;&nbsp;&nbsp;&nbsp;&nbsp;&nbsp;&nbsp;&nbsp;&nbsp;&nbsp;&nbsp;&nbsp;&nbsp;&nbsp;&nbsp;&nbsp;&nbsp;&nbsp;&nbsp;&nbsp;&nbsp;&nbsp;&nbsp;&nbsp;&nbsp;&nbsp;&nbsp;&nbsp;&nbsp;&nbsp;&nbsp;&nbsp;&nbsp;&nbsp;&nbsp;&nbsp;&nbsp;&nbsp;<\/strong><\/p>\n\n\n\n<p><strong>El Hadj A.B. HAIDARA<\/strong><\/p>\n","protected":false},"excerpt":{"rendered":"<p>Mention sp\u00e9ciale \u00e0 Mossa Ag Attaher ! En tant qu\u2019une organisation humanitaire, la Fondation 221 vient d\u2019offrir des \u00e9quipements m\u00e9dicaux de derni\u00e8re g\u00e9n\u00e9ration au Centre de m\u00e9decine du sport. D\u2019un&hellip;<\/p>\n","protected":false},"author":1,"featured_media":13041,"comment_status":"open","ping_status":"closed","sticky":false,"template":"","format":"standard","meta":{"content-type":"","_lmt_disableupdate":"","_lmt_disable":"","_jetpack_memberships_contains_paid_content":false,"footnotes":"","jetpack_publicize_message":"","jetpack_publicize_feature_enabled":true,"jetpack_social_post_already_shared":true,"jetpack_social_options":{"image_generator_settings":{"template":"highway","default_image_id":0,"font":"","enabled":false},"version":2}},"categories":[19,6],"tags":[],"class_list":["post-13039","post","type-post","status-publish","format-standard","has-post-thumbnail","hentry","category-aujourdhui-mali","category-sports"],"jetpack_publicize_connections":[],"featured_image_urls":{"full":"","thumbnail":"","medium":"","medium_large":"","large":"","1536x1536":"","2048x2048":"","penci-recipe-1200x1200":"","penci-recipe-1200x900":"","penci-recipe-1200x675":"","penci-single-full":"","penci-slider-full-thumb":"","penci-full-thumb":"","penci-slider-thumb":"","penci-magazine-slider":"","penci-thumb":"","penci-masonry-thumb":"","penci-thumb-square":"","penci-thumb-vertical":"","penci-thumb-small":""},"author_info":{"display_name":"Nandi","author_link":"https:\/\/nandi.info\/?author=1"},"category_info":"<a href=\"https:\/\/nandi.info\/?cat=19\" rel=\"category\">Aujourd\u2019hui Mali<\/a> <a href=\"https:\/\/nandi.info\/?cat=6\" rel=\"category\">Sports<\/a>","tag_info":"Sports","comment_count":"0","jetpack_featured_media_url":"","jetpack_sharing_enabled":true,"_links":{"self":[{"href":"https:\/\/nandi.info\/index.php?rest_route=\/wp\/v2\/posts\/13039","targetHints":{"allow":["GET"]}}],"collection":[{"href":"https:\/\/nandi.info\/index.php?rest_route=\/wp\/v2\/posts"}],"about":[{"href":"https:\/\/nandi.info\/index.php?rest_route=\/wp\/v2\/types\/post"}],"author":[{"embeddable":true,"href":"https:\/\/nandi.info\/index.php?rest_route=\/wp\/v2\/users\/1"}],"replies":[{"embeddable":true,"href":"https:\/\/nandi.info\/index.php?rest_route=%2Fwp%2Fv2%2Fcomments&post=13039"}],"version-history":[{"count":0,"href":"https:\/\/nandi.info\/index.php?rest_route=\/wp\/v2\/posts\/13039\/revisions"}],"wp:featuredmedia":[{"embeddable":true,"href":"https:\/\/nandi.info\/index.php?rest_route=\/"}],"wp:attachment":[{"href":"https:\/\/nandi.info\/index.php?rest_route=%2Fwp%2Fv2%2Fmedia&parent=13039"}],"wp:term":[{"taxonomy":"category","embeddable":true,"href":"https:\/\/nandi.info\/index.php?rest_route=%2Fwp%2Fv2%2Fcategories&post=13039"},{"taxonomy":"post_tag","embeddable":true,"href":"https:\/\/nandi.info\/index.php?rest_route=%2Fwp%2Fv2%2Ftags&post=13039"}],"curies":[{"name":"wp","href":"https:\/\/api.w.org\/{rel}","templated":true}]}}