{"id":13029,"date":"2023-04-19T14:51:58","date_gmt":"2023-04-19T12:51:58","guid":{"rendered":"https:\/\/nandi.info\/?p=13029"},"modified":"2023-04-19T14:51:58","modified_gmt":"2023-04-19T12:51:58","slug":"enlevement-du-greffier-en-chef-du-tribunal-de-dire-le-syndicat-libre-de-la-magistrature-invite-letat-a-tout-mettre-en-oeuvre-pour-ramener-cet-otage-de-trop-a-sa-famille","status":"publish","type":"post","link":"https:\/\/nandi.info\/?p=13029","title":{"rendered":"Enl\u00e8vement du Greffier en chef du tribunal de Dir\u00e9 : Le Syndicat libre de la Magistrature invite l\u2019Etat \u00e0 \u00ab tout mettre en \u0153uvre pour ramener cet otage de trop \u00e0 sa famille\u00bb"},"content":{"rendered":"\n<p class=\"has-drop-cap\">Dans un communiqu\u00e9 rendu public, le 17 avril 2023, le Syndicat Libre de la Magistrature (SY.LI.MA), pr\u00e9sid\u00e9 par Hady Macky Sall, dit avoir appris avec consternation, le samedi 15 avril 2023, l\u2019enl\u00e8vement \u00e0 Dir\u00e9 de Ma\u00eetre Ballan SIDIBE, Greffier en chef de la Justice de Paix \u00e0 Comp\u00e9tence Etendue dudit cercle, par des hommes arm\u00e9s non identifi\u00e9s. Furieux de cet \u00e9tat de fait, le SYLIMA invite l\u2019Etat du Mali \u00e0 \u00ab tout mettre en oeuvre pour ramener cet otage de trop \u00e0 sa famille d\u2019autant que cet incident malheureux est survenu pendant que le Greffier en chef \u00e9tait en mission r\u00e9guli\u00e8re de la puissance publique dans une zone \u00e0 fort risque \u00bb. Selon le syndicat des Magistrats, le Gouvernement malien \u00ab ne se soucie de la s\u00e9curisation des juridictions ainsi que des personnels judiciaires que lorsqu\u2019il y a p\u00e9ril au sein du sanctuaire judiciaire \u00bb.<\/p>\n\n\n\n<p>Le Syndicat Libre de la Magistrature (SY.LI.MA) dit avoir appris avec consternation, le samedi 15 avril 2023, l\u2019enl\u00e8vement \u00e0 Dir\u00e9 de Ma\u00eetre Ballan SIDIBE, Greffier en chef de la Justice de Paix \u00e0 Comp\u00e9tence Etendue dudit cercle, par des hommes arm\u00e9s non identifi\u00e9s. En cette circonstance particuli\u00e8rement \u00e9prouvante, le SYLIMA exprime sa compassion au collaborateur injustement priv\u00e9 de sa libert\u00e9 et rassure les proches et parents de l\u2019int\u00e9ress\u00e9 ainsi que l\u2019ensemble des Greffiers et Secr\u00e9taires de Greffes et Parquets du Mali de sa fraternelle solidarit\u00e9.<\/p>\n\n\n\n<p>\u00ab Le SYLIMA regrette profond\u00e9ment l\u2019attitude du Gouvernement malien qui ne se soucie de la s\u00e9curisation des juridictions ainsi que des personnels judiciaires que lorsqu\u2019il y a p\u00e9ril au sein du sanctuaire judiciaire. Il en appelle au respect de la parole donn\u00e9e par l\u2019Etat du Mali qu\u2019il engage, par ailleurs, \u00e0 tout mettre en \u0153uvre pour ramener cet otage de trop \u00e0 sa famille d\u2019autant que cet incident malheureux est survenu pendant que le Greffier en chef \u00e9tait en mission r\u00e9guli\u00e8re de la puissance publique dans une zone \u00e0 fort risque \u00bb, r\u00e9v\u00e8le le communiqu\u00e9 du SYLIMA.<\/p>\n\n\n\n<p>Tout en esp\u00e9rant retrouver Ma\u00eetre Ballan SIDIBE sain, sauf et surtout dans les meilleurs d\u00e9lais, le SYLIMA condamne fermement la violence sous quelque forme que ce soit, et r\u00e9affirme sa solidarit\u00e9 au Syndicat National des Greffiers et Secr\u00e9taires de Greffes et Parquets du Mali (SYNAG), son fid\u00e8le et traditionnel partenaire.<\/p>\n\n\n\n<p><strong>Aguibou Sogodogo<\/strong><\/p>\n","protected":false},"excerpt":{"rendered":"<p>Dans un communiqu\u00e9 rendu public, le 17 avril 2023, le Syndicat Libre de la Magistrature (SY.LI.MA), pr\u00e9sid\u00e9 par Hady Macky Sall, dit avoir appris avec consternation, le samedi 15 avril&hellip;<\/p>\n","protected":false},"author":1,"featured_media":13030,"comment_status":"open","ping_status":"closed","sticky":false,"template":"","format":"standard","meta":{"content-type":"","_lmt_disableupdate":"","_lmt_disable":"","_jetpack_memberships_contains_paid_content":false,"footnotes":"","jetpack_publicize_message":"","jetpack_publicize_feature_enabled":true,"jetpack_social_post_already_shared":true,"jetpack_social_options":{"image_generator_settings":{"template":"highway","default_image_id":0,"font":"","enabled":false},"version":2}},"categories":[69,21],"tags":[],"class_list":["post-13029","post","type-post","status-publish","format-standard","has-post-thumbnail","hentry","category-le-republicain-mali","category-societe"],"jetpack_publicize_connections":[],"featured_image_urls":{"full":"","thumbnail":"","medium":"","medium_large":"","large":"","1536x1536":"","2048x2048":"","penci-recipe-1200x1200":"","penci-recipe-1200x900":"","penci-recipe-1200x675":"","penci-single-full":"","penci-slider-full-thumb":"","penci-full-thumb":"","penci-slider-thumb":"","penci-magazine-slider":"","penci-thumb":"","penci-masonry-thumb":"","penci-thumb-square":"","penci-thumb-vertical":"","penci-thumb-small":""},"author_info":{"display_name":"Nandi","author_link":"https:\/\/nandi.info\/?author=1"},"category_info":"<a href=\"https:\/\/nandi.info\/?cat=69\" rel=\"category\">Le R\u00e9publicain Mali<\/a> <a href=\"https:\/\/nandi.info\/?cat=21\" rel=\"category\">Soci\u00e9t\u00e9<\/a>","tag_info":"Soci\u00e9t\u00e9","comment_count":"0","jetpack_featured_media_url":"","jetpack_sharing_enabled":true,"_links":{"self":[{"href":"https:\/\/nandi.info\/index.php?rest_route=\/wp\/v2\/posts\/13029","targetHints":{"allow":["GET"]}}],"collection":[{"href":"https:\/\/nandi.info\/index.php?rest_route=\/wp\/v2\/posts"}],"about":[{"href":"https:\/\/nandi.info\/index.php?rest_route=\/wp\/v2\/types\/post"}],"author":[{"embeddable":true,"href":"https:\/\/nandi.info\/index.php?rest_route=\/wp\/v2\/users\/1"}],"replies":[{"embeddable":true,"href":"https:\/\/nandi.info\/index.php?rest_route=%2Fwp%2Fv2%2Fcomments&post=13029"}],"version-history":[{"count":0,"href":"https:\/\/nandi.info\/index.php?rest_route=\/wp\/v2\/posts\/13029\/revisions"}],"wp:featuredmedia":[{"embeddable":true,"href":"https:\/\/nandi.info\/index.php?rest_route=\/"}],"wp:attachment":[{"href":"https:\/\/nandi.info\/index.php?rest_route=%2Fwp%2Fv2%2Fmedia&parent=13029"}],"wp:term":[{"taxonomy":"category","embeddable":true,"href":"https:\/\/nandi.info\/index.php?rest_route=%2Fwp%2Fv2%2Fcategories&post=13029"},{"taxonomy":"post_tag","embeddable":true,"href":"https:\/\/nandi.info\/index.php?rest_route=%2Fwp%2Fv2%2Ftags&post=13029"}],"curies":[{"name":"wp","href":"https:\/\/api.w.org\/{rel}","templated":true}]}}