{"id":13026,"date":"2023-04-19T14:49:20","date_gmt":"2023-04-19T12:49:20","guid":{"rendered":"https:\/\/nandi.info\/?p=13026"},"modified":"2023-04-19T14:49:20","modified_gmt":"2023-04-19T12:49:20","slug":"mali-un-pole-judiciaire-specialise-pour-lutter-contre-le-terrorisme-et-la-criminalite-transnationale-organisee","status":"publish","type":"post","link":"https:\/\/nandi.info\/?p=13026","title":{"rendered":"Mali : Un p\u00f4le judiciaire sp\u00e9cialis\u00e9 pour lutter contre le terrorisme et la criminalit\u00e9 transnationale organis\u00e9e"},"content":{"rendered":"\n<p><strong>Le Mali est dans la dynamique de se conformer aux principes directeurs qui fondent la lutte contre le terrorisme. Notre pays s\u2019est souscrit aux respects des droits de l\u2019Homme et entend se conformer aux engagements internationaux. C\u2019est dans cette perspective que le Gouvernement vient d\u2019adopter des projets de texte relatifs au P\u00f4le judiciaire sp\u00e9cialis\u00e9 en mati\u00e8re de lutte contre le terrorisme et la criminalit\u00e9 transnationale organis\u00e9e.<\/strong><\/p>\n\n\n\n<p class=\"has-drop-cap\">Cette nouvelle a \u00e9t\u00e9 annonc\u00e9e le vendredi 14 avril 2023, \u00e0 l\u2019issue du conseil des ministres. Selon le communiqu\u00e9 du conseil, le P\u00f4le judiciaire sp\u00e9cialis\u00e9 en mati\u00e8re de lutte contre le terrorisme et la criminalit\u00e9 transnationale organis\u00e9e, institu\u00e9 aupr\u00e8s du Tribunal de Grande Instance de la Commune VI du District de Bamako, est comp\u00e9tent pour juger les infractions relatives aux violations graves des droits de l\u2019Homme et du droit international humanitaire. Ces infractions portent notamment sur les violences sexuelles, les atteintes aux biens culturels, les ex\u00e9cutions sommaires ou autres crimes susceptibles d\u2019\u00eatre qualifi\u00e9s de crimes contre l\u2019humanit\u00e9, le crime de guerre et de g\u00e9nocide.<\/p>\n\n\n\n<p>La complexit\u00e9 des dossiers trait\u00e9s n\u00e9cessite la mise en place des formations de jugement au sein du P\u00f4le Judiciaire sp\u00e9cialis\u00e9 compos\u00e9es de magistrats \u00e0 la fois sp\u00e9cialis\u00e9s et pleinement d\u00e9di\u00e9s afin d\u2019\u00e9viter l\u2019enlisement des proc\u00e9dures et permettre le jugement des dossiers dans des d\u00e9lais raisonnables conform\u00e9ment aux principes directeurs qui fondent la lutte contre le terrorisme, le respect des droits de l\u2019Homme et les engagements internationaux souscrits par notre pays.<\/p>\n\n\n\n<p>Par cette r\u00e9forme, le P\u00f4le judiciaire sp\u00e9cialis\u00e9 en mati\u00e8re de lutte contre le terrorisme et la criminalit\u00e9 transnationale organis\u00e9e sera s\u00e9par\u00e9 du Tribunal de Grande Instance de la Commune VI du District de Bamako. Ainsi, ce p\u00f4le judiciaire sera compos\u00e9 de mani\u00e8re suivante : d\u2019un parquet sp\u00e9cialis\u00e9 dirig\u00e9 par un Procureur de la R\u00e9publique charg\u00e9 de la lutte contre le terrorisme et la criminalit\u00e9 transnationale organis\u00e9e, plac\u00e9 sous l\u2019autorit\u00e9 du Procureur G\u00e9n\u00e9ral pr\u00e8s la Cour d\u2019Appel de Bamako ; de Cabinets d\u2019instruction sp\u00e9cialis\u00e9s charg\u00e9s d\u2019instruire exclusivement les affaires relevant de la comp\u00e9tence du P\u00f4le judiciaire sp\u00e9cialis\u00e9 ; de Chambres correctionnelles sp\u00e9cialis\u00e9es en mati\u00e8re de terrorisme et de criminalit\u00e9 transnationale organis\u00e9e. L\u2019on note \u00e9galement au sein de ce p\u00f4le une Brigade d\u2019investigations sp\u00e9cialis\u00e9e dite Brigade de lutte contre le terrorisme et la criminalit\u00e9 transnationale organis\u00e9e et aussi d\u2019un staff d\u2019assistants qui sont sp\u00e9cialistes ou experts suivant leur domaine de comp\u00e9tence mis \u00e0 la disposition du ministre charg\u00e9 de la Justice par l\u2019autorit\u00e9 comp\u00e9tente.<\/p>\n\n\n\n<p>En outre, en vue de renforcer l\u2019efficacit\u00e9 dans la lutte contre ce ph\u00e9nom\u00e8ne criminel, les dispositions portant sur la prescription, la garde \u00e0 vue, les perquisitions, les saisies, l\u2019audition des t\u00e9moins et la d\u00e9tention provisoire ont \u00e9t\u00e9 revues. La modification introduit \u00e9galement certaines techniques sp\u00e9ciales d\u2019enqu\u00eate dans le dispositif juridique.<\/p>\n\n\n\n<p>Pour le Gouvernement, les projets de texte adopt\u00e9s alignent le P\u00f4le judiciaire sp\u00e9cialis\u00e9 en mati\u00e8re de lutte contre le terrorisme et la criminalit\u00e9 sur les standards requis qui ont pr\u00e9valu \u00e0 la cr\u00e9ation d\u2019un P\u00f4le national \u00e9conomique et financier et d\u2019un P\u00f4le national de lutte contre la cybercriminalit\u00e9 \u00e0 comp\u00e9tence nationale.<\/p>\n\n\n\n<p><strong>Sidiki Demb\u00e9l\u00e9<\/strong><\/p>\n","protected":false},"excerpt":{"rendered":"<p>Le Mali est dans la dynamique de se conformer aux principes directeurs qui fondent la lutte contre le terrorisme. Notre pays s\u2019est souscrit aux respects des droits de l\u2019Homme et&hellip;<\/p>\n","protected":false},"author":1,"featured_media":0,"comment_status":"open","ping_status":"closed","sticky":false,"template":"","format":"standard","meta":{"content-type":"","_lmt_disableupdate":"","_lmt_disable":"","_jetpack_memberships_contains_paid_content":false,"footnotes":"","jetpack_publicize_message":"","jetpack_publicize_feature_enabled":true,"jetpack_social_post_already_shared":true,"jetpack_social_options":{"image_generator_settings":{"template":"highway","default_image_id":0,"font":"","enabled":false},"version":2}},"categories":[69,21],"tags":[],"class_list":["post-13026","post","type-post","status-publish","format-standard","hentry","category-le-republicain-mali","category-societe"],"jetpack_publicize_connections":[],"featured_image_urls":{"full":"","thumbnail":"","medium":"","medium_large":"","large":"","1536x1536":"","2048x2048":"","penci-recipe-1200x1200":"","penci-recipe-1200x900":"","penci-recipe-1200x675":"","penci-single-full":"","penci-slider-full-thumb":"","penci-full-thumb":"","penci-slider-thumb":"","penci-magazine-slider":"","penci-thumb":"","penci-masonry-thumb":"","penci-thumb-square":"","penci-thumb-vertical":"","penci-thumb-small":""},"author_info":{"display_name":"Nandi","author_link":"https:\/\/nandi.info\/?author=1"},"category_info":"<a href=\"https:\/\/nandi.info\/?cat=69\" rel=\"category\">Le R\u00e9publicain Mali<\/a> <a href=\"https:\/\/nandi.info\/?cat=21\" rel=\"category\">Soci\u00e9t\u00e9<\/a>","tag_info":"Soci\u00e9t\u00e9","comment_count":"0","jetpack_featured_media_url":"","jetpack_sharing_enabled":true,"_links":{"self":[{"href":"https:\/\/nandi.info\/index.php?rest_route=\/wp\/v2\/posts\/13026","targetHints":{"allow":["GET"]}}],"collection":[{"href":"https:\/\/nandi.info\/index.php?rest_route=\/wp\/v2\/posts"}],"about":[{"href":"https:\/\/nandi.info\/index.php?rest_route=\/wp\/v2\/types\/post"}],"author":[{"embeddable":true,"href":"https:\/\/nandi.info\/index.php?rest_route=\/wp\/v2\/users\/1"}],"replies":[{"embeddable":true,"href":"https:\/\/nandi.info\/index.php?rest_route=%2Fwp%2Fv2%2Fcomments&post=13026"}],"version-history":[{"count":0,"href":"https:\/\/nandi.info\/index.php?rest_route=\/wp\/v2\/posts\/13026\/revisions"}],"wp:attachment":[{"href":"https:\/\/nandi.info\/index.php?rest_route=%2Fwp%2Fv2%2Fmedia&parent=13026"}],"wp:term":[{"taxonomy":"category","embeddable":true,"href":"https:\/\/nandi.info\/index.php?rest_route=%2Fwp%2Fv2%2Fcategories&post=13026"},{"taxonomy":"post_tag","embeddable":true,"href":"https:\/\/nandi.info\/index.php?rest_route=%2Fwp%2Fv2%2Ftags&post=13026"}],"curies":[{"name":"wp","href":"https:\/\/api.w.org\/{rel}","templated":true}]}}