{"id":12998,"date":"2023-04-17T15:06:58","date_gmt":"2023-04-17T13:06:58","guid":{"rendered":"https:\/\/nandi.info\/?p=12998"},"modified":"2023-04-17T15:06:58","modified_gmt":"2023-04-17T13:06:58","slug":"communique-n007-2023-cp-mp-de-la-maison-de-la-presse-sur-la-disparition-du-directeur-dinternews-au-mali-monsieur-moussa-doumbia","status":"publish","type":"post","link":"https:\/\/nandi.info\/?p=12998","title":{"rendered":"Communiqu\u00e9 N\u00b0007- 2023- CP\/MP de la Maison de la presse sur la disparition du\u00a0 Directeur d\u2019Internews au Mali, Monsieur Moussa DOUMBIA\u00a0"},"content":{"rendered":"\n<p>C\u2019est avec une grande tristesse que la Maison de la Presse a appris la disparition du&nbsp; Directeur&nbsp; &nbsp; d\u2019Internews au Mali, Monsieur Moussa DOUMBIA.&nbsp;<\/p>\n\n\n\n<p>Nous avons eu l\u2019opportunit\u00e9 de tisser des relations de partenariat.<\/p>\n\n\n\n<p>Nous compatissons \u00e0 la douleur qu\u2019est celle de la famille et des proches collaborateurs aujourd\u2019hui.<\/p>\n\n\n\n<p>Nous&nbsp; retenons de&nbsp; Monsieur DOUMBIA, une personne qui avait un courage et une force de vie admirable. Il avait la volont\u00e9 mais, surtout la&nbsp; conviction que des m\u00e9dias professionnels, responsable et libres sont un garant d\u2019un Mali de paix et de coh\u00e9sion sociale.<\/p>\n\n\n\n<p>Le vide qu\u2019il laisse derri\u00e8re lui nous en donne la confirmation.<\/p>\n\n\n\n<p>La Maison de la&nbsp; Presse, au nom\u2019 de l\u2019ensemble de la Presse malienne pr\u00e9sente ses condol\u00e9ances \u00e0 toute l\u2019\u00e9quipe d\u2019Internews Mali et&nbsp; \u00e0 sa famille \u00e9plor\u00e9es.&nbsp;&nbsp;<\/p>\n\n\n\n<p>Nous leur transmettons notre soutien et notre profonde sympathie.<\/p>\n\n\n\n<p>Que le paradis soit sa demeure \u00e9ternelle\u2009!<\/p>\n\n\n\n<p><strong>Bamako, le\u00a0 17 avril 2023<\/strong><\/p>\n\n\n\n<p><strong>Le Pr\u00e9sident de la Maison de la Presse\u00a0<\/strong><\/p>\n\n\n\n<p><strong>El Hadj Bandiougou DANT\u00c9<\/strong><\/p>\n\n\n\n<p><strong>Chevalier de l\u2019Ordre National<\/strong><\/p>\n","protected":false},"excerpt":{"rendered":"<p>C\u2019est avec une grande tristesse que la Maison de la Presse a appris la disparition du&nbsp; Directeur&nbsp; &nbsp; d\u2019Internews au Mali, Monsieur Moussa DOUMBIA.&nbsp; Nous avons eu l\u2019opportunit\u00e9 de tisser&hellip;<\/p>\n","protected":false},"author":1,"featured_media":12999,"comment_status":"open","ping_status":"closed","sticky":false,"template":"","format":"standard","meta":{"content-type":"","_lmt_disableupdate":"","_lmt_disable":"","_jetpack_memberships_contains_paid_content":false,"footnotes":"","jetpack_publicize_message":"","jetpack_publicize_feature_enabled":true,"jetpack_social_post_already_shared":true,"jetpack_social_options":{"image_generator_settings":{"template":"highway","default_image_id":0,"font":"","enabled":false},"version":2}},"categories":[35,43,37,21],"tags":[],"class_list":["post-12998","post","type-post","status-publish","format-standard","has-post-thumbnail","hentry","category-communique","category-nandi-info","category-necrologie","category-societe"],"jetpack_publicize_connections":[],"featured_image_urls":{"full":"","thumbnail":"","medium":"","medium_large":"","large":"","1536x1536":"","2048x2048":"","penci-recipe-1200x1200":"","penci-recipe-1200x900":"","penci-recipe-1200x675":"","penci-single-full":"","penci-slider-full-thumb":"","penci-full-thumb":"","penci-slider-thumb":"","penci-magazine-slider":"","penci-thumb":"","penci-masonry-thumb":"","penci-thumb-square":"","penci-thumb-vertical":"","penci-thumb-small":""},"author_info":{"display_name":"Nandi","author_link":"https:\/\/nandi.info\/?author=1"},"category_info":"<a href=\"https:\/\/nandi.info\/?cat=35\" rel=\"category\">Communiqu\u00e9<\/a> <a href=\"https:\/\/nandi.info\/?cat=43\" rel=\"category\">Nandi.info<\/a> <a href=\"https:\/\/nandi.info\/?cat=37\" rel=\"category\">N\u00e9crologie<\/a> <a href=\"https:\/\/nandi.info\/?cat=21\" rel=\"category\">Soci\u00e9t\u00e9<\/a>","tag_info":"Soci\u00e9t\u00e9","comment_count":"0","jetpack_featured_media_url":"","jetpack_sharing_enabled":true,"_links":{"self":[{"href":"https:\/\/nandi.info\/index.php?rest_route=\/wp\/v2\/posts\/12998","targetHints":{"allow":["GET"]}}],"collection":[{"href":"https:\/\/nandi.info\/index.php?rest_route=\/wp\/v2\/posts"}],"about":[{"href":"https:\/\/nandi.info\/index.php?rest_route=\/wp\/v2\/types\/post"}],"author":[{"embeddable":true,"href":"https:\/\/nandi.info\/index.php?rest_route=\/wp\/v2\/users\/1"}],"replies":[{"embeddable":true,"href":"https:\/\/nandi.info\/index.php?rest_route=%2Fwp%2Fv2%2Fcomments&post=12998"}],"version-history":[{"count":0,"href":"https:\/\/nandi.info\/index.php?rest_route=\/wp\/v2\/posts\/12998\/revisions"}],"wp:featuredmedia":[{"embeddable":true,"href":"https:\/\/nandi.info\/index.php?rest_route=\/"}],"wp:attachment":[{"href":"https:\/\/nandi.info\/index.php?rest_route=%2Fwp%2Fv2%2Fmedia&parent=12998"}],"wp:term":[{"taxonomy":"category","embeddable":true,"href":"https:\/\/nandi.info\/index.php?rest_route=%2Fwp%2Fv2%2Fcategories&post=12998"},{"taxonomy":"post_tag","embeddable":true,"href":"https:\/\/nandi.info\/index.php?rest_route=%2Fwp%2Fv2%2Ftags&post=12998"}],"curies":[{"name":"wp","href":"https:\/\/api.w.org\/{rel}","templated":true}]}}