{"id":12968,"date":"2023-04-17T08:40:48","date_gmt":"2023-04-17T06:40:48","guid":{"rendered":"https:\/\/nandi.info\/?p=12968"},"modified":"2023-04-17T08:40:48","modified_gmt":"2023-04-17T06:40:48","slug":"le-mali-releve-la-memoire-selective-de-la-france-devant-le-conseil-de-securite-des-nations-unies-les-forces-francaises-ont-transforme-une-celebration-de-mariage-en-deuil-national-au-mali-a-bo","status":"publish","type":"post","link":"https:\/\/nandi.info\/?p=12968","title":{"rendered":"Le Mali rel\u00e8ve la m\u00e9moire s\u00e9lective de la France devant le conseil de s\u00e9curit\u00e9 des Nations Unies : \u00abLes Forces fran\u00e7aises ont transform\u00e9 une c\u00e9l\u00e9bration de mariage en deuil national au Mali, \u00e0 Bounty \u00bb"},"content":{"rendered":"\n<p class=\"has-drop-cap\">A l\u2019occasion de l\u2019examen, par le Conseil de S\u00e9curit\u00e9 des Nations Unies, du Rapport trimestriel du Secr\u00e9taire g\u00e9n\u00e9ral des Nations Unies sur la situation au Mali, le 12 avril 2023, \u00e0 New-York aux Etats Unis d\u2019Am\u00e9rique (USA), Issa KONFOUROU, ambassadeur, repr\u00e9sentant permanent du Mali aupr\u00e8s des Nations Unies, a prononc\u00e9 un discours dans lequel il charge la France. \u00ab L\u2019Ambassadeur de France se rappellera que dans le rapport de la Commission d\u2019Enqu\u00eate internationale sur le Mali, plusieurs paragraphes sont consacr\u00e9s aux violations des droits de l\u2019Homme sur les populations maliennes par les Forces fran\u00e7aises. J\u2019aurais aim\u00e9 que l\u2019Ambassadeur de France, s\u2019il n\u2019avait pas la m\u00e9moire s\u00e9lective, dise \u00e0 ce Conseil, qu\u2019en janvier 2021, les Forces fran\u00e7aises ont transform\u00e9 une c\u00e9l\u00e9bration de mariage en deuil national au Mali, \u00e0 Bounty \u00bb, a soulign\u00e9 Issa KONFOUROU. Selon le repr\u00e9sentant de la France, M. DE RIVI\u00c8RE, les premiers rapports de l\u2019ONU sur cet incident \u00e9taient \u00ab malheureusement inexacts et infond\u00e9s \u00bb.<\/p>\n\n\n\n<p>Dans son discours, le repr\u00e9sentant du Mali aupr\u00e8s de l\u2019Organisation des Nations Unies (ONU), Issa KONFOUROU, a fait savoir que le Gouvernement s\u2019emploie \u00e0 r\u00e9duire les violations des droits de l\u2019Homme qui sont perp\u00e9tr\u00e9es essentiellement par les groupes arm\u00e9s terroristes. A cet \u00e9gard, dit-il, le dispositif institutionnel a franchi une \u00e9tape cruciale, avec la cr\u00e9ation, le 1er f\u00e9vrier 2023, de la Direction nationale des droits de l\u2019Homme qui est, entre autres, charg\u00e9e de coordonner les politiques publiques des droits de l\u2019Homme et de veiller \u00e0 la mise en place des mesures de pr\u00e9vention des violations et abus des droits de l\u2019Homme. Il a indiqu\u00e9 que le Gouvernement travaille \u00e0 lutter contre l\u2019impunit\u00e9, comme en atteste la condamnation, par la Cour d\u2019assises de Bamako, le 24 janvier dernier, d\u2019une personne reconnue coupable d\u2019une attaque ayant co\u00fbt\u00e9 la vie \u00e0 5 Casques bleus et une personne civile, le 22 janvier 2019. Il a rassur\u00e9 que le Gouvernement continuera d\u2019\u0153uvrer inlassablement pour la protection et la promotion des droits de l\u2019Homme ainsi que le respect du droit international humanitaire sur le territoire malien. Cependant, ajoute-t-il, le Mali se dressera avec la m\u00eame \u00e9nergie contre toute utilisation de la question \u00e0 des fins politiques ou de d\u00e9stabilisation. \u00ab Vous avez entendu tout \u00e0 l\u2019heure l\u2019Ambassadeur de France parler avec d\u00e9termination de la situation des droits de l\u2019Homme au Mali. Je voudrais vous dire qu\u2019il a eu une m\u00e9moire s\u00e9lective, lorsqu\u2019il a parl\u00e9 sp\u00e9cifiquement du cas de Moura. L\u2019Ambassadeur de France se rappellera que dans le rapport de la Commission d\u2019Enqu\u00eate internationale sur le Mali, plusieurs paragraphes sont consacr\u00e9s aux violations des droits de l\u2019Homme sur les populations maliennes par les Forces fran\u00e7aises. J\u2019aurais aim\u00e9 qu\u2019il ait la m\u00eame d\u00e9termination \u00e0 \u00e9voquer cela. Deuxi\u00e8mement, j\u2019aurais aim\u00e9 que l\u2019Ambassadeur de France, s\u2019il n\u2019avait pas la m\u00e9moire s\u00e9lective, dise \u00e0 ce Conseil, qu\u2019en janvier 2021, les Forces fran\u00e7aises ont transform\u00e9 une c\u00e9l\u00e9bration de mariage en deuil national au Mali, \u00e0 Bounty. J\u2019aurais bien aim\u00e9, s\u2019il n\u2019avait pas la m\u00e9moire s\u00e9lective, qu\u2019il dise \u00e0 ce Conseil les efforts qu\u2019ils ont faits pour donner suite aux deux rapports qui ont \u00e9t\u00e9 publi\u00e9s, pour ne prendre que ces deux exemples \u00bb, a d\u00e9clar\u00e9 Issa KONFOUROU. Avant de r\u00e9gler ses comptes avec l\u2019Equateur. \u00ab J\u2019ai entendu autour de cette table plusieurs interpellations, y compris de mon voisin de l\u2019Equateur. Je voudrais dire ceci : le Mali a tr\u00e8s peu de le\u00e7ons, sinon pas du tout de le\u00e7ons \u00e0 recevoir d\u2019un pays qui est \u00e9galement interpell\u00e9 par rapport aux violations des droits de l\u2019Homme. La libert\u00e9 d\u2019expression, la libert\u00e9 de se r\u00e9unir, les pers\u00e9cutions contre les journalistes, les pers\u00e9cutions contre les procureurs et les juges sont monnaie courante dans votre pays. N\u2019ayons pas la m\u00e9moire s\u00e9lective concernant les droits de l\u2019Homme, ils sont valables pour nous tous. Je voudrais rassurer que nous restons d\u00e9termin\u00e9s \u00e0 travailler avec vous \u00e0 l\u2019am\u00e9lioration de la situation des droits de l\u2019Homme, mais nous sommes oppos\u00e9s \u00e0 la politisation et \u00e0 la stigmatisation concernant cette question sp\u00e9cifique \u00bb, a-t-il dit. Par ailleurs, il a attir\u00e9 l\u2019attention du Conseil de s\u00e9curit\u00e9 sur la requ\u00eate faite par le Mali. \u00ab Le Gouvernement du Mali, par lettre en date du 1er mars 2023, a express\u00e9ment demand\u00e9 le changement de porte-plume sur tout dossier concernant le Mali devant le Conseil de s\u00e9curit\u00e9, en raison de nombreux faits, document\u00e9s, dont la France s\u2019est rendue coupable vis-\u00e0-vis de mon pays. Je sais pouvoir compter sur la sagesse du Conseil de s\u00e9curit\u00e9 pour donner une suite aux attentes du Mali et faciliter ainsi notre engagement, notamment lors des n\u00e9gociations sur le renouvellement du mandat de la MINUSMA, qui d\u00e9buteront prochainement \u00bb, a conclu Issa KONFOUROU.<\/p>\n\n\n\n<p>Pour sa part, le repr\u00e9sentant de la France, M. DE RIVI\u00c8RE, a dit ne pas avoir l\u2019intention de pol\u00e9miquer avec son homologue du Mali, pr\u00e9cisant toutefois que \u00ab tout ce qui est excessif est insignifiant \u00bb. Or, a-t-il dit, les propos tenus par le repr\u00e9sentant malien \u00e0 l\u2019\u00e9gard de la France sont \u00ab excessifs et donc insignifiants \u00bb. La France, a-t-il rappel\u00e9, est intervenue au Mali \u00e0 la demande des autorit\u00e9s maliennes en 2013, alors que le pays faisait face \u00e0 une offensive d\u2019Al-Qaida, dont les forces progressaient vers la capitale et auraient pris le contr\u00f4le int\u00e9gral du pays \u00ab \u00e0 48 heures pr\u00e8s \u00bb. Il a ajout\u00e9 qu\u2019au d\u00e9but de 2013, \u00ab qu\u2019on le veuille ou non \u00bb, c\u2019est l\u2019arm\u00e9e fran\u00e7aise qui a sauv\u00e9 l\u2019ind\u00e9pendance du Mali. \u00ab Faute de l\u2019intervention fran\u00e7aise, le pays serait tomb\u00e9 aux mains de ce groupe terroriste \u00bb, a soulign\u00e9 le d\u00e9l\u00e9gu\u00e9, avant de rappeler que 50 soldats fran\u00e7ais sont tomb\u00e9s \u00ab pour la d\u00e9fense de l\u2019int\u00e9grit\u00e9, de la souverainet\u00e9 et de la paix du Mali \u00bb. Quant aux faits \u00e9voqu\u00e9s par le repr\u00e9sentant du Mali, il les a qualifi\u00e9s d\u2019inexacts, notamment ceux relatifs \u00e0 un mariage dans le village de Bounty. Selon le repr\u00e9sentant de la France, les premiers rapports de l\u2019ONU sur cet incident \u00e9taient \u00ab malheureusement inexacts et infond\u00e9s \u00bb. \u00ab Basons-nous sur des faits et attendons patiemment que le rapport de Moura sorte \u00bb, a soulign\u00e9 le d\u00e9l\u00e9gu\u00e9, assurant que la France continuera \u00e0 aider le Mali et sa population, qui souffrent et ont \u00ab probablement \u00bb besoin de d\u00e9mocratie.<\/p>\n\n\n\n<p><strong>Aguibou Sogodogo<\/strong><\/p>\n","protected":false},"excerpt":{"rendered":"<p>A l\u2019occasion de l\u2019examen, par le Conseil de S\u00e9curit\u00e9 des Nations Unies, du Rapport trimestriel du Secr\u00e9taire g\u00e9n\u00e9ral des Nations Unies sur la situation au Mali, le 12 avril 2023,&hellip;<\/p>\n","protected":false},"author":1,"featured_media":12972,"comment_status":"open","ping_status":"closed","sticky":false,"template":"","format":"standard","meta":{"content-type":"","_lmt_disableupdate":"","_lmt_disable":"","_jetpack_memberships_contains_paid_content":false,"footnotes":"","jetpack_publicize_message":"","jetpack_publicize_feature_enabled":true,"jetpack_social_post_already_shared":true,"jetpack_social_options":{"image_generator_settings":{"template":"highway","default_image_id":0,"font":"","enabled":false},"version":2}},"categories":[69,59,92,21],"tags":[],"class_list":["post-12968","post","type-post","status-publish","format-standard","has-post-thumbnail","hentry","category-le-republicain-mali","category-nations-unies","category-slider","category-societe"],"jetpack_publicize_connections":[],"featured_image_urls":{"full":"","thumbnail":"","medium":"","medium_large":"","large":"","1536x1536":"","2048x2048":"","penci-recipe-1200x1200":"","penci-recipe-1200x900":"","penci-recipe-1200x675":"","penci-single-full":"","penci-slider-full-thumb":"","penci-full-thumb":"","penci-slider-thumb":"","penci-magazine-slider":"","penci-thumb":"","penci-masonry-thumb":"","penci-thumb-square":"","penci-thumb-vertical":"","penci-thumb-small":""},"author_info":{"display_name":"Nandi","author_link":"https:\/\/nandi.info\/?author=1"},"category_info":"<a href=\"https:\/\/nandi.info\/?cat=69\" rel=\"category\">Le R\u00e9publicain Mali<\/a> <a href=\"https:\/\/nandi.info\/?cat=59\" rel=\"category\">Nations Unies<\/a> <a href=\"https:\/\/nandi.info\/?cat=92\" rel=\"category\">Slider<\/a> <a href=\"https:\/\/nandi.info\/?cat=21\" rel=\"category\">Soci\u00e9t\u00e9<\/a>","tag_info":"Soci\u00e9t\u00e9","comment_count":"0","jetpack_featured_media_url":"","jetpack_sharing_enabled":true,"_links":{"self":[{"href":"https:\/\/nandi.info\/index.php?rest_route=\/wp\/v2\/posts\/12968","targetHints":{"allow":["GET"]}}],"collection":[{"href":"https:\/\/nandi.info\/index.php?rest_route=\/wp\/v2\/posts"}],"about":[{"href":"https:\/\/nandi.info\/index.php?rest_route=\/wp\/v2\/types\/post"}],"author":[{"embeddable":true,"href":"https:\/\/nandi.info\/index.php?rest_route=\/wp\/v2\/users\/1"}],"replies":[{"embeddable":true,"href":"https:\/\/nandi.info\/index.php?rest_route=%2Fwp%2Fv2%2Fcomments&post=12968"}],"version-history":[{"count":0,"href":"https:\/\/nandi.info\/index.php?rest_route=\/wp\/v2\/posts\/12968\/revisions"}],"wp:featuredmedia":[{"embeddable":true,"href":"https:\/\/nandi.info\/index.php?rest_route=\/"}],"wp:attachment":[{"href":"https:\/\/nandi.info\/index.php?rest_route=%2Fwp%2Fv2%2Fmedia&parent=12968"}],"wp:term":[{"taxonomy":"category","embeddable":true,"href":"https:\/\/nandi.info\/index.php?rest_route=%2Fwp%2Fv2%2Fcategories&post=12968"},{"taxonomy":"post_tag","embeddable":true,"href":"https:\/\/nandi.info\/index.php?rest_route=%2Fwp%2Fv2%2Ftags&post=12968"}],"curies":[{"name":"wp","href":"https:\/\/api.w.org\/{rel}","templated":true}]}}