{"id":12957,"date":"2023-04-16T13:14:38","date_gmt":"2023-04-16T11:14:38","guid":{"rendered":"https:\/\/nandi.info\/?p=12957"},"modified":"2023-04-16T13:14:38","modified_gmt":"2023-04-16T11:14:38","slug":"retour-a-lordre-constitutionnel-au-mali-antonio-guterres-presse-les-autorites-de-transition","status":"publish","type":"post","link":"https:\/\/nandi.info\/?p=12957","title":{"rendered":"Retour a l\u2019ordre constitutionnel au Mali : Antonio Guterres presse les autorit\u00e9s de Transition"},"content":{"rendered":"\n<p><strong><em>Dans un rapport, le patron des Nations unies, Antonio Guterres a demand\u00e9 aux autorit\u00e9s de la Transition \u201cd\u2019acc\u00e9l\u00e9rer\u201d la cadence pour rendre le pouvoir \u00e0 des civils d\u2019ici f\u00e9vrier 2024 comme elle s\u2019y est engag\u00e9e devant la communaut\u00e9 internationale.<\/em><\/strong><\/p>\n\n\n\n<p class=\"has-drop-cap\">Le report&nbsp;<em>sine die du r\u00e9f\u00e9rendum<\/em>&nbsp;sur la nouvelle Constitution qui devrait \u00eatre le premier jalon d\u2019une longue s\u00e9rie d\u2019\u00e9lections jusqu\u2019\u00e0 l\u2019hivernage 2024 suscite des inqui\u00e9tudes tant au Mali que dans les grandes chancelleries occidentales. Pour beaucoup, les autorit\u00e9s maliennes de Transition essayent de gagner du temps pour s\u2019\u00e9terniser au pouvoir.<\/p>\n\n\n\n<p>En marge de l\u2019examen du rapport trimestriel du secr\u00e9taire g\u00e9n\u00e9ral des Nations unies sur le Mali par le Conseil de s\u00e9curit\u00e9 mercredi, le secr\u00e9taire g\u00e9n\u00e9ral des Nations unies a relev\u00e9 des \u201cprogr\u00e8s\u201d accomplis par Bamako comme la r\u00e9daction du projet de nouvelle Constitution et la cr\u00e9ation d\u2019une Autorit\u00e9 de gestion ind\u00e9pendante des \u00e9lections. Mais M. Guterres a not\u00e9 un retard dans l\u2019ex\u00e9cution de certaines activit\u00e9s essentielles pouvant conduire \u00e0 un retour \u00e0 l\u2019ordre constitutionnel.<\/p>\n\n\n\n<p>Dans ce rapport, le patron de l\u2019ONU exhorte les autorit\u00e9s de Bamako d\u2019acc\u00e9l\u00e9rer le rythme pour rendre le pouvoir \u00e0 des civils \u00e9lus d\u00e9mocratiquement en f\u00e9vrier 2024 comme elles s\u2019y sont engag\u00e9es.&nbsp;<em>\u201cA moins d\u2019un an de la fin pr\u00e9vue de la Transition, il incombe aux autorit\u00e9s maliennes de faire tout ce qui est en leur pouvoir pour acc\u00e9l\u00e9rer ce processus de sorte que l\u2019ordre constitutionnel soit r\u00e9tabli dans les d\u00e9lais convenus\u201d<\/em>, peut-on lire dans le rapport.<\/p>\n\n\n\n<p>C\u2019est ce jour-l\u00e0 que le Conseil de s\u00e9curit\u00e9 des Nations unies a examin\u00e9 le rapport trimestriel du secr\u00e9taire g\u00e9n\u00e9ral sur la situation au Mali. Avant, dans un m\u00e9morandum, les autorit\u00e9s maliennes ont apport\u00e9 des \u00e9claircissements sur certaines inqui\u00e9tudes du secr\u00e9taire g\u00e9n\u00e9ral de l\u2019ONU et ont \u00e9galement fait part de leur d\u00e9sapprobation sur certaines all\u00e9gations des violations de droits humains. La question des droits humains est l\u2019un des sujets de discorde entre les Nations unies et les autorit\u00e9s du Mali.<\/p>\n\n\n\n<p><strong>Ousmane Mahamane<\/strong><\/p>\n\n\n\n<p><strong>Mali Tribune<\/strong><\/p>\n","protected":false},"excerpt":{"rendered":"<p>Dans un rapport, le patron des Nations unies, Antonio Guterres a demand\u00e9 aux autorit\u00e9s de la Transition \u201cd\u2019acc\u00e9l\u00e9rer\u201d la cadence pour rendre le pouvoir \u00e0 des civils d\u2019ici f\u00e9vrier 2024&hellip;<\/p>\n","protected":false},"author":1,"featured_media":8349,"comment_status":"open","ping_status":"closed","sticky":false,"template":"","format":"standard","meta":{"content-type":"","_lmt_disableupdate":"","_lmt_disable":"","_jetpack_memberships_contains_paid_content":false,"footnotes":"","jetpack_publicize_message":"","jetpack_publicize_feature_enabled":true,"jetpack_social_post_already_shared":true,"jetpack_social_options":{"image_generator_settings":{"template":"highway","default_image_id":0,"font":"","enabled":false},"version":2}},"categories":[57,59],"tags":[],"class_list":["post-12957","post","type-post","status-publish","format-standard","has-post-thumbnail","hentry","category-international","category-nations-unies"],"jetpack_publicize_connections":[],"featured_image_urls":{"full":"","thumbnail":"","medium":"","medium_large":"","large":"","1536x1536":"","2048x2048":"","penci-recipe-1200x1200":"","penci-recipe-1200x900":"","penci-recipe-1200x675":"","penci-single-full":"","penci-slider-full-thumb":"","penci-full-thumb":"","penci-slider-thumb":"","penci-magazine-slider":"","penci-thumb":"","penci-masonry-thumb":"","penci-thumb-square":"","penci-thumb-vertical":"","penci-thumb-small":""},"author_info":{"display_name":"Nandi","author_link":"https:\/\/nandi.info\/?author=1"},"category_info":"<a href=\"https:\/\/nandi.info\/?cat=57\" rel=\"category\">International<\/a> <a href=\"https:\/\/nandi.info\/?cat=59\" rel=\"category\">Nations Unies<\/a>","tag_info":"Nations Unies","comment_count":"0","jetpack_featured_media_url":"","jetpack_sharing_enabled":true,"_links":{"self":[{"href":"https:\/\/nandi.info\/index.php?rest_route=\/wp\/v2\/posts\/12957","targetHints":{"allow":["GET"]}}],"collection":[{"href":"https:\/\/nandi.info\/index.php?rest_route=\/wp\/v2\/posts"}],"about":[{"href":"https:\/\/nandi.info\/index.php?rest_route=\/wp\/v2\/types\/post"}],"author":[{"embeddable":true,"href":"https:\/\/nandi.info\/index.php?rest_route=\/wp\/v2\/users\/1"}],"replies":[{"embeddable":true,"href":"https:\/\/nandi.info\/index.php?rest_route=%2Fwp%2Fv2%2Fcomments&post=12957"}],"version-history":[{"count":0,"href":"https:\/\/nandi.info\/index.php?rest_route=\/wp\/v2\/posts\/12957\/revisions"}],"wp:featuredmedia":[{"embeddable":true,"href":"https:\/\/nandi.info\/index.php?rest_route=\/"}],"wp:attachment":[{"href":"https:\/\/nandi.info\/index.php?rest_route=%2Fwp%2Fv2%2Fmedia&parent=12957"}],"wp:term":[{"taxonomy":"category","embeddable":true,"href":"https:\/\/nandi.info\/index.php?rest_route=%2Fwp%2Fv2%2Fcategories&post=12957"},{"taxonomy":"post_tag","embeddable":true,"href":"https:\/\/nandi.info\/index.php?rest_route=%2Fwp%2Fv2%2Ftags&post=12957"}],"curies":[{"name":"wp","href":"https:\/\/api.w.org\/{rel}","templated":true}]}}