{"id":12795,"date":"2023-04-08T06:01:00","date_gmt":"2023-04-08T04:01:00","guid":{"rendered":"https:\/\/nandi.info\/?p=12795"},"modified":"2023-04-08T06:01:00","modified_gmt":"2023-04-08T04:01:00","slug":"que-sont-ils-devenus-adama-camara-dit-100-cocktail-de-talent-et-de-frustration","status":"publish","type":"post","link":"https:\/\/nandi.info\/?p=12795","title":{"rendered":"Que sont-ils devenus\u2026 Adama Camara dit 100 % : Cocktail de talent et de frustration"},"content":{"rendered":"\n<p><strong><em>Adama Camara dit 100 % est l\u2019un des&nbsp; renforts de l\u2019AS Mand\u00e9 de la Commune IV lors de la saison 1991-1992. L\u2019\u00e9quipe communale s\u2019\u00e9tait fait le plaisir de jouer la finale de la Coupe du Mali. A d\u00e9faut d\u2019un championnat \u00e0 cause des \u00e9v\u00e9nements de mars 1991, le Mand\u00e9 finaliste malheureux face \u00e0 l\u2019AS R\u00e9al, joue la Coupe d\u2019Afrique des vainqueurs de coupe. Raison pour laquelle les dirigeants renforc\u00e8rent l\u2019\u00e9quipe communale. Adama Camara dit 100 % rep\u00e9r\u00e9 dans les comp\u00e9titions inter quartiers est sollicit\u00e9 par l\u2019entra\u00eeneur Banta Diabat\u00e9. Il loue ses qualit\u00e9s et le convainc \u00e0 rejoindre l\u2019AS Mand\u00e9. En bon psychologue, le technicien lui promet une int\u00e9gration directe dans l\u2019\u00e9quipe-type. Le jeunot au d\u00e9but h\u00e9sitant effectue sa premi\u00e8re semaine d\u2019entrainement, qui d\u00e9bouche sur un match amical de l\u2019AS Mand\u00e9 au Burkina Faso. Quelle fut la suite de l\u2019int\u00e9gration du jeune 100 % ? Comment il s\u2019est impos\u00e9 jusqu\u2019\u00e0 \u00eatre capitaine de l\u2019\u00e9quipe ? Qu\u2019est-ce qui explique sa frustration \u00e0 anticiper sa retraite ? Son d\u00e9part et sa vie en France ? L\u2019enfant de Lafiabougou a bien voulu acter son passage dans la rubrique&nbsp; \u201cQue sont-ils devenus ?\u201d \u00e0 travers une interview r\u00e9alis\u00e9e par t\u00e9l\u00e9phone.<\/em><\/strong><\/p>\n\n\n\n<p class=\"has-drop-cap\">Adama Camara dit 100 % soutient avoir toujours r\u00eav\u00e9 d\u2019un contrat professionnel en Europe. Parce qu\u2019il est s\u00fbr de ses qualit\u00e9s techniques. Cela n\u2019a pas \u00e9t\u00e9 le cas, mais il s\u2019est impos\u00e9 \u00e0 l\u2019AS Mand\u00e9 de la Commune IV, au Stade Malien de Bamako, et en \u00e9quipe nationale. C\u00b4\u00e9tait un joueur dont il est facile de se rappeler facilement : sa d\u00e9marche et sa fa\u00e7on de jouer. Tr\u00e8s rapide, il quadrillait le terrain 90 minutes durant. Sa promptitude \u00e0 porter le danger chaque fois qu\u2019il avait le ballon, lui conf\u00e9rait le r\u00f4le de joker. Son coup d\u2019\u0153il de d\u00e9positaire pour distiller des passes \u00e9tait toujours percutant. Son entra\u00eeneur \u00e0 l\u2019AS Mand\u00e9, Banta Diabat\u00e9 le qualifie de joueur extraordinaire, tr\u00e8s fort techniquement avec l\u2019art du positionnement sur le terrain. Il conclut que toutes ces qualit\u00e9s expliquent la d\u00e9cision de Capi de le s\u00e9lectionner en \u00e9quipe nationale. Comment comprendre qu\u2019il s\u2019est retrouv\u00e9 comme lat\u00e9ral ? Quelles en furent les cons\u00e9quences ?&nbsp;<em>\u201cC\u00b4est ma volont\u00e9 de sauver Amara Simpara qui m\u2019a propuls\u00e9 au poste de lat\u00e9ral. Ce jour-l\u00e0, j\u2019ai anim\u00e9 le couloir droit par des p\u00e9n\u00e9trations incessantes et des centres millim\u00e9tr\u00e9s. Une belle prestation qui occasionna ma s\u00e9lection en \u00e9quipe nationale. L\u00b4entra\u00eeneur Mamadou K\u00e9\u00efta dit Capi, pr\u00e9sent dans les gradins, me rejoint apr\u00e8s le match dans les vestiaires, pour me f\u00e9liciter et m\u00b4annoncer en m\u00eame temps que je serai sur sa liste, publi\u00e9e 72 h apr\u00e8s.<\/em><\/p>\n\n\n\n<figure class=\"wp-block-image aligncenter\"><a href=\"https:\/\/www.maliweb.net\/wp-content\/news\/images\/2023\/04\/Adama-Camara.jpg\" data-rel=\"penci-gallery-image-content\" ><img decoding=\"async\" src=\"https:\/\/www.maliweb.net\/wp-content\/news\/images\/2023\/04\/Adama-Camara.jpg\" alt=\"\" class=\"wp-image-3018221\"\/><\/a><\/figure>\n\n\n\n<p><em>En r\u00e9alit\u00e9, j\u2019avais plaid\u00e9 aupr\u00e8s de l\u2019entra\u00eeneur, la titularisation de mon ami Amara Simpara. Il me r\u00e9pond que cela m\u2019enverrai au banc de touche ou au poste de lat\u00e9ral. Voil\u00e0 l\u00b4explication de ma permutation\u201d.<\/em><\/p>\n\n\n\n<p>Adama Camara brille de mille feux et devient un titulaire de l\u2019AS Mand\u00e9 de la Commune IV.&nbsp; Seulement que le coach Banta Diabat\u00e9 est remplac\u00e9 par Modibo Tour\u00e9.<\/p>\n\n\n\n<p>Au moment de passer le service, celui-ci insiste sur le cas de 100 % aupr\u00e8s de son successeur. Lequel \u00e0 sa prise de fonction se fait une id\u00e9e sur son effectif en Guin\u00e9e-Conakry \u00e0 l\u2019issue de deux rencontres amicales. Lui aussi appr\u00e9cie 100 % et lui confie la stabilisation de son syst\u00e8me de jeu.<\/p>\n\n\n\n<p>Constant dans ses performances avec son club et l\u00b4\u00e9quipe nationale, les dirigeants du Stade malien de Bamako d\u00e9marchent Adama Camara pour le transf\u00e9rer dans leur club. Les conditions ? Tr\u00e8s jeune, 100 % n\u2019a pas pos\u00e9 de conditions en tant que telles, surtout sur le plan financier. Il se contente d\u2019une moto, pendant que l\u2019expectative d\u2019un emploi promis vole en \u00e9clats. Convaincu qu\u2019il a l\u2019avenir devant lui, il travaille \u00e0 maintenir sa forme.<\/p>\n\n\n\n<p>Au Stade, il passe deux saisons et remporte une Coupe du Mali en 1997 face \u00e0 l\u2019AS R\u00e9al de Bamako (2 buts \u00e0 0). L\u2019entraineur l\u2019\u00e9carte de l\u2019\u00e9dition de 1999 face au Nianan de Koulikoro. Or il avait jou\u00e9 toutes les rencontres de la phase \u00e9liminatoire. Et son renvoi dans les tribunes \u00e9tait inexplicable et paradoxal par rapport \u00e0 sa grande forme \u00e0 l\u2019\u00e9poque. Apr\u00e8s cette finale 100 % se blesse \u00e0 l\u2019entrainement. L\u2019indiff\u00e9rence des dirigeants, des supporters du Stade \u00e0 son \u00e9gard, durant sa p\u00e9riode de traitement le met dans tous ses \u00e9tats. Il ne comprend pas que pendant&nbsp; tout le temps du pl\u00e2trage de son pied, personne ne lui a souhait\u00e9 prompt r\u00e9tablissement.<\/p>\n\n\n\n<p><strong>Rebondissement<\/strong><\/p>\n\n\n\n<p>Il tire toutes&nbsp; les cons\u00e9quences de cet \u00e9tat de fait et d\u00e9cide de mettre fin \u00e0 sa carri\u00e8re. Sa m\u00e8re lui conseille de s\u2019exiler en France, pour entreprendre autre chose. Dans l\u2019hexagone, il n\u2019\u00e9tait pas question pour 100 % de jouer au ballon. Mais plut\u00f4t chercher du travail, d\u2019autant plus que toutes les conditions n\u2019\u00e9taient pas r\u00e9unies. Il parvient malgr\u00e9 tout \u00e0 se faire recruter pour un emploi temporaire. Par le pur des hasards sa situation se d\u00e9cante et&nbsp; la vie de&nbsp; 100 %&nbsp; change d\u2019un seul coup. Comment ?&nbsp;<em>\u201cJ\u2019ai rencontr\u00e9 un compatriote dans la ville. Il fut surpris de ma pr\u00e9sence en France. Il a parl\u00e9 de mes qualit\u00e9s et ma carri\u00e8re en \u00e9quipe nationale aux autres Maliens. Par la suite, il m\u2019a propos\u00e9 un mercenariat dans le club d\u2019une entreprise, pour les petits tournois et les tourn\u00e9es dans les provinces. Un essai \u00e0 l\u2019entrainement m\u2019a ouvert l\u2019opportunit\u00e9 de faire le tour de la France. Au bout du fil par ce canal j\u2019ai eu un emploi stable, et Dieu merci tout va bien\u201d.<\/em><\/p>\n\n\n\n<p>Adama Camara dit 100 % est mari\u00e9 et p\u00e8re de quatre enfants dont deux gar\u00e7ons. Durant sa carri\u00e8re, il retient comme bons souvenirs : sa premi\u00e8re Coupe du Mali en 1997, l\u2019\u00e9crasante victoire du Stade (11 \u00e0 0) face au R\u00e9al, la fiert\u00e9 d\u2019avoir enfil\u00e9 le maillot de l\u2019\u00e9quipe nationale pendant des ann\u00e9es.<\/p>\n\n\n\n<p>Quant aux mauvais souvenirs, ils sont au nombre de deux : sa mise en touche par l\u2019entra\u00eeneur lors de la finale de la Coupe du Mali en 1999, la blessure ayant conduit \u00e0 sa retraite anticip\u00e9e pour des raisons de d\u00e9ception.<\/p>\n\n\n\n<p>Nous avons r\u00e9alis\u00e9 l\u2019interview&nbsp; d\u2019Adama Camara dit 100 % une semaine avant le match des Aigles contre les Scorpions de Gambie jou\u00e9 \u00e0 Bamako, le 24 mars 2023.<\/p>\n\n\n\n<p>Ce rappel est important pour deux raisons : d\u2019abord il a exprim\u00e9 toute sa fiert\u00e9 d\u2019avoir port\u00e9 le maillot national avec les moyens de bord, c\u2019est-\u00e0-dire que le sens patriotique guidait leurs efforts. Ensuite si aujourd\u2019hui il se r\u00e9jouit de l\u2019am\u00e9lioration des conditions de vie de ses cadets, et souhaite que le revers de la m\u00e9daille soit mat\u00e9rialis\u00e9 par de bons r\u00e9sultats : qualification \u00e0 la Coupe du monde, victoire finale \u00e0 la Can.<\/p>\n\n\n\n<p>Cependant, 100 % d\u00e9sapprouve l\u2019exigence mon\u00e9taire de ses cadets lors des campagnes de l\u2019\u00e9quipe nationale. Il soutient que la plupart d\u2019eux \u00e9voluent dans de grands clubs ou de premi\u00e8re division. Donc l\u2019argent doit \u00eatre leur second souci, pour d\u00e9fendre le drapeau national.<\/p>\n\n\n\n<p>Comme s\u2019il savait quelques jours apr\u00e8s les Aigles ont refus\u00e9 de s\u2019entrainer au motif que leurs primes ne sont pas pay\u00e9es. Heureusement que des dispositions ont \u00e9t\u00e9 prises pour d\u00e9bloquer la situation. Le constat est que notre h\u00e9ros du jour a pris de l\u2019avance sur les faits. Et si ses cadets pouvaient appliquer les conseils, pour le bonheur du football malien.<\/p>\n\n\n\n<p><strong>O. Roger T\u00e9l : (00223) 63 88 24 23<\/strong><\/p>\n","protected":false},"excerpt":{"rendered":"<p>Adama Camara dit 100 % est l\u2019un des&nbsp; renforts de l\u2019AS Mand\u00e9 de la Commune IV lors de la saison 1991-1992. L\u2019\u00e9quipe communale s\u2019\u00e9tait fait le plaisir de jouer la&hellip;<\/p>\n","protected":false},"author":1,"featured_media":12799,"comment_status":"open","ping_status":"closed","sticky":false,"template":"","format":"standard","meta":{"content-type":"","_lmt_disableupdate":"","_lmt_disable":"","_jetpack_memberships_contains_paid_content":false,"footnotes":"","jetpack_publicize_message":"","jetpack_publicize_feature_enabled":true,"jetpack_social_post_already_shared":true,"jetpack_social_options":{"image_generator_settings":{"template":"highway","default_image_id":0,"font":"","enabled":false},"version":2}},"categories":[19,44,6],"tags":[],"class_list":["post-12795","post","type-post","status-publish","format-standard","has-post-thumbnail","hentry","category-aujourdhui-mali","category-que-sont-ils-devenus","category-sports"],"jetpack_publicize_connections":[],"featured_image_urls":{"full":"","thumbnail":"","medium":"","medium_large":"","large":"","1536x1536":"","2048x2048":"","penci-recipe-1200x1200":"","penci-recipe-1200x900":"","penci-recipe-1200x675":"","penci-single-full":"","penci-slider-full-thumb":"","penci-full-thumb":"","penci-slider-thumb":"","penci-magazine-slider":"","penci-thumb":"","penci-masonry-thumb":"","penci-thumb-square":"","penci-thumb-vertical":"","penci-thumb-small":""},"author_info":{"display_name":"Nandi","author_link":"https:\/\/nandi.info\/?author=1"},"category_info":"<a href=\"https:\/\/nandi.info\/?cat=19\" rel=\"category\">Aujourd\u2019hui Mali<\/a> <a href=\"https:\/\/nandi.info\/?cat=44\" rel=\"category\">Que sont-ils devenus ?<\/a> <a href=\"https:\/\/nandi.info\/?cat=6\" rel=\"category\">Sports<\/a>","tag_info":"Sports","comment_count":"0","jetpack_featured_media_url":"","jetpack_sharing_enabled":true,"_links":{"self":[{"href":"https:\/\/nandi.info\/index.php?rest_route=\/wp\/v2\/posts\/12795","targetHints":{"allow":["GET"]}}],"collection":[{"href":"https:\/\/nandi.info\/index.php?rest_route=\/wp\/v2\/posts"}],"about":[{"href":"https:\/\/nandi.info\/index.php?rest_route=\/wp\/v2\/types\/post"}],"author":[{"embeddable":true,"href":"https:\/\/nandi.info\/index.php?rest_route=\/wp\/v2\/users\/1"}],"replies":[{"embeddable":true,"href":"https:\/\/nandi.info\/index.php?rest_route=%2Fwp%2Fv2%2Fcomments&post=12795"}],"version-history":[{"count":0,"href":"https:\/\/nandi.info\/index.php?rest_route=\/wp\/v2\/posts\/12795\/revisions"}],"wp:featuredmedia":[{"embeddable":true,"href":"https:\/\/nandi.info\/index.php?rest_route=\/"}],"wp:attachment":[{"href":"https:\/\/nandi.info\/index.php?rest_route=%2Fwp%2Fv2%2Fmedia&parent=12795"}],"wp:term":[{"taxonomy":"category","embeddable":true,"href":"https:\/\/nandi.info\/index.php?rest_route=%2Fwp%2Fv2%2Fcategories&post=12795"},{"taxonomy":"post_tag","embeddable":true,"href":"https:\/\/nandi.info\/index.php?rest_route=%2Fwp%2Fv2%2Ftags&post=12795"}],"curies":[{"name":"wp","href":"https:\/\/api.w.org\/{rel}","templated":true}]}}