{"id":12787,"date":"2023-04-08T08:55:01","date_gmt":"2023-04-08T06:55:01","guid":{"rendered":"https:\/\/nandi.info\/?p=12787"},"modified":"2023-04-08T08:55:01","modified_gmt":"2023-04-08T06:55:01","slug":"amadou-diakite-representant-des-presidents-dhonneur-de-la-femafoot-nous-felicitons-bavieux-toure-et-son-equipe-pour-les-realisations-faites","status":"publish","type":"post","link":"https:\/\/nandi.info\/?p=12787","title":{"rendered":"Amadou Diakit\u00e9, repr\u00e9sentant des pr\u00e9sidents d\u2019honneur de la FEMAFOOT : \u201cNous f\u00e9licitons Bavieux Tour\u00e9 et son \u00e9quipe pour les r\u00e9alisations faites..\u201d"},"content":{"rendered":"\n<p><strong><em>Au cours des travaux de cette 50e Assembl\u00e9e g\u00e9n\u00e9rale ordinaire de la F\u00e9d\u00e9ration malienne de football (F\u00e9mafoot), Amadou Diakit\u00e9, ancien membre du Conseil de la Fifa, ancien membre du comit\u00e9 ex\u00e9cutif de la Conf\u00e9d\u00e9ration africaine de football et l\u2019actuel pr\u00e9sident d\u2019honneur de la F\u00e9mafoot, a profit\u00e9 de l\u2019occasion pour f\u00e9liciter le pr\u00e9sident et les membres du Comit\u00e9 ex\u00e9cutif de la F\u00e9mafoot pour les r\u00e9sultats satisfaisants obtenus durant ces derni\u00e8res ann\u00e9es.<\/em><\/strong><\/p>\n\n\n\n<p class=\"has-drop-cap\">En tant que repr\u00e9sentant des pr\u00e9sidents d\u2019honneur de la F\u00e9d\u00e9ration malienne de football, Amadou Diakit\u00e9, a remerci\u00e9 le pr\u00e9sident Mamoutou Tour\u00e9 dit Bavieux pour l\u2019honneur qu\u2019il a fait \u00e0 eux en les invitant \u00e0 participer \u00e0 toutes les assembl\u00e9es g\u00e9n\u00e9rales.<\/p>\n\n\n\n<p><em>\u201cJe commence mes propos par des remerciements des pr\u00e9sidents d\u2019honneur pour l\u2019honneur que vous faites en nous invitant lors de toutes les assembl\u00e9es g\u00e9n\u00e9rales de la F\u00e9mafoot. Ce sont ces remerciements que nous voulons adresser au pr\u00e9sident, les membres du comit\u00e9 ex\u00e9cutif et \u00e0 tous les d\u00e9l\u00e9gu\u00e9s \u00e0 cette assembl\u00e9e. Ensuite, je voulais aussi apporter le salut de tous les pr\u00e9sidents d\u2019honneur\u201d<\/em>, a-t-il expliqu\u00e9.<\/p>\n\n\n\n<p>Concernant les r\u00e9alisations faites par le comit\u00e9 ex\u00e9cutif de la F\u00e9mafoot, il a f\u00e9licit\u00e9 Mamoutou Tour\u00e9 et son \u00e9quipe pour les r\u00e9sultats obtenus durant ces trois derni\u00e8res ann\u00e9es.&nbsp;<em>\u201cPermettez-moi de f\u00e9liciter le comit\u00e9 ex\u00e9cutif et son pr\u00e9sident pour les r\u00e9alisations faites au cours de ces derni\u00e8res ann\u00e9es notamment l\u2019adoption des nouveaux textes concours \u00e0 l\u2019\u00e9volution du football. D\u00e9j\u00e0, j\u2019ai parcouru ces nouveaux textes, elles sont adapt\u00e9es et elles pourront apporter beaucoup de choses \u00e0 notre football. Il y a le lancement des travaux du nouveau Centre technique de la F\u00e9mafoot qui sera d\u2019un apport appr\u00e9ciable dans l\u2019\u00e9volution de notre football. Il y a \u00e9galement la dotation des ligues r\u00e9gionales des si\u00e8ges.<\/em><\/p>\n\n\n\n<p><em>A notre temps, il \u00e9tait difficile de penser \u00e0 un si\u00e8ge pour la F\u00e9d\u00e9ration. Maintenant, ce sont les ligues r\u00e9gionales qui sont dot\u00e9s de si\u00e8ges, ce qui va les rendre plus performantes. Ce sont ces quelques faits et gestes qui ont attir\u00e9 notre attention et pour lesquelles nous voulons f\u00e9liciter et encourager les responsables de la F\u00e9mafoot et leur demander de continuer sur cette voie. En plus de cela, il y a aussi de r\u00e9sultats qui sont tr\u00e8s satisfaisants parce qu\u2019ils ont r\u00e9ussi \u00e0 qualifier trois de nos formations \u00e0 savoir les U17, U23 et tr\u00e8s prochainement l\u2019\u00e9quipe nationale senior\u201d<\/em>, a-t-il laiss\u00e9 entendre, avant d\u2019inviter les acteurs du football \u00e0 se donner la main pour accompagner l\u2019actuel comit\u00e9 ex\u00e9cutif pour le bonheur du football malien.<strong>&nbsp;&nbsp;&nbsp;&nbsp;&nbsp;&nbsp;&nbsp;&nbsp;&nbsp;&nbsp;&nbsp;&nbsp;&nbsp;&nbsp;&nbsp;&nbsp;&nbsp;&nbsp;&nbsp;&nbsp;&nbsp;&nbsp;&nbsp;&nbsp;&nbsp;&nbsp;&nbsp;&nbsp;&nbsp;&nbsp;&nbsp;&nbsp;&nbsp;&nbsp;&nbsp;&nbsp;&nbsp;&nbsp;&nbsp;&nbsp;&nbsp;&nbsp;&nbsp;&nbsp;&nbsp;&nbsp;&nbsp;&nbsp;&nbsp;<\/strong><\/p>\n\n\n\n<p><strong>&nbsp; Mahamadou Traor\u00e9<\/strong><\/p>\n","protected":false},"excerpt":{"rendered":"<p>Au cours des travaux de cette 50e Assembl\u00e9e g\u00e9n\u00e9rale ordinaire de la F\u00e9d\u00e9ration malienne de football (F\u00e9mafoot), Amadou Diakit\u00e9, ancien membre du Conseil de la Fifa, ancien membre du comit\u00e9&hellip;<\/p>\n","protected":false},"author":1,"featured_media":12788,"comment_status":"open","ping_status":"closed","sticky":false,"template":"","format":"standard","meta":{"content-type":"","_lmt_disableupdate":"","_lmt_disable":"","_jetpack_memberships_contains_paid_content":false,"footnotes":"","jetpack_publicize_message":"","jetpack_publicize_feature_enabled":true,"jetpack_social_post_already_shared":true,"jetpack_social_options":{"image_generator_settings":{"template":"highway","default_image_id":0,"font":"","enabled":false},"version":2}},"categories":[19,6],"tags":[],"class_list":["post-12787","post","type-post","status-publish","format-standard","has-post-thumbnail","hentry","category-aujourdhui-mali","category-sports"],"jetpack_publicize_connections":[],"featured_image_urls":{"full":"","thumbnail":"","medium":"","medium_large":"","large":"","1536x1536":"","2048x2048":"","penci-recipe-1200x1200":"","penci-recipe-1200x900":"","penci-recipe-1200x675":"","penci-single-full":"","penci-slider-full-thumb":"","penci-full-thumb":"","penci-slider-thumb":"","penci-magazine-slider":"","penci-thumb":"","penci-masonry-thumb":"","penci-thumb-square":"","penci-thumb-vertical":"","penci-thumb-small":""},"author_info":{"display_name":"Nandi","author_link":"https:\/\/nandi.info\/?author=1"},"category_info":"<a href=\"https:\/\/nandi.info\/?cat=19\" rel=\"category\">Aujourd\u2019hui Mali<\/a> <a href=\"https:\/\/nandi.info\/?cat=6\" rel=\"category\">Sports<\/a>","tag_info":"Sports","comment_count":"0","jetpack_featured_media_url":"","jetpack_sharing_enabled":true,"_links":{"self":[{"href":"https:\/\/nandi.info\/index.php?rest_route=\/wp\/v2\/posts\/12787","targetHints":{"allow":["GET"]}}],"collection":[{"href":"https:\/\/nandi.info\/index.php?rest_route=\/wp\/v2\/posts"}],"about":[{"href":"https:\/\/nandi.info\/index.php?rest_route=\/wp\/v2\/types\/post"}],"author":[{"embeddable":true,"href":"https:\/\/nandi.info\/index.php?rest_route=\/wp\/v2\/users\/1"}],"replies":[{"embeddable":true,"href":"https:\/\/nandi.info\/index.php?rest_route=%2Fwp%2Fv2%2Fcomments&post=12787"}],"version-history":[{"count":0,"href":"https:\/\/nandi.info\/index.php?rest_route=\/wp\/v2\/posts\/12787\/revisions"}],"wp:featuredmedia":[{"embeddable":true,"href":"https:\/\/nandi.info\/index.php?rest_route=\/"}],"wp:attachment":[{"href":"https:\/\/nandi.info\/index.php?rest_route=%2Fwp%2Fv2%2Fmedia&parent=12787"}],"wp:term":[{"taxonomy":"category","embeddable":true,"href":"https:\/\/nandi.info\/index.php?rest_route=%2Fwp%2Fv2%2Fcategories&post=12787"},{"taxonomy":"post_tag","embeddable":true,"href":"https:\/\/nandi.info\/index.php?rest_route=%2Fwp%2Fv2%2Ftags&post=12787"}],"curies":[{"name":"wp","href":"https:\/\/api.w.org\/{rel}","templated":true}]}}