{"id":12782,"date":"2023-04-08T08:51:23","date_gmt":"2023-04-08T06:51:23","guid":{"rendered":"https:\/\/nandi.info\/?p=12782"},"modified":"2023-04-08T08:51:23","modified_gmt":"2023-04-08T06:51:23","slug":"tiouta-traore-arbitre-international-de-boxe-professionnelle-un-arbitre-de-la-boxe-professionnelle-peut-bien-arbitrer-les-combats-de-boxe-amateur","status":"publish","type":"post","link":"https:\/\/nandi.info\/?p=12782","title":{"rendered":"Tiouta Traore, arbitre international de boxe professionnelle : \u201cUn arbitre de la boxe professionnelle peut bien arbitrer les combats de boxe amateur\u201d"},"content":{"rendered":"\n<p><strong><em>Dans une interview, qu\u2019elle a bien voulu nous accorder, Mme Tiouta Traor\u00e9, arbitre international de boxe professionnelle, nous parle de sa r\u00e9cente participation aux Championnats d\u2019Afrique de boxe Zone II qui se sont d\u00e9roul\u00e9s du 8 au 12 mars dernier, \u00e0 Dakar, donne des explications sur son retour pour arbitrer les combats de la boxe amateur et parle des diff\u00e9rences qui existent entre la boxe professionnelle et amateur.<\/em><\/strong><\/p>\n\n\n\n<p class=\"has-drop-cap\"><strong>Aujourd\u2019hui-Mali :<\/strong>&nbsp;<strong><em>Pouvez-vous nous parler de votre participation aux derniers Championnats d\u2019Afrique de Boxe : Zone II ?<\/em><\/strong><\/p>\n\n\n\n<p><strong>Tiouta Traor\u00e9 :<\/strong>&nbsp;Effectivement, je viens de participer aux Championnats d\u2019Afrique de Boxe Zone II qui se sont d\u00e9roul\u00e9s du 8 au 12 mars 2023 \u00e0 Dakar au S\u00e9n\u00e9gal. C\u2019est sur invitation de Mme Anta Gueye, secr\u00e9taire g\u00e9n\u00e9rale de la F\u00e9d\u00e9ration s\u00e9n\u00e9galaise de boxe, secr\u00e9taire g\u00e9n\u00e9rale de la Zone II et en ma qualit\u00e9 de membre du conseil d\u2019administration de la Conf\u00e9d\u00e9ration africaine de boxe que j\u2019ai particip\u00e9 \u00e0 ce tournoi. Quelques semaines avant, j\u2019avais envoy\u00e9 mon dossier \u00e0 Mme Anta Gueye, la secr\u00e9taire g\u00e9n\u00e9rale de la Zone II, secr\u00e9taire g\u00e9n\u00e9rale de la F\u00e9d\u00e9ration s\u00e9n\u00e9galaise de boxe et premi\u00e8re femme arbitre en taekwondo avec la premi\u00e8re ceinture noire 4e dan au S\u00e9n\u00e9gal. Apr\u00e8s avoir \u00e9tudi\u00e9 mon dossier, ils ont accept\u00e9 ma participation \u00e0 ce tournoi comme arbitre neutre pour juger et arbitrer les combats.<\/p>\n\n\n\n<p>Il est important de pr\u00e9ciser que dans la boxe amateur, les gens ne parlent plus du mot amateur, mais c\u2019est la boxe amateur parce que l\u2019instance supr\u00eame en charge de g\u00e9rer la boxe amateur s\u2019appelle l\u2019IBA (International Boxing Association). C\u2019est le lieu pour moi de remercier Mme Anta Gueye et les membres de la Zone II pour m\u2019avoir fait confiance afin de participer \u00e0 ce grand tournoi de la boxe.<\/p>\n\n\n\n<p><strong><em>Votre participation \u00e0 ce tournoi de boxe amateur a-t-elle \u00e9t\u00e9 b\u00e9n\u00e9fique pour vous ?<\/em><\/strong><\/p>\n\n\n\n<p>Oui, la participation \u00e0 ce tournoi de boxe a \u00e9t\u00e9 tr\u00e8s b\u00e9n\u00e9fique pour moi parce que, \u00e0 travers ce tournoi, j\u2019ai pu renouveler la confiance aupr\u00e8s des responsables de la boxe ouest-africaine. Je faisais partie des arbitres neutres de ce tournoi. Nous \u00e9tions au nombre de huit (8) arbitres, dont une Alg\u00e9rienne, un Marocain, un Nig\u00e9rian, un Camerounais, un Nig\u00e9rien, deux S\u00e9n\u00e9galais et moi-m\u00eame. Nous \u00e9tions cinq arbitres neutres parmi les arbitres de la Zone II. L\u2019arbitrage s\u2019est bien d\u00e9roul\u00e9. Honn\u00eatement, le premier jour a \u00e9t\u00e9 un peu difficile pour moi avec l\u2019utilisation de la machine de pointage parce que depuis 2019, je n\u2019avais pas jug\u00e9 de combats de boxe amateur.<\/p>\n\n\n\n<p>Avant la fin de la premi\u00e8re journ\u00e9e, je me suis familiaris\u00e9e au syst\u00e8me de pointage. Neuf pays ont pris part \u00e0 ce tournoi notamment le Burkina Faso, le Cap-Vert, la Guin\u00e9e-Conakry, la Guin\u00e9e-Bissau, le Niger, la Sierra Leone, le Mali, le Togo et le S\u00e9n\u00e9gal. Le tournoi s\u2019est bien d\u00e9roul\u00e9 sans incident et sans accident grave. Avant le d\u00e9but des rencontres dames et hommes, tous les arbitres ont sign\u00e9 un code de conduite \u00e0 tenir en respectant les r\u00e8gles de l\u2019IBA. Il y avait des d\u00e9l\u00e9gu\u00e9s techniques avec des connaissances av\u00e9r\u00e9es en boxe amateur comme Riadh Badji du Maroc, Pr. Lamine Ndiaye du S\u00e9n\u00e9gal, Olivier Antoine Messina Fouda du Cameroun et d\u2019autres personnalit\u00e9s comme M. S\u00e8ne, pr\u00e9sident de la F\u00e9d\u00e9ration s\u00e9n\u00e9galaise de boxe, Josef Diouf, Alexis Tavarez, le m\u00e9decin togolais du tournoi et toute son \u00e9quipe. A noter que le pr\u00e9sident de la Zone II est un Nig\u00e9rien du nom d\u2019Abdou Malam Issoufou. Dans l\u2019ensemble, j\u2019ai \u00e9t\u00e9 satisfait de cette participation parce que j\u2019ai arbitr\u00e9 trois combats dont une finale de combat de filles entre S\u00e9n\u00e9gal et Togo et jug\u00e9 16 combats sans difficult\u00e9.<\/p>\n\n\n\n<p><strong><em>En tant qu\u2019arbitre international de boxe professionnelle est-ce que vous \u00eates autoris\u00e9e \u00e0 arbitrer les comp\u00e9titions de boxe amateur ?<\/em><\/strong><\/p>\n\n\n\n<p>Dans le r\u00e8glement 2023 au niveau de la boxe amateur, il est dit qu\u2019un arbitre international de boxe professionnelle peut bien arbitrer les combats de boxe amateur. Cependant, il est interdit aux membres d\u2019une f\u00e9d\u00e9ration nationale de boxe ou d\u2019une organisation internationale de boxe d\u2019arbitrer des combats. Alors, \u00e9tant arbitre international de boxe professionnelle, le r\u00e8glement 2023 de la boxe amateur m\u2019autorise \u00e0 arbitrer les combats de boxe amateur. Il est important de rappeler que je suis dans le milieu de boxe depuis 1998 et j\u2019ai suivi des formations organis\u00e9es par l\u2019AIBA en son temps au Centre international de Tunis en arbitrages de boxe amateur sanctionn\u00e9es de dipl\u00f4mes en 2001 avec le dipl\u00f4me de juge continental, en 2003 avec le dipl\u00f4me de Referee continental et en 2015 un stage de recyclage des arbitres \u00e0 \u00e9toile au Togo. Avant ce changement vers les arbitres \u00e0 \u00e9toiles, j\u2019ai particip\u00e9 \u00e0 plusieurs Zone II de boxe en Sierra Leone, en Gambie, en Guin\u00e9e au S\u00e9n\u00e9gal et \u00e0 Bamako. Mes dipl\u00f4mes d\u2019arbitre et juge de boxe professionnelle ABU-WBC date de 2018 au Kenya, 2019 \u00e0 Kampala en Ouganda et le dipl\u00f4me d\u2019arbitre WBC successivement \u00e0 Cancun au Mexique en 2020, 2021 \u00e0 Mexico au Mexique et 2022 \u00e0 Victoria Falls au Zimbabwe.<\/p>\n\n\n\n<p><strong><em>Etes-vous d\u00e9sormais dispos\u00e9e \u00e0 arbitrer les combats amateurs au Mali ?<\/em><\/strong><\/p>\n\n\n\n<p>Bien s\u00fbr ! C\u2019est un grand retour apr\u00e8s plusieurs ann\u00e9es d\u2019absence sur le plan national. D\u00e9j\u00e0, j\u2019ai inform\u00e9 les responsables de la F\u00e9d\u00e9ration malienne de boxe de mon retour pour arbitrer les combats amateurs. Ainsi, je suis de retour, c\u2019est-\u00e0-dire les amoureux de la boxe peuvent me voir d\u00e9sormais sur le ring. Je resterai toujours dispos\u00e9e \u00e0 servir la boxe malienne et faire honneur au Mali \u00e0 l\u2019ext\u00e9rieur. En plus de cela, au niveau de l\u2019IBA, il y a une structure qui s\u2019occupe de la boxe professionnelle. Je pense que cela peut \u00eatre une ouverture pour moi d\u2019aller plus loin encore.<\/p>\n\n\n\n<p><strong>Quelle diff\u00e9rence entre les boxes professionnelle et amateur ?&nbsp;<\/strong><\/p>\n\n\n\n<p>La diff\u00e9rence se situe au niveau des rounds dont douze (12) rounds pour la boxe professionnelle et trois (3) rounds au niveau de la boxe amateur. Ensuite le jugement chez le professionnel est encore plus pointu. Dans les deux cas, chaque round est un combat. Chez les amateurs la barbe est autoris\u00e9e chez les boxeurs et la jupe est autoris\u00e9e chez les boxeuses. Les femmes sont \u00e9galement autoris\u00e9es \u00e0 porter le \u201chidjab\u201d. Les femmes, les cadets et juniors portent des casques chez les amateurs. L\u2019appr\u00e9ciation par rapport aux points et les sanctions n\u2019ont pas chang\u00e9.<\/p>\n\n\n\n<p>Je reviens de Dakar tr\u00e8s satisfaite et j\u2019ai beaucoup appr\u00e9ci\u00e9 la bonne collaboration entre les arbitres internationaux qui sont tous d\u2019ailleurs des referees avec \u00e9toiles. Il s\u2019agit du grand Referee de boxe amateur du S\u00e9n\u00e9gal El hadj Malik N\u2019Dour, de l\u2019Alg\u00e9rienne Faiza Naiji, Mohamed Mounir du Maroc, Laguda du Nigeria, Jean Bernard Onamb\u00e9l\u00e9 du Cameroun, Yahaya du Niger. Nous avons cr\u00e9\u00e9 une plateforme avec nos dirigeants en vue d\u2019\u00e9changer sur les lois et r\u00e8glements avec la prise en compte des nouvelles modifications et sur nos exp\u00e9riences et d\u2019avoir des informations fiables dans le domaine de la boxe. Nous pouvons dire que les arbitres du tournoi ont aussi jou\u00e9 leur partition. Mes remerciements vont aux autorit\u00e9s du Mali et aux responsables de la boxe du S\u00e9n\u00e9gal.<\/p>\n\n\n\n<p><strong>&nbsp;Propos recueillis par Mahamadou Traor\u00e9<\/strong><\/p>\n","protected":false},"excerpt":{"rendered":"<p>Dans une interview, qu\u2019elle a bien voulu nous accorder, Mme Tiouta Traor\u00e9, arbitre international de boxe professionnelle, nous parle de sa r\u00e9cente participation aux Championnats d\u2019Afrique de boxe Zone II&hellip;<\/p>\n","protected":false},"author":1,"featured_media":12785,"comment_status":"open","ping_status":"closed","sticky":false,"template":"","format":"standard","meta":{"content-type":"","_lmt_disableupdate":"","_lmt_disable":"","_jetpack_memberships_contains_paid_content":false,"footnotes":"","jetpack_publicize_message":"","jetpack_publicize_feature_enabled":true,"jetpack_social_post_already_shared":true,"jetpack_social_options":{"image_generator_settings":{"template":"highway","default_image_id":0,"font":"","enabled":false},"version":2}},"categories":[19,6],"tags":[],"class_list":["post-12782","post","type-post","status-publish","format-standard","has-post-thumbnail","hentry","category-aujourdhui-mali","category-sports"],"jetpack_publicize_connections":[],"featured_image_urls":{"full":"","thumbnail":"","medium":"","medium_large":"","large":"","1536x1536":"","2048x2048":"","penci-recipe-1200x1200":"","penci-recipe-1200x900":"","penci-recipe-1200x675":"","penci-single-full":"","penci-slider-full-thumb":"","penci-full-thumb":"","penci-slider-thumb":"","penci-magazine-slider":"","penci-thumb":"","penci-masonry-thumb":"","penci-thumb-square":"","penci-thumb-vertical":"","penci-thumb-small":""},"author_info":{"display_name":"Nandi","author_link":"https:\/\/nandi.info\/?author=1"},"category_info":"<a href=\"https:\/\/nandi.info\/?cat=19\" rel=\"category\">Aujourd\u2019hui Mali<\/a> <a href=\"https:\/\/nandi.info\/?cat=6\" rel=\"category\">Sports<\/a>","tag_info":"Sports","comment_count":"0","jetpack_featured_media_url":"","jetpack_sharing_enabled":true,"_links":{"self":[{"href":"https:\/\/nandi.info\/index.php?rest_route=\/wp\/v2\/posts\/12782","targetHints":{"allow":["GET"]}}],"collection":[{"href":"https:\/\/nandi.info\/index.php?rest_route=\/wp\/v2\/posts"}],"about":[{"href":"https:\/\/nandi.info\/index.php?rest_route=\/wp\/v2\/types\/post"}],"author":[{"embeddable":true,"href":"https:\/\/nandi.info\/index.php?rest_route=\/wp\/v2\/users\/1"}],"replies":[{"embeddable":true,"href":"https:\/\/nandi.info\/index.php?rest_route=%2Fwp%2Fv2%2Fcomments&post=12782"}],"version-history":[{"count":0,"href":"https:\/\/nandi.info\/index.php?rest_route=\/wp\/v2\/posts\/12782\/revisions"}],"wp:featuredmedia":[{"embeddable":true,"href":"https:\/\/nandi.info\/index.php?rest_route=\/"}],"wp:attachment":[{"href":"https:\/\/nandi.info\/index.php?rest_route=%2Fwp%2Fv2%2Fmedia&parent=12782"}],"wp:term":[{"taxonomy":"category","embeddable":true,"href":"https:\/\/nandi.info\/index.php?rest_route=%2Fwp%2Fv2%2Fcategories&post=12782"},{"taxonomy":"post_tag","embeddable":true,"href":"https:\/\/nandi.info\/index.php?rest_route=%2Fwp%2Fv2%2Ftags&post=12782"}],"curies":[{"name":"wp","href":"https:\/\/api.w.org\/{rel}","templated":true}]}}