{"id":12767,"date":"2023-04-07T11:31:53","date_gmt":"2023-04-07T09:31:53","guid":{"rendered":"https:\/\/nandi.info\/?p=12767"},"modified":"2023-04-07T11:31:53","modified_gmt":"2023-04-07T09:31:53","slug":"promotion-du-livre-et-de-la-lecture-le-mali-se-donne-une-politique-nationale","status":"publish","type":"post","link":"https:\/\/nandi.info\/?p=12767","title":{"rendered":"<strong>Promotion du livre et de la lecture&nbsp;: Le Mali se donne une Politique nationale<\/strong>"},"content":{"rendered":"\n<p><strong>Sous l\u2019\u00e9gide du Minist\u00e8re en charge de la culture, le Mali a d\u00e9cid\u00e9 de se doter d\u2019une politique nationale du livre et de la lecture. Du 20 au 21&nbsp;mars 2023, le CICB a abrit\u00e9 l\u2019atelier de validation du projet de Politique nationale du livre et de la lecture du Mali.<\/strong><\/p>\n\n\n\n<p class=\"has-drop-cap\">Andogoly Guindo, ministre en charge de la Culture, accompagn\u00e9 de Edmond Munkala, Chef du bureau de l\u2019Unesco au Mali, des anciens Ministres Gaoussou Drabo et Diadi\u00e9 Yacouba Dagnogo et de l\u2019ancien Premier Ministre Moussa Mara, a pr\u00e9sid\u00e9 la c\u00e9r\u00e9monie d\u2019ouverture de cet important atelier.&nbsp;<\/p>\n\n\n\n<p>\u00ab&nbsp;Cette c\u00e9r\u00e9monie marque une \u00e9tape capitale dans la mise en \u0153uvre d\u2019une vieille recommandation formul\u00e9e en 1978 par le S\u00e9minaire national des biblioth\u00e9caires de doter le pays d\u2019une politique nationale du livre et de la lecture&nbsp;\u00bb, a indiqu\u00e9 d\u00e8s l\u2019entame de son intervention le Ministre en charge de la culture. Selon lui, elle traduit l\u2019ambition de son d\u00e9partement de donner au livre la place qui lui revient dans le d\u00e9veloppement socio\u00e9conomique et culturel du Mali. \u00ab&nbsp;Socle de l\u2019enseignement moderne, le livre est un puits intarissable de connaissances, une source permanente de savoir, transmise de g\u00e9n\u00e9ration en g\u00e9n\u00e9ration, afin de fortifier la m\u00e9moire de l\u2019homme et d\u2019asseoir son identit\u00e9&nbsp;\u00bb, a-t-il d\u00e9clar\u00e9. Avant d\u2019ajouter que \u00ab&nbsp;le livre est un moyen d\u2019expression essentiel \u00e0 un peuple c\u2019est pourquoi, d\u00e8s les premi\u00e8res ann\u00e9es de l\u2019ind\u00e9pendance, le Mali a jet\u00e9 les bases pour l\u2019essor d\u2019une industrie du livre \u00e0 m\u00eame d\u2019assurer l\u2019\u00e9panouissement intellectuel des populations et de contribuer \u00e0 la cr\u00e9ation d\u2019une intelligentsia nationale ouverte aux autres civilisations mais profond\u00e9ment ancr\u00e9e dans les valeurs ancestrales&nbsp;\u00bb.<\/p>\n\n\n\n<p>Le Ministre a rappel\u00e9 que la librairie populaire du Mali a \u00e9t\u00e9 inaugur\u00e9e le 22&nbsp;ao\u00fbt 1961. Selon lui sa cr\u00e9ation visait \u00e0 r\u00e9tablir l\u2019int\u00e9grit\u00e9 morale et intellectuelle des nouveaux citoyens les affranchissant du joug assimilationniste du colonialisme. \u00ab&nbsp;Le secteur du livre a \u00e9t\u00e9 dot\u00e9 progressivement d\u2019infrastructures, de politiques de lecture innovantes telle l\u2019Op\u00e9ration lecture publiques \u00e0 la fin des ann\u00e9es 1970, le livre au Mali a jou\u00e9 un r\u00f4le pr\u00e9curseur dans l\u2019organisation de manifestations culturelles comme la Folima&nbsp;; des maisons d\u2019\u00e9ditions ont vu le jour s\u2019imposant comme des espaces de r\u00e9flexion, d\u2019\u00e9change, d\u2019\u00e9mancipation culturelle et d\u2019\u00e9ducation, la cha\u00eene des m\u00e9tiers du livre s\u2019est constitu\u00e9e, de l\u2019auteur au libraire en passant par les professionnels de l\u2019\u00e9dition&nbsp;\u00bb, a-t-il indiqu\u00e9. Cependant, il dira que force est de reconna\u00eetre que le livre est un secteur en crise qui peine \u00e0 faire vivre ses acteurs. Selon le Ministre, c\u2019est un secteur qui a besoin d\u2019un cadre strat\u00e9gique de d\u00e9veloppement, voire de politique nationale sectorielle.<\/p>\n\n\n\n<p>Qu\u2019\u00e0 cela ne tienne, il a rappel\u00e9 que le Mali a fourni durant des d\u00e9cennies des efforts consid\u00e9rables pour rendre accessibles les livres aux Maliens et en particulier aux \u00e9l\u00e8ves du Mali. Il a rappel\u00e9 le r\u00e9seau de lecture publique, celui des biblioth\u00e8ques scolaires, les Centres de Lecture et d\u2019Animation enfantine de Commune (CLAEC) et les dons de livres des partenaires au d\u00e9veloppement. Malgr\u00e9 tous ces efforts, il a estim\u00e9 que les livres demeurent peu accessibles au grand public dans notre pays. \u00ab&nbsp;Dans ces conditions, il se pose alors la question d\u2019\u00e9laborer des strat\u00e9gies pour l\u2019acc\u00e8s du plus grand nombre au livre&nbsp;\u00bb, a-t-il estim\u00e9.<\/p>\n\n\n\n<p>Et, pour lui, l\u2019avant-projet de Politique nationale du Livre et de la Lecture est un document d\u2019orientation des actions du Gouvernement. \u00ab&nbsp;Pendant deux jours, vos d\u00e9bats francs, vos recommandations fortes d\u00e9finiront, je l\u2019esp\u00e8re, une vision consensuelle du secteur du livre. Une vision sans laquelle, nous ne pourrons d\u00e9finir de politique, de strat\u00e9gie de d\u00e9veloppement du secteur&nbsp;\u00bb, a-t-il indiqu\u00e9.<\/p>\n\n\n\n<p>Selon lui, gr\u00e2ce \u00e0 sa pertinence et au r\u00e9alisme de ses actions, il devra permettre au livre d\u2019\u00eatre un r\u00e9el outil de d\u00e9veloppement \u00e9conomique et culturel, d\u2019affirmation de la souverainet\u00e9 nationale, de promotion des libert\u00e9s individuelles et de la diversit\u00e9 culturelle et linguistique. \u00ab&nbsp;La finalit\u00e9 de document est d\u2019\u00eatre un outil de r\u00e9f\u00e9rence, un outil de d\u00e9cision&nbsp;\u00bb, a-t-il d\u00e9clar\u00e9.<\/p>\n\n\n\n<p>MT<\/p>\n","protected":false},"excerpt":{"rendered":"<p>Sous l\u2019\u00e9gide du Minist\u00e8re en charge de la culture, le Mali a d\u00e9cid\u00e9 de se doter d\u2019une politique nationale du livre et de la lecture. Du 20 au 21&nbsp;mars 2023,&hellip;<\/p>\n","protected":false},"author":1,"featured_media":12768,"comment_status":"open","ping_status":"closed","sticky":false,"template":"","format":"standard","meta":{"content-type":"","_lmt_disableupdate":"","_lmt_disable":"","_jetpack_memberships_contains_paid_content":false,"footnotes":"","jetpack_publicize_message":"","jetpack_publicize_feature_enabled":true,"jetpack_social_post_already_shared":true,"jetpack_social_options":{"image_generator_settings":{"template":"highway","default_image_id":0,"font":"","enabled":false},"version":2}},"categories":[111,21],"tags":[],"class_list":["post-12767","post","type-post","status-publish","format-standard","has-post-thumbnail","hentry","category-ciwara-info","category-societe"],"jetpack_publicize_connections":[],"featured_image_urls":{"full":"","thumbnail":"","medium":"","medium_large":"","large":"","1536x1536":"","2048x2048":"","penci-recipe-1200x1200":"","penci-recipe-1200x900":"","penci-recipe-1200x675":"","penci-single-full":"","penci-slider-full-thumb":"","penci-full-thumb":"","penci-slider-thumb":"","penci-magazine-slider":"","penci-thumb":"","penci-masonry-thumb":"","penci-thumb-square":"","penci-thumb-vertical":"","penci-thumb-small":""},"author_info":{"display_name":"Nandi","author_link":"https:\/\/nandi.info\/?author=1"},"category_info":"<a href=\"https:\/\/nandi.info\/?cat=111\" rel=\"category\">Ciwara Info<\/a> <a href=\"https:\/\/nandi.info\/?cat=21\" rel=\"category\">Soci\u00e9t\u00e9<\/a>","tag_info":"Soci\u00e9t\u00e9","comment_count":"0","jetpack_featured_media_url":"","jetpack_sharing_enabled":true,"_links":{"self":[{"href":"https:\/\/nandi.info\/index.php?rest_route=\/wp\/v2\/posts\/12767","targetHints":{"allow":["GET"]}}],"collection":[{"href":"https:\/\/nandi.info\/index.php?rest_route=\/wp\/v2\/posts"}],"about":[{"href":"https:\/\/nandi.info\/index.php?rest_route=\/wp\/v2\/types\/post"}],"author":[{"embeddable":true,"href":"https:\/\/nandi.info\/index.php?rest_route=\/wp\/v2\/users\/1"}],"replies":[{"embeddable":true,"href":"https:\/\/nandi.info\/index.php?rest_route=%2Fwp%2Fv2%2Fcomments&post=12767"}],"version-history":[{"count":0,"href":"https:\/\/nandi.info\/index.php?rest_route=\/wp\/v2\/posts\/12767\/revisions"}],"wp:featuredmedia":[{"embeddable":true,"href":"https:\/\/nandi.info\/index.php?rest_route=\/"}],"wp:attachment":[{"href":"https:\/\/nandi.info\/index.php?rest_route=%2Fwp%2Fv2%2Fmedia&parent=12767"}],"wp:term":[{"taxonomy":"category","embeddable":true,"href":"https:\/\/nandi.info\/index.php?rest_route=%2Fwp%2Fv2%2Fcategories&post=12767"},{"taxonomy":"post_tag","embeddable":true,"href":"https:\/\/nandi.info\/index.php?rest_route=%2Fwp%2Fv2%2Ftags&post=12767"}],"curies":[{"name":"wp","href":"https:\/\/api.w.org\/{rel}","templated":true}]}}