{"id":12762,"date":"2023-04-06T18:11:36","date_gmt":"2023-04-06T16:11:36","guid":{"rendered":"https:\/\/nandi.info\/?p=12762"},"modified":"2023-04-06T18:11:36","modified_gmt":"2023-04-06T16:11:36","slug":"biennale-artistique-et-culturelle-du-6-au-16-juillet-2023-biennale-2023-cest-mopti-qui-gagne","status":"publish","type":"post","link":"https:\/\/nandi.info\/?p=12762","title":{"rendered":"<strong>Biennale artistique et culturelle du 6 au 16 juillet 2023 \u00ab&nbsp;Biennale 2023, c\u2019est Mopti qui gagne&nbsp;\u00bb<\/strong>"},"content":{"rendered":"\n<p><strong><em>Interrompue depuis 2012, le Mali veut renouer avec l\u2019organisation de la Biennale artistique et culturelle. Et, l\u2019\u00e9dition prochaine aura lieu \u00e0 Mopti du 6 au 16 juillet 2023, avec la participation des troupes des 20 r\u00e9gions administratives du Mali. Le 31 mars 2023, Andogoly Guindo, ministre en charge de la culture, accompagn\u00e9 par le Colonel Abas Demb\u00e9l\u00e9, Gouverneur de la r\u00e9gion de Mopti, de plusieurs Gouverneurs des r\u00e9gions maliennes, a proc\u00e9d\u00e9 au nom du Pr\u00e9sident de la Transition, Chef de l\u2019Etat, au lancement officiel de la Biennale artistique et culturelle 2023, dans la salle de spectacle Sory Bamaba de Mopti.<\/em><\/strong><\/p>\n\n\n\n<p class=\"has-drop-cap\">En plus du th\u00e8me de la Biennale artistique et culturelle 2023, intitul\u00e9 \u00ab&nbsp;le Mali, une histoire commune, une seule nation, un m\u00eame destin&nbsp;\u00bb, il va falloir d\u00e9sormais compter avec le slogan du Colonel Abas Demb\u00e9l\u00e9, Gouverneur de la r\u00e9gion de Mopti&nbsp;: \u00ab&nbsp;Biennale 2023&nbsp;: c\u2019est Mopti qui gagne&nbsp;\u00bb. Si ce slogan du Gouverneur de la r\u00e9gion a \u00e9t\u00e9 per\u00e7u par de nombreux mopticiennes et mopticiens comme une victoire de la troupe de leur r\u00e9gion le soir du 16 juillet 2023, il faut dire qu\u2019il pourrait aussi d\u00e9montrer la volont\u00e9 du Colonel Abas Demb\u00e9l\u00e9 de faire de cette \u00e9dition de la biennale un v\u00e9ritable projet de d\u00e9veloppement de la ville de Mopti.<\/p>\n\n\n\n<p>Effectivement, \u00e0 la faveur de l\u2019organisation de cette biennale, l\u2019Etat malien pourrait d\u00e9cider de la r\u00e9alisation de certaines infrastructures de d\u00e9veloppement dans la ville de Mopti. Et, profiter pour faire d\u2019une pierre deux coups. R\u00e9unir la jeunesse malienne pour c\u00e9l\u00e9brer la coh\u00e9sion sociale et le vivre ensemble dans un Mali qui commence \u00e0 pointer le nez en termes d\u2019espoir de sortir de la crise. Mais, aussi, profiter pour colmater les br\u00e8ches sur la route Bla-Mopti, en passant par San.<\/p>\n\n\n\n<p>D\u00e9j\u00e0, avec les travaux qui sont en cours dans la ville de S\u00e9var\u00e9, et l\u2019\u00e9largissement de la digue S\u00e9var\u00e9-Mopti, dont les travaux sont bien avanc\u00e9s, affichent la volont\u00e9 des autorit\u00e9s de la Transition de profiter de cette biennale pour faire rena\u00eetre l\u2019espoir dans le centre du Mali.<\/p>\n\n\n\n<p>Et, dans un tel contexte, il n\u2019\u00e9tait du tout surprenant d\u2019entendre le Colonel Abas Demb\u00e9l\u00e9 rappeler que \u00ab&nbsp;Mopti, durant des d\u00e9cennies a \u00e9t\u00e9 une destination pris\u00e9e par une multitude de visiteurs surtout \u00e9trangers, pour la diversit\u00e9 et la richesse de sa culture&nbsp;\u00bb. Selon lui, \u00ab&nbsp;malheureusement, une crise multidimensionnelle est venue hachurer ce beau tableau, paralysant du coup ce secteur si vital de notre \u00e9conomie, qui \u00e9tait un facteur de paix et de coh\u00e9sion sociale&nbsp;\u00bb.<\/p>\n\n\n\n<p>Dans un tel contexte, il a salu\u00e9 les plus hautes autorit\u00e9s du pays pour le choix port\u00e9 sur la r\u00e9gion de Mopti, pour la reprise de cet \u00e9v\u00e8nement culturel majeur de notre pays. \u00ab&nbsp;Je ne pourrais m&rsquo;affranchir ici du vibrant t\u00e9moignage de la reconnaissance et de la gratitude des autorit\u00e9s r\u00e9gionales et de toutes les forces vives de la R\u00e9gion \u00e0 l&rsquo;endroit des plus hautes autorit\u00e9s de la Transition sous la f\u00e9rule de son excellence le colonel Assimi GOITA, pr\u00e9sident de la transition, pour le choix port\u00e9 sur la R\u00e9gion de Mopti pour abriter un \u00e9v\u00e8nement aussi important par sa port\u00e9e symbolique, qu&rsquo;est la Biennale artistique et culturelle&nbsp;\u00bb, a-t-il d\u00e9clar\u00e9.<\/p>\n\n\n\n<p>Au regard de cette confiance plac\u00e9e dans la r\u00e9gion de Mopti, le Gouverneur a d\u00e9clar\u00e9&nbsp;: \u00ab&nbsp;C&rsquo;est pourquoi notre ambition et la seule v\u00e9ritable est de m\u00e9riter la confiance en nous plac\u00e9e, en rassurant les plus hautes autorit\u00e9s de notre disponibilit\u00e9 enti\u00e8re et de l&rsquo;engagement des communaut\u00e9s \u00e0 relever le d\u00e9fi&nbsp;\u00bb. Il a renouvel\u00e9 la disponibilit\u00e9 des cadres administratifs et politiques, des forces vives et de l&rsquo;ensemble des populations de la r\u00e9gion \u00e0 accompagner cette initiative noble et salutaire des plus hautes autorit\u00e9s et en particulier du Minist\u00e8re de l&rsquo;artisanat, de la culture&#8230;<\/p>\n\n\n\n<p>Avant, le Gouverneur de la r\u00e9gion de Mopti, Baba Tour\u00e9, Chef de village de Mopti et non moins coordinateur des chefs de quartiers de la Venise malienne, tout comme Kassim Baber Guitteye, 2<sup>\u00e8me<\/sup> adjoint au Maire la ville de Mopti, \u00e9taient intervenus pour la saluer le choix des plus hautes autorit\u00e9s du Mali sur la ville de Mopti pour abriter l\u2019\u00e9dition 2023 de la Biennale artistique et culturelle du Mali.<\/p>\n\n\n\n<p><strong>\u00ab&nbsp;<\/strong>Le Mali est une nation des hommes d\u2019honneur, le creuset d\u2019une culture riche et diversifi\u00e9 conservant \u00e0 la fois ses traditions, ses us et coutumes et ouvert \u00e0 la culture universelle&nbsp;\u00bb, a d\u00e9clar\u00e9 Andogoly Guindo, ministre de la culture. Il a rappel\u00e9 que d\u00e8s les premi\u00e8res ann\u00e9es de son accession \u00e0 la souverainet\u00e9 nationale et internationale, la R\u00e9publique du Mali a marqu\u00e9 sa volont\u00e9 de promouvoir et de d\u00e9velopper sa culture, ancr\u00e9e dans les valeurs de notre soci\u00e9t\u00e9 et ouverte au monde, en vue de r\u00e9aliser son unit\u00e9 nationale fond\u00e9e sur le sentiment d\u2019une identit\u00e9 commune. Selon lui, cette volont\u00e9 s\u2019est traduite par la tenue de grandes manifestations culturelles, la cr\u00e9ation de formations artistiques nationales et la r\u00e9alisation de grandes infrastructures culturelles (salles de spectacles, de cin\u00e9ma&#8230;) favorisant la promotion de la diversit\u00e9 des expressions culturelles et de la jeunesse malienne fortement attach\u00e9e aux valeurs de notre soci\u00e9t\u00e9.<\/p>\n\n\n\n<p>Il a rappel\u00e9 que \u00ab&nbsp;la culture \u00e9tait consid\u00e9r\u00e9e comme le socle pour maintenir l\u2019unit\u00e9 nationale, la coh\u00e9sion&nbsp;\u00bb. Selon lui, ce socle culturel a permis de faciliter l\u2019\u00e9mergence de nombreux \u00e9v\u00e9nements destin\u00e9s \u00e0 pr\u00e9server et valoriser le patrimoine des collectivit\u00e9s et \u00e0 mieux asseoir les bases d\u2019une nation fond\u00e9e sur l\u2019apport \u00e9quitable de toutes les composantes culturelles de sa soci\u00e9t\u00e9. Pour raviver les souvenirs, il dira que sous sous l\u2019impulsion du gouvernement de la premi\u00e8re r\u00e9publique, un espace d\u2019expression culturelle fut cr\u00e9\u00e9 sous la d\u00e9nomination de&nbsp; la \u00ab&nbsp;Semaine Nationale de la Jeunesse&nbsp;\u00bb, avec les ardeurs de l\u2019ind\u00e9pendance. \u00ab&nbsp;Elle aura enregistr\u00e9e sept \u00e9ditions de 1962 \u00e0 1968&nbsp;\u00bb, a-t-il d\u00e9clar\u00e9.&nbsp; Avant d\u2019ajouter sous la deuxi\u00e8me R\u00e9publique la \u00abSemaine Nationale de la Jeunesse&nbsp;\u00bb est devenue&nbsp;&nbsp;\u00ab&nbsp;Biennale Artistique, Culturelle&nbsp; et Sportive\u00bb qui a connu dix \u00e9ditions de 1970 \u00e0 1988.&nbsp; Il a ajout\u00e9 que la Biennale sportive a connu&nbsp; trois \u00e9ditions&nbsp;: 1979 \u00e0 S\u00e9gou, 1981 \u00e0 Mopti et 1983 \u00e0 Sikasso.<\/p>\n\n\n\n<p>Selon le ministre en charge de la culture, la Biennale Artistique et Culturelle, cr\u00e9\u00e9e aux premi\u00e8res heures de l\u2019ind\u00e9pendance, est une manifestation populaire dont l\u2019objectif global est de favoriser le brassage et l&rsquo;interp\u00e9n\u00e9tration des populations et de contribuer \u00e0 l&rsquo;\u00e9mergence d&rsquo;une culture de paix et de citoyennet\u00e9.<\/p>\n\n\n\n<p>Dans une d\u00e9marche de rappels historiques, le ministre a indiqu\u00e9 que la reprise de la biennale intervient&nbsp; en 2003 \u00e0 Bamako et son processus de d\u00e9localisation a commenc\u00e9 en 2005 avec la r\u00e9gion de S\u00e9gou, puis en 2008 avec la r\u00e9gion de Kayes et 2010, avec la r\u00e9gion de Sikasso.&nbsp; \u00ab&nbsp;Apr\u00e8s l\u2019\u00e9dition de Sikasso en 2010,&nbsp; le t\u00e9moin fut pass\u00e9 \u00e0 Mopti devant abriter celle de 2012. Elle fut avort\u00e9e, en raison des contraintes s\u00e9curitaires&nbsp;\u00bb, a-t-il indiqu\u00e9. Avec la pr\u00e9cision qu\u2019il a fallu attendre 2017 pour organiser une \u00e9dition sp\u00e9ciale \u00e0 Bamako.<\/p>\n\n\n\n<p>Mais, qu\u2019\u00e0 cela ne tienne, le Ministre a estim\u00e9 qu\u2019apr\u00e8s l\u2019\u00e9dition de Sikasso, la Biennale est tomb\u00e9e dans une hibernation qui a entra\u00een\u00e9&nbsp;un \u00e9tiolement du sentiment d\u2019identit\u00e9 commune&nbsp;; un d\u00e9litement de la conscience nationale&nbsp;; un effritement des valeurs culturelles de solidarit\u00e9, de tol\u00e9rance, de coh\u00e9sion sociale et du vivre ensemble&nbsp;; une diminution de l\u2019\u00e9lan de civisme, de patriotisme, de construction citoyenne et du don de soi.<\/p>\n\n\n\n<p>\u00ab&nbsp;Le Gouvernement organisera l\u2019\u00e9dition 2023 de la Biennale Artistique et Culturelle du 06 au 16 juillet 2023. La R\u00e9gion de Mopti a \u00e9t\u00e9 propos\u00e9e pour accueillir cette \u00e9dition 2023. Ce choix se justifie par le fait qu\u2019au lendemain de la Biennale du cinquantenaire, tenue \u00e0 Sikasso en 2010, le t\u00e9moin a \u00e9t\u00e9 pass\u00e9 officiellement \u00e0 la R\u00e9gion de Mopti pour accueillir la prochaine \u00e9dition&nbsp;\u00bb, a-t-il rappel\u00e9. Mais, il a pr\u00e9cis\u00e9 que cette reprise de la biennale est une forte recommandation des Assises nationales de la Refondation et une volont\u00e9 politique affich\u00e9e du Pr\u00e9sident de la Transition, Chef de l\u2019Etat, le Colonel Assimi GO\u00cfTA. Selon lui, elle s\u2019inscrit \u00e9galement dans le cadre de la mise en \u0153uvre du Plan d\u2019Action du Gouvernement, du Cadre Strat\u00e9gique de la Refondation de l\u2019Etat et de l\u2019Accord pour la Paix et la R\u00e9conciliation, issu du processus d\u2019Alger.&nbsp;&nbsp;<\/p>\n\n\n\n<p><strong>\u00ab&nbsp;<\/strong>Cette \u00e9dition mettra en comp\u00e9tition les troupes artistiques et culturelles des&nbsp; 19 r\u00e9gions du Mali et le District de Bamako dans les disciplines comme l\u2019ensemble instrumental traditionnel, le solo de chant, la pi\u00e8ce de th\u00e9\u00e2tre, la musique d&rsquo;orchestre, le ballet, le ballet \u00e0 th\u00e8me, la danse traditionnelle, le ch\u0153ur, et l&rsquo;exposition des objets d\u2019art&nbsp;\u00bb, a-t-il \u00e9num\u00e9r\u00e9. Avant de rappeler le th\u00e8me principal de cette \u00e9dition 2023 qui est \u00ab&nbsp;Le Mali, une Histoire commune, une seule Nation, un m\u00eame Destin&nbsp;\u00bb.<\/p>\n\n\n\n<p>Le tirage de l\u2019ordre de passage des diff\u00e9rentes r\u00e9gions qui a suivi cette s\u00e9rie de discours, entrecoup\u00e9e par des interm\u00e8des musicales de L\u2019orchestre Kanaga de Mopti, a donn\u00e9 le r\u00e9sultat suivant&nbsp;: Sikasso (1), M\u00e9naka (2), Bandiagara (3), Koutiala (4), Nioro du Sahel (5), Tombouctou (6), Koilikoro (7), Dioila( 8), Kidal (9), S\u00e9gou (10), Mopti (11), Bamako (12), San (13), Gao (14), Nara (15), Kayes (16), Douentza (17), Kita (18), Bougouni (19) et Taoudenit (20).<\/p>\n\n\n\n<p><strong>Assane Kon\u00e9<\/strong><\/p>\n\n\n\n<p><\/p>\n","protected":false},"excerpt":{"rendered":"<p>Interrompue depuis 2012, le Mali veut renouer avec l\u2019organisation de la Biennale artistique et culturelle. Et, l\u2019\u00e9dition prochaine aura lieu \u00e0 Mopti du 6 au 16 juillet 2023, avec la&hellip;<\/p>\n","protected":false},"author":1,"featured_media":12470,"comment_status":"open","ping_status":"closed","sticky":false,"template":"","format":"standard","meta":{"content-type":"","_lmt_disableupdate":"","_lmt_disable":"","_jetpack_memberships_contains_paid_content":false,"footnotes":"","jetpack_publicize_message":"","jetpack_publicize_feature_enabled":true,"jetpack_social_post_already_shared":true,"jetpack_social_options":{"image_generator_settings":{"template":"highway","default_image_id":0,"font":"","enabled":false},"version":2}},"categories":[111,32],"tags":[],"class_list":["post-12762","post","type-post","status-publish","format-standard","has-post-thumbnail","hentry","category-ciwara-info","category-musique-art-et-culture"],"jetpack_publicize_connections":[],"featured_image_urls":{"full":"","thumbnail":"","medium":"","medium_large":"","large":"","1536x1536":"","2048x2048":"","penci-recipe-1200x1200":"","penci-recipe-1200x900":"","penci-recipe-1200x675":"","penci-single-full":"","penci-slider-full-thumb":"","penci-full-thumb":"","penci-slider-thumb":"","penci-magazine-slider":"","penci-thumb":"","penci-masonry-thumb":"","penci-thumb-square":"","penci-thumb-vertical":"","penci-thumb-small":""},"author_info":{"display_name":"Nandi","author_link":"https:\/\/nandi.info\/?author=1"},"category_info":"<a href=\"https:\/\/nandi.info\/?cat=111\" rel=\"category\">Ciwara Info<\/a> <a href=\"https:\/\/nandi.info\/?cat=32\" rel=\"category\">Musique Art et Culture<\/a>","tag_info":"Musique Art et Culture","comment_count":"0","jetpack_featured_media_url":"","jetpack_sharing_enabled":true,"_links":{"self":[{"href":"https:\/\/nandi.info\/index.php?rest_route=\/wp\/v2\/posts\/12762","targetHints":{"allow":["GET"]}}],"collection":[{"href":"https:\/\/nandi.info\/index.php?rest_route=\/wp\/v2\/posts"}],"about":[{"href":"https:\/\/nandi.info\/index.php?rest_route=\/wp\/v2\/types\/post"}],"author":[{"embeddable":true,"href":"https:\/\/nandi.info\/index.php?rest_route=\/wp\/v2\/users\/1"}],"replies":[{"embeddable":true,"href":"https:\/\/nandi.info\/index.php?rest_route=%2Fwp%2Fv2%2Fcomments&post=12762"}],"version-history":[{"count":0,"href":"https:\/\/nandi.info\/index.php?rest_route=\/wp\/v2\/posts\/12762\/revisions"}],"wp:featuredmedia":[{"embeddable":true,"href":"https:\/\/nandi.info\/index.php?rest_route=\/"}],"wp:attachment":[{"href":"https:\/\/nandi.info\/index.php?rest_route=%2Fwp%2Fv2%2Fmedia&parent=12762"}],"wp:term":[{"taxonomy":"category","embeddable":true,"href":"https:\/\/nandi.info\/index.php?rest_route=%2Fwp%2Fv2%2Fcategories&post=12762"},{"taxonomy":"post_tag","embeddable":true,"href":"https:\/\/nandi.info\/index.php?rest_route=%2Fwp%2Fv2%2Ftags&post=12762"}],"curies":[{"name":"wp","href":"https:\/\/api.w.org\/{rel}","templated":true}]}}