{"id":12705,"date":"2023-03-29T09:28:00","date_gmt":"2023-03-29T07:28:00","guid":{"rendered":"https:\/\/nandi.info\/?p=12705"},"modified":"2023-03-29T09:28:00","modified_gmt":"2023-03-29T07:28:00","slug":"communique-du-conseil-des-ministres-du-mercredi-29-mars-2023","status":"publish","type":"post","link":"https:\/\/nandi.info\/?p=12705","title":{"rendered":"Communiqu\u00e9 du conseil des ministres du mercredi 29 mars 2023"},"content":{"rendered":"\n<p>Le Conseil des Ministres s\u2019est r\u00e9uni en session ordinaire,&nbsp;<strong>le mercredi 29 mars 2023<\/strong>, dans sa salle de d\u00e9lib\u00e9rations au Palais de Koulouba, sous la pr\u00e9sidence du&nbsp;<strong>Colonel Assimi GOITA<\/strong>,&nbsp;<strong>Pr\u00e9sident de la Transition<\/strong>,&nbsp;<strong>Chef de l\u2019Etat<\/strong>.<\/p>\n\n\n\n<p>Apr\u00e8s examen des points inscrits \u00e0 l\u2019ordre du jour, le Conseil a :&nbsp;<strong>\u2013&nbsp;<\/strong>adopt\u00e9 un projet de texte ;<\/p>\n\n\n\n<p><strong>\u2013&nbsp;<\/strong>et entendu des communications.<\/p>\n\n\n\n<p><strong><u>AU CHAPITRE DES MESURES LEGISLATIVES ET REGLEMENTAIRES<\/u><\/strong><\/p>\n\n\n\n<p>Sur le rapport du ministre de la R\u00e9conciliation, de la Paix et de la Coh\u00e9sion nationale, Charg\u00e9 de l\u2019Accord pour la Paix et la R\u00e9conciliation nationale, le Conseil des Ministres a adopt\u00e9 :<\/p>\n\n\n\n<ol class=\"wp-block-list\"><li><strong>un projet de d\u00e9cret portant cr\u00e9ation, organisation et modalit\u00e9s de fonctionnement&nbsp;<\/strong><strong>de la Commission nationale de D\u00e9sarmement-D\u00e9mobilisation-R\u00e9insertion ;<\/strong><\/li><li><strong>un projet de d\u00e9cret portant cr\u00e9ation, organisation et modalit\u00e9s de fonctionnement&nbsp;<\/strong><strong>de la Commission nationale d\u2019Int\u00e9gration.<\/strong><\/li><\/ol>\n\n\n\n<p>Dans le cadre de la r\u00e9solution de la crise que notre pays connait depuis 2012 et en vue d\u2019asseoir une paix durable, le Gouvernement a sign\u00e9 avec les Mouvements arm\u00e9s, l\u2019Accord pour la Paix et la R\u00e9conciliation, issu du Processus d\u2019Alger, les 15 mai et 20 juin 2015, sous l\u2019\u00e9gide de la M\u00e9diation internationale.<\/p>\n\n\n\n<p>L\u2019Accord pr\u00e9voit dans ses m\u00e9canismes, la mise en place des structures charg\u00e9es exclusivement du processus de d\u00e9sarmement, de d\u00e9mobilisation, de r\u00e9insertion et d\u2019int\u00e9gration de l\u2019ensemble des combattants des Mouvements arm\u00e9s signataires.<\/p>\n\n\n\n<p>C\u2019est dans ce cadre que la Commission nationale de D\u00e9sarmement-D\u00e9mobilisation\u00adR\u00e9insertion et la Commission d\u2019Int\u00e9gration ont \u00e9t\u00e9 cr\u00e9\u00e9es respectivement par les D\u00e9crets n\u00b02015-0894\/P-RM et n\u00b02015-0895\/P-RM du 31 d\u00e9cembre 2015.<\/p>\n\n\n\n<p>Ainsi, les Commissions de d\u00e9sarmement-d\u00e9mobilisation-r\u00e9insertion et d\u2019int\u00e9gration ont enregistr\u00e9 74618 ex-combattants dont 1744 int\u00e9gr\u00e9s au sein des Forces de D\u00e9fense et de S\u00e9curit\u00e9 et d\u00e9ploy\u00e9s sur le terrain au sein des Bataillons des Forces Arm\u00e9es Reconstitu\u00e9es.<\/p>\n\n\n\n<p>En outre, 1006 ex-combattants anciennement membres des Forces de D\u00e9fense et de S\u00e9curit\u00e9 et des corps paramilitaires ont \u00e9t\u00e9 r\u00e9int\u00e9gr\u00e9s.<\/p>\n\n\n\n<p>Des insuffisances sont apparues dans l\u2019application des textes de cr\u00e9ation et d\u2019organisation des deux commissions qu\u2019il convient de corriger. Les pr\u00e9sents projets de d\u00e9cret ont \u00e9t\u00e9 adopt\u00e9s pour corriger ces insuffisances en apportant les innovations ci-apr\u00e8s :<\/p>\n\n\n\n<p><strong>\u2013&nbsp;<\/strong>la prise en compte des repr\u00e9sentants des Mouvements de l\u2019Inclusivit\u00e9 au sein de la Commission nationale de D\u00e9sarmement-D\u00e9mobilisation-R\u00e9insertion et de la Commission nationale d\u2019Int\u00e9gration ainsi que l\u2019harmonisation des repr\u00e9sentations des parties dans lesdites commissions ;<\/p>\n\n\n\n<p><strong>\u2013&nbsp;<\/strong>la cr\u00e9ation d\u2019une Cellule administrative au niveau de la Commission nationale de D\u00e9sarmement-D\u00e9mobilisation-R\u00e9insertion ;<\/p>\n\n\n\n<p><strong>\u2013&nbsp;<\/strong>le changement d\u2019appellation de la Commission d\u2019Int\u00e9gration en Commission nationale d\u2019Int\u00e9gration ;<\/p>\n\n\n\n<p><strong>\u2013&nbsp;<\/strong>la cr\u00e9ation d\u2019une Cellule financi\u00e8re au sein de la Commission nationale d\u2019Int\u00e9gration ;&nbsp;<strong>\u2013&nbsp;<\/strong>la cr\u00e9ation d\u2019antennes r\u00e9gionales pour la Commission nationale d\u2019Int\u00e9gration.<\/p>\n\n\n\n<p><strong><u>AU CHAPITRE DES COMMUNICATIONS<\/u><\/strong><\/p>\n\n\n\n<ol class=\"wp-block-list\"><li>Sur le rapport du Ministre de l\u2019Economie et des Finances, en collaboration avec le Ministre des Mines, de l\u2019Energie et de l\u2019Eau, le Conseil des Ministres a \u00e9t\u00e9 inform\u00e9 de la remise, le 23 Mars 2023, du rapport de l\u2019Audit des Mines d\u2019or en activit\u00e9 \u00e0 Son Excellence le Colonel Assimi Go\u00efta, Pr\u00e9sident de la Transition, Chef de l\u2019Etat, soucieux de faire briller l\u2019or pour le peuple malien. Le Premier Ministre, ainsi que d\u2019autres membres du Gouvernement ont assist\u00e9 \u00e0 ladite remise.<\/li><\/ol>\n\n\n\n<p>A titre de rappel, la conduite de l\u2019Audit du secteur minier est une revendication constante, l\u00e9gitime du peuple malien, r\u00e9cemment r\u00e9it\u00e9r\u00e9e avec force lors des Assises nationales de la Refondation.<\/p>\n\n\n\n<p>L\u2019\u00e9tude ainsi initi\u00e9e vise \u00e0 :<\/p>\n\n\n\n<p><strong>\u2013&nbsp;<\/strong>r\u00e9aliser un diagnostic global des activit\u00e9s d\u2019exploitation mini\u00e8re au Mali ;<\/p>\n\n\n\n<p><strong>\u2013&nbsp;<\/strong>fournir un plan d\u2019action et accompagner le Minist\u00e8re de l\u2019Economie et des Finances et<\/p>\n\n\n\n<p>celui des Mines, de l\u2019Energie et de l\u2019Eau dans les futures n\u00e9gociations avec les<\/p>\n\n\n\n<p>compagnies.<\/p>\n\n\n\n<p>A l\u2019issue de la restitution du rapport d\u2019audit, le Pr\u00e9sident de la Transition, Chef de l\u2019Etat, a instruit l\u2019\u00e9laboration d\u2019un plan d\u2019action de mise en \u0153uvre des recommandations issues de la mission d\u2019audit, articul\u00e9 autour d\u2019actions phares, notamment :<\/p>\n\n\n\n<p><strong>\u2013&nbsp;<\/strong>la cr\u00e9ation de deux commissions dont une pour la n\u00e9gociation et\/ou la ren\u00e9gociation des Conventions mini\u00e8res et l\u2019autre pour le recouvrement ;<\/p>\n\n\n\n<p><strong>\u2013&nbsp;<\/strong>le recouvrement des montants \u00e9lud\u00e9s, suivant un plan \u00e9labor\u00e9 ;<\/p>\n\n\n\n<p><strong>\u2013&nbsp;<\/strong>le rapatriement au Mali des produits issus de l\u2019exportation de l\u2019or ;<\/p>\n\n\n\n<p><strong>\u2013&nbsp;<\/strong>la modification de l\u2019Ordonnance n\u00b02019-022\/P-RM du 27 septembre 2019 portant code minier ;<\/p>\n\n\n\n<p><strong>\u2013&nbsp;<\/strong>l\u2019acc\u00e9l\u00e9ration de la cr\u00e9ation des Fonds Miniers ;<\/p>\n\n\n\n<p><strong>\u2013&nbsp;<\/strong>l\u2019adoption du code de l\u2019environnement et du d\u00e9veloppement durable.<\/p>\n\n\n\n<p>Le plan d\u2019action sera mis en \u0153uvre suivant une d\u00e9marche participative, incluant les soci\u00e9t\u00e9s mini\u00e8res elles-m\u00eames. En outre, il fera l\u2019objet d\u2019une supervision assur\u00e9e par Son Excellence le Colonel Assimi Go\u00efta, Pr\u00e9sident de la Transition, Chef de l\u2019Etat.<\/p>\n\n\n\n<ol class=\"wp-block-list\" start=\"2\"><li>Le ministre de la Sant\u00e9 et du D\u00e9veloppement social a inform\u00e9 le Conseil des Ministres de l\u2019\u00e9volution de la maladie \u00e0 Coronavirus marqu\u00e9e par une augmentation du nombre de cas test\u00e9s positifs par rapport \u00e0 la semaine pr\u00e9c\u00e9dente.<\/li><\/ol>\n\n\n\n<p>Le Pr\u00e9sident de la Transition, Chef de l\u2019Etat a appel\u00e9 la population au respect strict des mesures de pr\u00e9vention et de lutte contre la maladie.<\/p>\n\n\n\n<p>Bamako, le 29 mars 2023<\/p>\n\n\n\n<p><strong>Le Secr\u00e9taire g\u00e9n\u00e9ral du Gouvernement<\/strong>,<\/p>\n\n\n\n<p><strong><u>Mahamadou DAGNO&nbsp;<\/u><\/strong><\/p>\n\n\n\n<p><em>Officier de l\u2019Ordre national<\/em><\/p>\n","protected":false},"excerpt":{"rendered":"<p>Le Conseil des Ministres s\u2019est r\u00e9uni en session ordinaire,&nbsp;le mercredi 29 mars 2023, dans sa salle de d\u00e9lib\u00e9rations au Palais de Koulouba, sous la pr\u00e9sidence du&nbsp;Colonel Assimi GOITA,&nbsp;Pr\u00e9sident de la&hellip;<\/p>\n","protected":false},"author":1,"featured_media":8749,"comment_status":"open","ping_status":"closed","sticky":false,"template":"","format":"standard","meta":{"content-type":"","_lmt_disableupdate":"","_lmt_disable":"","_jetpack_memberships_contains_paid_content":false,"footnotes":"","jetpack_publicize_message":"","jetpack_publicize_feature_enabled":true,"jetpack_social_post_already_shared":true,"jetpack_social_options":{"image_generator_settings":{"template":"highway","default_image_id":0,"font":"","enabled":false},"version":2}},"categories":[43],"tags":[],"class_list":["post-12705","post","type-post","status-publish","format-standard","has-post-thumbnail","hentry","category-nandi-info"],"jetpack_publicize_connections":[],"featured_image_urls":{"full":"","thumbnail":"","medium":"","medium_large":"","large":"","1536x1536":"","2048x2048":"","penci-recipe-1200x1200":"","penci-recipe-1200x900":"","penci-recipe-1200x675":"","penci-single-full":"","penci-slider-full-thumb":"","penci-full-thumb":"","penci-slider-thumb":"","penci-magazine-slider":"","penci-thumb":"","penci-masonry-thumb":"","penci-thumb-square":"","penci-thumb-vertical":"","penci-thumb-small":""},"author_info":{"display_name":"Nandi","author_link":"https:\/\/nandi.info\/?author=1"},"category_info":"<a href=\"https:\/\/nandi.info\/?cat=43\" rel=\"category\">Nandi.info<\/a>","tag_info":"Nandi.info","comment_count":"0","jetpack_featured_media_url":"","jetpack_sharing_enabled":true,"_links":{"self":[{"href":"https:\/\/nandi.info\/index.php?rest_route=\/wp\/v2\/posts\/12705","targetHints":{"allow":["GET"]}}],"collection":[{"href":"https:\/\/nandi.info\/index.php?rest_route=\/wp\/v2\/posts"}],"about":[{"href":"https:\/\/nandi.info\/index.php?rest_route=\/wp\/v2\/types\/post"}],"author":[{"embeddable":true,"href":"https:\/\/nandi.info\/index.php?rest_route=\/wp\/v2\/users\/1"}],"replies":[{"embeddable":true,"href":"https:\/\/nandi.info\/index.php?rest_route=%2Fwp%2Fv2%2Fcomments&post=12705"}],"version-history":[{"count":0,"href":"https:\/\/nandi.info\/index.php?rest_route=\/wp\/v2\/posts\/12705\/revisions"}],"wp:featuredmedia":[{"embeddable":true,"href":"https:\/\/nandi.info\/index.php?rest_route=\/"}],"wp:attachment":[{"href":"https:\/\/nandi.info\/index.php?rest_route=%2Fwp%2Fv2%2Fmedia&parent=12705"}],"wp:term":[{"taxonomy":"category","embeddable":true,"href":"https:\/\/nandi.info\/index.php?rest_route=%2Fwp%2Fv2%2Fcategories&post=12705"},{"taxonomy":"post_tag","embeddable":true,"href":"https:\/\/nandi.info\/index.php?rest_route=%2Fwp%2Fv2%2Ftags&post=12705"}],"curies":[{"name":"wp","href":"https:\/\/api.w.org\/{rel}","templated":true}]}}