{"id":12699,"date":"2023-04-01T09:27:51","date_gmt":"2023-04-01T07:27:51","guid":{"rendered":"https:\/\/nandi.info\/?p=12699"},"modified":"2023-04-01T09:27:51","modified_gmt":"2023-04-01T07:27:51","slug":"decede-le-25-mars-2023-ousmane-farota-repose-desormais-au-cimetiere-de-sabalibougou","status":"publish","type":"post","link":"https:\/\/nandi.info\/?p=12699","title":{"rendered":"D\u00e9c\u00e8de le 25 mars 2023 : Ousmane Farota repose d\u00e9sormais au cimeti\u00e8re de Sabalibougou\ufffc"},"content":{"rendered":"\n<p><strong><em>D\u00e9c\u00e9d\u00e9 le samedi 25 mars 2023 \u00e0 l\u2019\u00e2ge de 58 ans des suites d\u2019une longue maladie, l\u2019ancien gardien de but du R\u00e9al, du Stade malien de Bamako et des Aigles du Mali, El hadj Ousmane Farota (il avait accompli le p\u00e8lerinage \u00e0 La Mecque) repose d\u00e9sormais au cimeti\u00e8re de Sabalibougou.<\/em><\/strong><\/p>\n\n\n\n<p class=\"has-drop-cap\">Les obs\u00e8ques de l\u2019illustre disparu ont eu lieu le dimanche 26 mars 2023 dans sa grande famille au Quartier-Mali. Il a \u00e9t\u00e9 accompagn\u00e9 \u00e0 sa derni\u00e8re demeure par ses parents, amis dont des anciens footballeurs, des responsables du football, des journalistes, ses coll\u00e8gues de la Banque de d\u00e9veloppement du Mali (BDM-SA) o\u00f9 il travaillait et d\u2019une foule nombreuse d\u2019anonymes.<\/p>\n\n\n\n<p>Etaient \u00e9galement pr\u00e9sents, le repr\u00e9sentant du ministre de la Jeunesse et des Sports, les anciens ministres Moussa Balla Diakit\u00e9 et Adama Samass\u00e9kou, le pr\u00e9sident de la F\u00e9d\u00e9ration malienne de football, Mamoutou Tour\u00e9 dit Bavieux, le pr\u00e9sident du Stade malien de Bamako, Mahamadou Samak\u00e9 dit Sam et plusieurs dirigeants sportifs.<\/p>\n\n\n\n<p>Apr\u00e8s la pri\u00e8re mortuaire \u00e0 la mosqu\u00e9e, Ousmane Farota a \u00e9t\u00e9 conduit \u00e0 sa derni\u00e8re demeure par une foule immense compos\u00e9e de ses anciens compagnons de Tunis 94 \u00e0 l\u2019image de Moussa K\u00e9ita dit Dougoutigui, Modibo Sidib\u00e9\u2026<\/p>\n\n\n\n<p>Ousmane Farota (selon notre confr\u00e8re Mohamed Soumar\u00e9 qui conna\u00eet bien l\u2019homme) a d\u00e9but\u00e9 sa carri\u00e8re en Commune V, avant de signer \u00e0 l\u2019AS R\u00e9al en 1984-85. Il est rest\u00e9 chez les Scorpions jusqu\u2019en 1988, avec un titre de champion en 1986. En 1988, il est recrut\u00e9 par le Stade malien de Bamako, avec lequel il a \u00e9t\u00e9 plusieurs fois champion du Mali, vainqueur de la Coupe du Mali et de la Coupe Ufoa en 1992.<\/p>\n\n\n\n<p>Avec les Aigles du Mali,&nbsp; il a remport\u00e9 le Cabral de 1989 \u00e0 Bamako et jou\u00e9 la Can-1994 en Tunisie, avec une place de 4e. En 1995, il signe \u00e0 Ismailya en Egypte. La m\u00eame ann\u00e9e, il est demi-finaliste de la Coupe d\u2019Afrique des clubs champions. Cette m\u00eame ann\u00e9e, lors d\u2019un match de gala entre la s\u00e9lection d\u2019Afrique et le reste du monde, il est le seul joueur de la s\u00e9lection d\u2019Afrique \u00e9voluant sur le sol africain.<\/p>\n\n\n\n<p>Dans leurs t\u00e9moignages, Sir\u00e9 Diallo (ancien joueur du Stade et ancien DTN de la F\u00e9mafoot), Djibril Traor\u00e9 (journaliste sportif \u00e9m\u00e9rite \u00e2 l\u2019ORTM), Seydina Sow (ancien dirigeant du Stade malien), Ousmane Diakit\u00e9 \u201cMaraka\u201d (pr\u00e9sident des supporteurs du Stade) ont laiss\u00e9 entendre qu\u2019Ousmane Farota \u00e9tait rassembleur, un exemple dont les jeunes g\u00e9n\u00e9rations de footballeurs doivent se r\u00e9f\u00e9rer.<\/p>\n\n\n\n<p>Dort en paix Farota! Que la terre te soit l\u00e9g\u00e8re ! Amen !&nbsp;&nbsp;&nbsp;&nbsp;<strong>&nbsp; &nbsp; &nbsp; &nbsp; &nbsp; &nbsp; &nbsp; &nbsp; &nbsp; &nbsp; &nbsp; &nbsp; &nbsp; &nbsp; &nbsp; &nbsp; &nbsp; &nbsp; &nbsp; &nbsp; &nbsp; &nbsp; &nbsp; &nbsp; &nbsp; &nbsp; &nbsp; &nbsp; &nbsp; &nbsp; &nbsp; &nbsp; &nbsp; &nbsp; &nbsp; &nbsp; &nbsp; &nbsp; &nbsp; &nbsp; &nbsp; &nbsp; &nbsp;<\/strong><\/p>\n\n\n\n<p><strong>Sir\u00e9 Diallo : \u201cAvec&nbsp;<\/strong><strong>le Stade Malien de Bamako,<\/strong>&nbsp;<strong>Ousmane Farota a \u00e9t\u00e9 tr\u00e8s s\u00e9rieux\u201d<\/strong><\/p>\n\n\n\n<p>elon Sir\u00e9 Diallo (ancien joueur du Stade malien de Bamako), Ousmane Farota \u00e9tait un gar\u00e7on tr\u00e8s s\u00e9rieux, tr\u00e8s calme.&nbsp;<em>\u201cIl avait l\u2019apparence timide mais il rigolait beaucoup avec ses camarades. Quand j\u2019\u00e9tais directeur technique national (DTN), il \u00e9tait le gardien de l\u2019\u00e9quipe nationale. Et nous avons fait beaucoup de gagner ensemble. Avec Farota, nous avons connu de grandes joies, immenses. Je retiens de lui, un gar\u00e7on tr\u00e8s s\u00e9rieux, bien \u00e9lev\u00e9\u201d,<\/em>&nbsp; dit Sir\u00e9 Diallo. Parlant du passage de Farota au Stade malien de Bamako, Sir\u00e9 Diallo laisse entendre qu\u2019il a \u00e9t\u00e9 un grand gardien de talent et de qualit\u00e9, tr\u00e8s s\u00e9rieux.&nbsp;<em>\u201cJe me souviens, quand il \u00e9tait \u00e0 la Banque, il prenait des cours le soir et l\u2019\u00e9quipe nationale a eu un probl\u00e8me de gardien quelques jours avant une rencontre de Coupe d\u2019Afrique en Sierra-Leone. Nous sommes partis le chercher. Il est venu s\u2019entra\u00eener et nous sommes partis avec lui. Il a sorti un grand jeu. Je peux t\u00e9moigner cela. Je n\u2019avais pas beaucoup approch\u00e9 Farota. Mais avec le Stade, il a \u00e9t\u00e9 tr\u00e8s s\u00e9rieux. Je ne peux que lui souhaiter un repos \u00e9ternel dans la gr\u00e2ce d\u2019Allah\u201d,<\/em>&nbsp;conclut M. Diallo.&nbsp;&nbsp;&nbsp;&nbsp;&nbsp;&nbsp;&nbsp;&nbsp;<strong>&nbsp; &nbsp; &nbsp; &nbsp; &nbsp; &nbsp; &nbsp; &nbsp; &nbsp; &nbsp; &nbsp; &nbsp; &nbsp; &nbsp; &nbsp; &nbsp; &nbsp; &nbsp; &nbsp; &nbsp; &nbsp; &nbsp; &nbsp; &nbsp; &nbsp; &nbsp; &nbsp; &nbsp; &nbsp; &nbsp; &nbsp; &nbsp;&nbsp;<\/strong><\/p>\n\n\n\n<p><strong>Djibril Traor\u00e9 : \u201cFarota \u00e9tait un exemple, quelqu\u2019un&nbsp;<\/strong><strong>de bien, courtois, respectueux tr\u00e8s g\u00e9n\u00e9reux\u201d<\/strong><\/p>\n\n\n\n<p>elon Djibril Traor\u00e9, Farota faisait l\u2019unanimit\u00e9 autour de lui. Car il \u00e9tait un rassembleur.&nbsp;<em>\u201cDemandez \u00e0 n\u2019importe quel joueur de la g\u00e9n\u00e9ration de Farota, il vous dira la m\u00eame chose. Cela est certain. La preuve : Farota a \u00e9t\u00e9 capitaine sur le terrain mais il avait la particularit\u00e9 d\u2019\u00eatre capitaine en dehors du terrain. C\u2019est lui qui rassemblait tout le monde. C\u2019est lui qui appelait tout le monde pour tout ce qui se passe sur le plan social. Je suis au courant de cela car je suis en contact avec sa g\u00e9n\u00e9ration. Dieu a donn\u00e9 la chance \u00e0 Farota d\u2019\u00eatre cadre \u00e0 la BDM-SA. Ce qui fait qu\u2019il avait les moyens d\u2019aider les autres joueurs qui \u00e9taient dans le besoin. Et il ne s\u2019en est jamais priv\u00e9 de cette g\u00e9n\u00e9rosit\u00e9. Il a toujours aid\u00e9 les autres. Il venait en aide \u00e0 beaucoup de joueurs qui \u00e9tait dans le besoin. Farota \u00e9tait quelqu\u2019un de bien, courtois, respectueux, rassembleur.&nbsp; Personne n\u2019a jamais vu Farota se bagarrer. Il \u00e9tait l\u2019humilit\u00e9 et l\u2019humanit\u00e9 personnifi\u00e9es. L\u2019annonce de sa mort est tomb\u00e9e comme un couperet. Personne n\u2019en revenait. Sa mort est une \u00e9norme perte&nbsp; pour les footballeurs. Le grin des anciens \u00e9tait chez Farota. La veille de son d\u00e9c\u00e8s, il a regard\u00e9 (\u00e9tant sous s\u00e9rum) le match du Mali contre la Gambie gagn\u00e9 par les Aigles 2-0\u201d,<\/em>&nbsp;t\u00e9moigne Djibril Traor\u00e9.<\/p>\n\n\n\n<p>Evoquant la carri\u00e8re footballistique de Farota, Djibril Traor\u00e9 pr\u00e9cis\u00e9 qu\u2019elle ne se r\u00e9sume pas \u00e0 Tunis 94. Il rappelle que Farota a sign\u00e9 sa premi\u00e8re licence en Commune V avant de partir au R\u00e9al de Bamako dans les ann\u00e9es 1984-88. Au R\u00e9al, il \u00e9tait dans le sillage de Moussa Bah. Quand il a gagn\u00e9 ses galons, il est partie au Stade malien de Bamako de 1988 \u00e0 1992. Bien que ses parents soient R\u00e9alistes, ils l\u2019ont laiss\u00e9 partir au Stade malien de Bamako o\u00f9 il a fait de bonnes choses en gagnant la Coupe de l\u2019Ufoa en 1992. En m\u00eame temps, il a jou\u00e9 en \u00e9quipe nationale en tant que capitaine et leader sans pour autant \u00eatre bavard. Sur le passage de Farota au Stade malien de Bamako, Djibril Traor\u00e9 a racont\u00e9 une anecdote le concernant.&nbsp;<em>\u201cFarota, quand il \u00e9tait au Stade malien de Bamako, a travers\u00e9 des moments difficiles en tant que gardien de but. Il \u00e9tait en m\u00e9forme. En ce moment, Mamoutou Kan\u00e9 \u2018Mourl\u00e9\u2019 \u00e9tait son second (rempla\u00e7ant). Farota a eu l\u2019humilit\u00e9 d\u2019aller voir Mourl\u00e9 pour l\u2019inciter \u00e0 s\u2019entra\u00eener pour le remplacer dans la cage. Car, \u00e0 ses dires, il n\u2019\u00e9tait pas en forme. Et il trouvait que Mourl\u00e9 \u00e9tait beaucoup plus en forme que lui. C\u2019est ainsi que Mourl\u00e9 l\u2019a remplac\u00e9 derri\u00e8re les Stadistes. Cela est la preuve de l\u2019humilit\u00e9 de Farota. Il \u00e9tait tr\u00e8s humble. J\u2019ai retenu de lui cette humilit\u00e9 qui est rare chez les gardiens de but\u201d<\/em>, r\u00e9v\u00e8le Djibril Traor\u00e9.<\/p>\n\n\n\n<p>Djibril Traor\u00e9 trouve que Farota \u00e9tait un vrai leader mais pas bavard.&nbsp;<em>\u201cDans sa carri\u00e8re, Farota a aid\u00e9 les autres. A l\u2019entra\u00eenement, il ne rechignait pas. Il s\u2019entra\u00eenait dur. Mamadou K\u00e9\u00efta \u00abCapi\u00bb (ancien gardien) \u00e9tait son entra\u00eeneur. Je peux dire que Farota \u00e9tait un exemple, c\u2019est un exemple \u00e0 suivre pour la jeune g\u00e9n\u00e9ration\u201d,&nbsp;<\/em>ajoute Djibril Traor\u00e9.<\/p>\n\n\n\n<p><strong>Seydina Oumar Sow : \u201cFarota \u00e9tait s\u00e9rieux, humble, g\u00e9n\u00e9reux, rassembleur, un battant qui voulait toujours gagner\u201d<\/strong><\/p>\n\n\n\n<p>Tout en pr\u00e9sentant ses condol\u00e9ances \u00e0 la famille d\u2019Ousmane Farota et \u00e0 la BDM-SA, au monde footballistique, Seydina Oumar Sow souligne qu\u2019il a eu la chance de voir jouer Farota qui est de sa g\u00e9n\u00e9ration.&nbsp;<em>\u201cFarota \u00e9tait un gar\u00e7on tr\u00e8s s\u00e9rieux dans le football. Tout ce qu\u2019il faisait, il le faisait consciencieusement et avec s\u00e9rieux. Je rappelle que depuis Yaound\u00e9 72, le Mali n\u2019avait pas beaucoup avanc\u00e9 en football. Le Mali peinait toujours \u00e0 rentrer en phase finale de la Coupe d\u2019Afrique des nations (Can). Et tous les Maliens se rappellent de Tunis 94. Gr\u00e2ce aux exploits de Farota, le Mali est all\u00e9 jusqu\u2019en demi-finales.&nbsp; Je retiens de Farota, sa simplicit\u00e9, sa modestie. Il \u00e9tait humble, tr\u00e8s g\u00e9n\u00e9reux, tr\u00e8s rassembleur. Pour confirmer cela, j\u2019ai \u00e9t\u00e9 inform\u00e9 de son d\u00e9c\u00e8s par un joueur du Djoliba. Et ce dernier m\u2019a dit que chaque fois que son petit fr\u00e8re partait \u00e0 la BDM, il lui remettait une enveloppe pour lui alors qu\u2019ils ne sont pas de la m\u00eame g\u00e9n\u00e9ration. Pour dire que Farota \u00e9tait en bons termes avec tous les joueurs, avec tout le monde. Il \u00e9tait jovial, g\u00e9n\u00e9reux. Que son \u00e2me repose en paix dans la gr\u00e2ce de Dieu. Apr\u00e8s feu Mamadou K\u00e9\u00efta (gardien de but du Mali \u00e0 Yaound\u00e9 72), le Mali a eu des probl\u00e8mes de gardien de but. Mais la fa\u00e7on dont Farota s\u2019habillait me rappelait des gardiens camerounais et nig\u00e9rian comme Thomas&nbsp; N\u2019Kono, Joseph Antoine Bell et Peter Rufai du Nigeria. Farota \u00e9tait tr\u00e8s agile. Il \u00e9tait un battant qui voulait toujours gagner. Au Stade, nous avons eu beaucoup de satisfactions avec Farota. Il faisait partie d\u2019une g\u00e9n\u00e9ration dor\u00e9e avec les Abdoulaye Kaloga, Lassine Soumaoro, Cheick Oumar Kon\u00e9, Vieux Djan, Seydou Diarra \u00abPlatini\u00bb, Mohamed Djilla. Ils \u00e9taient extraordinaires. Avec ces joueurs, nous allions au terrain pour avoir du plaisir et nous retournions \u00e0 la maison avec du plaisir\u201d,<\/em>&nbsp;a dit Seydina Oumar Sow.&nbsp;&nbsp;&nbsp;<strong>&nbsp;&nbsp;&nbsp;&nbsp;&nbsp;&nbsp;&nbsp;&nbsp;&nbsp;&nbsp;&nbsp;&nbsp;&nbsp;&nbsp;&nbsp;&nbsp;&nbsp;&nbsp;&nbsp;&nbsp;&nbsp;&nbsp;&nbsp;&nbsp;&nbsp;&nbsp;&nbsp;&nbsp;&nbsp;&nbsp;&nbsp;&nbsp;&nbsp;&nbsp;&nbsp;&nbsp;&nbsp;&nbsp;&nbsp;&nbsp;&nbsp;&nbsp;&nbsp;&nbsp;&nbsp;&nbsp;&nbsp;&nbsp;&nbsp;&nbsp;&nbsp;&nbsp;&nbsp;&nbsp;&nbsp;&nbsp;&nbsp;&nbsp;&nbsp;&nbsp;&nbsp;&nbsp;&nbsp;&nbsp;&nbsp;&nbsp;&nbsp;&nbsp;&nbsp;&nbsp;&nbsp;&nbsp;&nbsp;&nbsp;&nbsp;&nbsp;&nbsp;&nbsp;&nbsp;&nbsp;&nbsp;&nbsp;&nbsp;&nbsp;&nbsp;&nbsp;&nbsp;&nbsp;&nbsp;&nbsp;&nbsp;<\/strong><\/p>\n\n\n\n<p><strong>Siaka Doumbia<\/strong><\/p>\n\n\n\n<p><strong>&nbsp;<\/strong><strong>OUSMANE DIAKIT\u00e9 \u201cMARAKA\u201d (PRESIDENT DES SUPPORTEURS DU STADE MALIEN<\/strong><\/p>\n\n\n\n<p><strong>DE BAMAKO)<\/strong><\/p>\n\n\n\n<p><strong>\u201cOusmane Farota a tout donn\u00e9 au Stade malien de Bamako et au football malien\u201d<\/strong><\/p>\n\n\n\n<p><em>Ousmane Farota \u00e9tait exemplaire. Au Stade, nous avons toujours voulu que Farota, vu son parcours dans l\u2019\u00e9quipe nationale surtout \u00e0 la Can 94, soit un exemple, un rep\u00e8re pour les jeunes footballeurs du Stade. Mais ce que les gens ne savent pas, Farota a \u00e9t\u00e9 pr\u00e9par\u00e9 avant cette Can-94 par son club de c\u0153ur qu\u2019est le Stade malien de Bamako. Il a fait la gloire du Stade \u00e0 la Coupe du Mali. Nous ne pouvons que souhaiter un repos \u00e9ternel \u00e0 Farota qui a tout donn\u00e9 au football malien\u201d<\/em>, d\u00e9clare Ousmane Diakit\u00e9 dit Maraka, pr\u00e9sident des Supporters du Stade Malien de Bamako<strong>.<\/strong><\/p>\n\n\n\n<p><strong>Babintou Sangar\u00e9 : \u201cGr\u00e2ce \u00e0 Farota, je n\u2019ai connu ni la faim ni la soif\u201d<\/strong><\/p>\n\n\n\n<p>Ousmane Farota m\u2019a beaucoup aid\u00e9 dans la vie, il prenait r\u00e9guli\u00e8rement mes charges. Il s\u2019est battu pour que je puisse avoir un logement \u00e0 travers les joueurs de l\u2019\u00e9quipe nationale. Gr\u00e2ce \u00e0 Ousmane, je n\u2019ai connu ni la faim ni la soif. Il \u00e9tait tr\u00e8s g\u00e9n\u00e9reux pour tout le monde. Je prie que son \u00e2me repose en paix et Dieu l\u2019accueillit dans son paradis \u00e9ternel\u201d.<\/p>\n\n\n\n<p>Moussa Balla Diakit\u00e9, ancien ministre des Sports : \u201cFarota \u00e9tait tr\u00e8s humble et tr\u00e8s disponible\u201d<\/p>\n\n\n\n<p>Ousmane Farota \u00e9tait une forte personnalit\u00e9, c\u2019est-\u00e0-dire quelqu\u2019un qui s\u2019entendait avec tout le monde. En plus de cela, il \u00e9tait appr\u00e9ci\u00e9 non seulement par ses camarades, mais \u00e9galement les dirigeants sportifs, notamment les responsables de la F\u00e9d\u00e9ration malienne de football et le minist\u00e8re de la Jeunesse et des Sports. C\u2019est vraiment quelqu\u2019un de tr\u00e8s humble, de tr\u00e8s disponible. Nous prions pour le repos \u00e9ternel de son \u00e2me\u201d.<\/p>\n\n\n\n<p><strong>Mamadou Dipa Fan\u00e9 : \u201cFarota \u00e9tait un homme affable, tr\u00e8s digne et<\/strong>&nbsp;<strong>un responsable\u201d<\/strong><\/p>\n\n\n\n<p>Je ne retiens que de bonnes choses d\u2019Ousmane Farota. Je viens de faire un petit papier sur lui que j\u2019ai mis sur les r\u00e9seaux sociaux. Vous savez, Farota \u00e9tait un homme affable, tr\u00e8s digne, un responsable et faisant face \u00e0 toutes ses responsabilit\u00e9s parce que vous ne pouvez pas \u00eatre un gardien de but sans \u00eatre responsable parce qu\u2019il d\u00e9cide \u00e0 la derni\u00e8re minute d\u2019aller \u00e0 tous les c\u00f4t\u00e9s, c\u2019est le gardien de but seul qui d\u00e9cide. Quant aux joueurs de champ, ils se faisaient aider. Pour moi Ousmane Farota \u00e9tait un grand homme\u201d.<\/p>\n\n\n\n<p>Moussa Bagayoko, ancien gardien de but l\u2019AS R\u00e9al : \u201cFarota \u00e9tait un homme tr\u00e8s courageux\u201d Moussa Bagayoko, ancien gardien de but l\u2019AS R\u00e9al : \u201cFarota \u00e9tait un homme tr\u00e8s courageux\u201d<\/p>\n\n\n\n<p>Je commence par pr\u00e9senter mes condol\u00e9ances \u00e0 la famille d\u2019illustre disparu et que son \u00e2me repose en paix. Je peux beaucoup dire sur Ousmane Farota parce que lorsqu\u2019il venait, c\u2019est son grand fr\u00e8re Abdoulaye Farota qui me l\u2019a confi\u00e9. Dieu merci, \u00e7a \u00e9t\u00e9 une r\u00e9ussite gr\u00e2ce \u00e0 Seydou Gouatigui qui nous entra\u00eenait tous. Heureusement, gr\u00e2ce \u00e0 son courage, il a r\u00e9ussi \u00e0 s\u2019imposer. M\u00eame apr\u00e8s la carri\u00e8re sportive, nous continuions \u00e0 nous fr\u00e9quenter. Dieu faisant les choses, s\u2019il nous quitte aujourd\u2019hui nous ne font que prier pour le repos \u00e9ternel de son \u00e2me\u201d.<\/p>\n\n\n\n<p><strong>Aly Diop, ancien gardien du SMB et de l\u2019EN : \u201cBozo \u00e9tait une bonne personne\u201d<\/strong><\/p>\n\n\n\n<p>Ousmane Farota commun\u00e9ment appel\u00e9 Bozo \u00e9tait une bonne personne. Il \u00e9tait tr\u00e8s gentil et aimait accompagner ses jeunes fr\u00e8res comme nous. Il m\u2019a beaucoup aid\u00e9 dans ma carri\u00e8re sportive. D\u2019ailleurs, c\u2019est gr\u00e2ce \u00e0 lui que j\u2019ai sign\u00e9 au Stade malien de Bamako. Tout ce que Dieu fait est bon.&nbsp; Je profite de cette occasion pour pr\u00e9senter mes condol\u00e9ances \u00e0 sa famille. Que son \u00e2me repose en paix\u201d.<\/p>\n\n\n\n<p><strong>Rassembl\u00e9es par Siaka Doumbia<\/strong><\/p>\n","protected":false},"excerpt":{"rendered":"<p>D\u00e9c\u00e9d\u00e9 le samedi 25 mars 2023 \u00e0 l\u2019\u00e2ge de 58 ans des suites d\u2019une longue maladie, l\u2019ancien gardien de but du R\u00e9al, du Stade malien de Bamako et des Aigles&hellip;<\/p>\n","protected":false},"author":1,"featured_media":12703,"comment_status":"open","ping_status":"closed","sticky":false,"template":"","format":"standard","meta":{"content-type":"","_lmt_disableupdate":"","_lmt_disable":"","_jetpack_memberships_contains_paid_content":false,"footnotes":"","jetpack_publicize_message":"","jetpack_publicize_feature_enabled":true,"jetpack_social_post_already_shared":true,"jetpack_social_options":{"image_generator_settings":{"template":"highway","default_image_id":0,"font":"","enabled":false},"version":2}},"categories":[19,37,21],"tags":[],"class_list":["post-12699","post","type-post","status-publish","format-standard","has-post-thumbnail","hentry","category-aujourdhui-mali","category-necrologie","category-societe"],"jetpack_publicize_connections":[],"featured_image_urls":{"full":"","thumbnail":"","medium":"","medium_large":"","large":"","1536x1536":"","2048x2048":"","penci-recipe-1200x1200":"","penci-recipe-1200x900":"","penci-recipe-1200x675":"","penci-single-full":"","penci-slider-full-thumb":"","penci-full-thumb":"","penci-slider-thumb":"","penci-magazine-slider":"","penci-thumb":"","penci-masonry-thumb":"","penci-thumb-square":"","penci-thumb-vertical":"","penci-thumb-small":""},"author_info":{"display_name":"Nandi","author_link":"https:\/\/nandi.info\/?author=1"},"category_info":"<a href=\"https:\/\/nandi.info\/?cat=19\" rel=\"category\">Aujourd\u2019hui Mali<\/a> <a href=\"https:\/\/nandi.info\/?cat=37\" rel=\"category\">N\u00e9crologie<\/a> <a href=\"https:\/\/nandi.info\/?cat=21\" rel=\"category\">Soci\u00e9t\u00e9<\/a>","tag_info":"Soci\u00e9t\u00e9","comment_count":"0","jetpack_featured_media_url":"","jetpack_sharing_enabled":true,"_links":{"self":[{"href":"https:\/\/nandi.info\/index.php?rest_route=\/wp\/v2\/posts\/12699","targetHints":{"allow":["GET"]}}],"collection":[{"href":"https:\/\/nandi.info\/index.php?rest_route=\/wp\/v2\/posts"}],"about":[{"href":"https:\/\/nandi.info\/index.php?rest_route=\/wp\/v2\/types\/post"}],"author":[{"embeddable":true,"href":"https:\/\/nandi.info\/index.php?rest_route=\/wp\/v2\/users\/1"}],"replies":[{"embeddable":true,"href":"https:\/\/nandi.info\/index.php?rest_route=%2Fwp%2Fv2%2Fcomments&post=12699"}],"version-history":[{"count":0,"href":"https:\/\/nandi.info\/index.php?rest_route=\/wp\/v2\/posts\/12699\/revisions"}],"wp:featuredmedia":[{"embeddable":true,"href":"https:\/\/nandi.info\/index.php?rest_route=\/"}],"wp:attachment":[{"href":"https:\/\/nandi.info\/index.php?rest_route=%2Fwp%2Fv2%2Fmedia&parent=12699"}],"wp:term":[{"taxonomy":"category","embeddable":true,"href":"https:\/\/nandi.info\/index.php?rest_route=%2Fwp%2Fv2%2Fcategories&post=12699"},{"taxonomy":"post_tag","embeddable":true,"href":"https:\/\/nandi.info\/index.php?rest_route=%2Fwp%2Fv2%2Ftags&post=12699"}],"curies":[{"name":"wp","href":"https:\/\/api.w.org\/{rel}","templated":true}]}}