{"id":12682,"date":"2023-03-31T08:34:48","date_gmt":"2023-03-31T06:34:48","guid":{"rendered":"https:\/\/nandi.info\/?p=12682"},"modified":"2023-03-31T08:34:48","modified_gmt":"2023-03-31T06:34:48","slug":"grogne-au-sein-du-ministere-des-affaires-etrangeres-et-celui-des-maliens-de-lexterieur-576-heures-24-jours-de-greve-en-vue-a-partir-du-26-avril","status":"publish","type":"post","link":"https:\/\/nandi.info\/?p=12682","title":{"rendered":"Grogne au sein du minist\u00e8re des Affaires \u00e9trang\u00e8res et celui des Maliens de l\u2019Ext\u00e9rieur : 576 Heures (24 jours) de gr\u00e8ve en vue \u00e0 partir du 26 avril"},"content":{"rendered":"\n<p><strong>Au sein du minist\u00e8re des Affaires \u00e9trang\u00e8res et de la Coop\u00e9ration internationale du Mali, passant par celui des Maliens Etablis \u00e0 l\u2019ext\u00e9rieur, les travailleurs menacent d\u2019observer, \u00e0 partir du 26 avril prochain, 576 heures de gr\u00e8ve. Via un pr\u00e9avis adress\u00e9 au d\u00e9partement du Travail, de la Fonction publique et du Dialogue social, les syndicalistes pr\u00e9cisent \u00ab&nbsp;exiger&nbsp;\u00bb la satisfaction de certains griefs pour \u00e9viter la paralysie du secteur.<\/strong><\/p>\n\n\n\n<p class=\"has-drop-cap\">Pour r\u00e9clamer leurs droits, les membres de la coalition des organisations syndicales du secteur des Affaires \u00e9trang\u00e8res et des Maliens de l\u2019ext\u00e9rieur (Syltae et Stmmeeia) annoncent la perturbation des activit\u00e9s. Un mouvement de gr\u00e8ve qui s\u2019explique par \u00ab la pr\u00e9carit\u00e9 \u00bb des conditions de vie et de travail au sein du secteur des Affaires \u00e9trang\u00e8res et des Maliens de l\u2019ext\u00e9rieur, selon les syndicats. Aussi, apprend-on de leur document du 27 mars dernier, la gr\u00e8ve en vue se justifie par \u00ab la non-application \u00bb du protocole d\u2019entente du 21 octobre 2019. Lequel a \u00e9t\u00e9 sign\u00e9 par le ministre charg\u00e9 des Affaires \u00e9trang\u00e8res et le syndicat libre des travailleurs des Affaires \u00e9trang\u00e8res (SYLTAE). Ce protocole d\u2019entente met l\u2019accent sur la relecture des d\u00e9crets portant l\u2019octroi d\u2019indemnit\u00e9s d\u2019\u00e9quipement aux agents des deux D\u00e9partements, d\u00e9crit-on. Les syndicalistes d\u00e9plorent l\u2019enlisement du dialogue autour du cahier de dol\u00e9ances soumis au ministre charg\u00e9 des Affaires \u00e9trang\u00e8res, le 3 d\u00e9cembre 2021, ainsi qu\u2019au ministre charg\u00e9 du Dialogue social, le 18 f\u00e9vrier 2022. La coalition des organisations syndicales souligne avoir ainsi d\u00e9cr\u00e9t\u00e9 ce mouvement gr\u00e8ve en raison de \u00ab l\u2019absence de r\u00e9ponses aux pr\u00e9occupations exprim\u00e9es par les travailleurs du secteur \u00bb. Cela, sp\u00e9cifie-t-on, \u00ab apr\u00e8s avoir observ\u00e9 une tr\u00eave de dix (10) jours en guise de bonne foi, voire en r\u00e9ponse au temps demand\u00e9 par le Gouvernement \u00bb. Le mouvement en vue est conforme, mentionne-t-on, \u00e0 la constitution en vigueur au Mali, en plus d\u2019autres textes garantissant le droit de gr\u00e8ve en R\u00e9publique du Mali, font entendre le syndicat des travailleurs du minist\u00e8re des Maliens Etablis \u00e0 l\u2019Ext\u00e9rieur et de l\u2019Int\u00e9gration africaine (STMMEEIA) et le syndicat libre des travailleurs des Affaires \u00e9trang\u00e8res (Syltae). La coalition des organisations syndicales \u00e9nonce exiger, pour \u00e9viter la tenue des 576 heures de gr\u00e8ve, la satisfaction de certaines dol\u00e9ances. Il s\u2019agit de la majoration des indemnit\u00e9s annuelle et mensuelle d\u2019\u00e9quipement accord\u00e9es aux personnels des d\u00e9partements en charge des Affaires \u00e9trang\u00e8res et des Maliens \u00e9tablis \u00e0 l\u2019ext\u00e9rieur. Cela, conform\u00e9ment aux montants convenus entre le Syltae et le ministre des Affaires \u00e9trang\u00e8res. Aussi, lit-on dans le document, les syndicats r\u00e9clament l\u2019octroi d\u2019une indemnit\u00e9 de monture aux fonctionnaires et agents du secteur des Affaires \u00e9trang\u00e8res et des Maliens de l\u2019ext\u00e9rieur ; l\u2019octroi d\u2019une indemnit\u00e9 de suj\u00e9tion diplomatique aux fonctionnaires et agents du minist\u00e8re des Affaires \u00e9trang\u00e8res et de la Coop\u00e9ration internationale. S\u2019y ajoute la relecture du d\u00e9cret N\u00b096-044\/P.RM du 8 f\u00e9vrier 1996 fixant les avantages accord\u00e9s au personnel diplomatique, administratif et technique dans les missions diplomatiques et consulaires de la R\u00e9publique du Mali, conform\u00e9ment au proc\u00e8s-verbal de conciliation du 7 d\u00e9cembre 2018. Parmi lesdits griefs syndicaux figure la relecture de la loi N\u00b005-039\/AN-RM du 22 juillet 2005 fixant des indices de traitement des personnels occupant certains emplois dans les missions diplomatiques et consulaires, conform\u00e9ment au protocole d\u2019entente du 21 octobre 2019\u2026 En cas de non-satisfaction de ces revendications \u00e9voqu\u00e9es, la coalition syndicale souligne qu\u2019elle tiendra, \u00e0 compter du mois prochain, 576H de gr\u00e8ve. Des mouvements qui se tiendront conform\u00e9ment au calendrier suivant : \u00ab 72h de gr\u00e8ve allant du mercredi 26 au vendredi 28 avril 2023 ; 96h allant du mardi 2 mai au vendredi 5 mai ; 120H allant du lundi 8 mai au vendredi 12 mai 2023 \u00bb. La gr\u00e8ve sera reconduite, sans pr\u00e9avis, \u00e0 travers 120 heures commen\u00e7ant du lundi 15 mai au vendredi 19 mai\u2026 Les arr\u00eats de travail se poursuivront dans les deux d\u00e9partements jusqu\u2019au 9 juin 2023, informent les syndicalistes. Puis de promettre que le mot d\u2019ordre de gr\u00e8ve \u00ab sera reconduit autant de fois que n\u00e9cessaire, sans autre forme de pr\u00e9avis \u00bb.<\/p>\n\n\n\n<p><strong>Mamadou Diarra<\/strong><\/p>\n\n\n\n<p>Le Pays<\/p>\n","protected":false},"excerpt":{"rendered":"<p>Au sein du minist\u00e8re des Affaires \u00e9trang\u00e8res et de la Coop\u00e9ration internationale du Mali, passant par celui des Maliens Etablis \u00e0 l\u2019ext\u00e9rieur, les travailleurs menacent d\u2019observer, \u00e0 partir du 26&hellip;<\/p>\n","protected":false},"author":1,"featured_media":8929,"comment_status":"open","ping_status":"closed","sticky":false,"template":"","format":"standard","meta":{"content-type":"","_lmt_disableupdate":"","_lmt_disable":"","_jetpack_memberships_contains_paid_content":false,"footnotes":"","jetpack_publicize_message":"","jetpack_publicize_feature_enabled":true,"jetpack_social_post_already_shared":true,"jetpack_social_options":{"image_generator_settings":{"template":"highway","default_image_id":0,"font":"","enabled":false},"version":2}},"categories":[71,74,21],"tags":[],"class_list":["post-12682","post","type-post","status-publish","format-standard","has-post-thumbnail","hentry","category-le-pays","category-nation","category-societe"],"jetpack_publicize_connections":[],"featured_image_urls":{"full":"","thumbnail":"","medium":"","medium_large":"","large":"","1536x1536":"","2048x2048":"","penci-recipe-1200x1200":"","penci-recipe-1200x900":"","penci-recipe-1200x675":"","penci-single-full":"","penci-slider-full-thumb":"","penci-full-thumb":"","penci-slider-thumb":"","penci-magazine-slider":"","penci-thumb":"","penci-masonry-thumb":"","penci-thumb-square":"","penci-thumb-vertical":"","penci-thumb-small":""},"author_info":{"display_name":"Nandi","author_link":"https:\/\/nandi.info\/?author=1"},"category_info":"<a href=\"https:\/\/nandi.info\/?cat=71\" rel=\"category\">Le Pays<\/a> <a href=\"https:\/\/nandi.info\/?cat=74\" rel=\"category\">Nation<\/a> <a href=\"https:\/\/nandi.info\/?cat=21\" rel=\"category\">Soci\u00e9t\u00e9<\/a>","tag_info":"Soci\u00e9t\u00e9","comment_count":"0","jetpack_featured_media_url":"","jetpack_sharing_enabled":true,"_links":{"self":[{"href":"https:\/\/nandi.info\/index.php?rest_route=\/wp\/v2\/posts\/12682","targetHints":{"allow":["GET"]}}],"collection":[{"href":"https:\/\/nandi.info\/index.php?rest_route=\/wp\/v2\/posts"}],"about":[{"href":"https:\/\/nandi.info\/index.php?rest_route=\/wp\/v2\/types\/post"}],"author":[{"embeddable":true,"href":"https:\/\/nandi.info\/index.php?rest_route=\/wp\/v2\/users\/1"}],"replies":[{"embeddable":true,"href":"https:\/\/nandi.info\/index.php?rest_route=%2Fwp%2Fv2%2Fcomments&post=12682"}],"version-history":[{"count":0,"href":"https:\/\/nandi.info\/index.php?rest_route=\/wp\/v2\/posts\/12682\/revisions"}],"wp:featuredmedia":[{"embeddable":true,"href":"https:\/\/nandi.info\/index.php?rest_route=\/"}],"wp:attachment":[{"href":"https:\/\/nandi.info\/index.php?rest_route=%2Fwp%2Fv2%2Fmedia&parent=12682"}],"wp:term":[{"taxonomy":"category","embeddable":true,"href":"https:\/\/nandi.info\/index.php?rest_route=%2Fwp%2Fv2%2Fcategories&post=12682"},{"taxonomy":"post_tag","embeddable":true,"href":"https:\/\/nandi.info\/index.php?rest_route=%2Fwp%2Fv2%2Ftags&post=12682"}],"curies":[{"name":"wp","href":"https:\/\/api.w.org\/{rel}","templated":true}]}}