{"id":12649,"date":"2023-03-29T08:28:05","date_gmt":"2023-03-29T06:28:05","guid":{"rendered":"https:\/\/nandi.info\/?p=12649"},"modified":"2023-03-29T08:28:05","modified_gmt":"2023-03-29T06:28:05","slug":"declaration-du-congres-national-dinitiative-democratique-cnid-fyt-sur-la-commemoration-du-26-mars-1991","status":"publish","type":"post","link":"https:\/\/nandi.info\/?p=12649","title":{"rendered":"D\u00e9claration du congr\u00e8s national d\u2019initiative d\u00e9mocratique (CNID-FYT) sur la comm\u00e9moration du 26 mars 1991"},"content":{"rendered":"\n<p><strong>Il y\u2019a 32 ans, la lutte patriotique opini\u00e2tre men\u00e9e par des patriotes r\u00e9unis au sein du Comit\u00e9 National d\u2019Initiative D\u00e9mocratique (CNID \u2013 Association) et dans le Mouvement Democratique aboutissait \u00e0 l\u2019instauration du pluralisme d\u00e9mocratique dans notre pays.<\/strong><\/p>\n\n\n\n<p>Le Mali devait cette victoire au don de soi de patriotes dont plusieurs centaines ont consenti le sacrifice supr\u00eame ou ont subi de graves blessures avec de nombreux handicap\u00e9s a vie.<\/p>\n\n\n\n<p>En cette journ\u00e9e de recueillement et de r\u00e9flexion, les militantes et militants du CNID \u2013 FYT s\u2019inclinent devant la m\u00e9moire des Martyrs du 26 Mars et le parti continue \u00e0 assurer les militants de l\u2019id\u00e9al de la lutte men\u00e9e, de sa solidarit\u00e9.<\/p>\n\n\n\n<p>Le CNID, tout en restant conscient des acquis importants du 26 Mars pour le Peuple malien n\u2019arr\u00eatera jamais de d\u00e9noncer certains acteurs de ce noble mouvement qui, a l\u2019\u00e9preuve du pouvoir, n\u2019ont pas h\u00e9sit\u00e9 a renier les valeurs de 1991 en se complaisant dans la corruption, le n\u00e9potisme, l\u2019impunit\u00e9 et en r\u00e9primant sans \u00e9tat d\u2019\u00e2me leurs camarades de combat qui avaient choisi la fid\u00e9lit\u00e9 aux principes fondateurs du 26 Mars.<\/p>\n\n\n\n<p>C\u2019est le lieu de saluer les militantes et militants du CNID-FYT et de toutes les maliennes et maliens qui tiennent encore haut le flambeau de la d\u00e9mocratie et du patriotisme.<\/p>\n\n\n\n<p>Le CNID- FYT qui est engag\u00e9 dans le difficile mais exaltant processus de Refondation du Mali exhorte tous nos compatriotes \u00e0 mener \u00e0 son terme le chantier de la d\u00e9mocratisation, de la R\u00e9conciliation et de la reconqu\u00eate de la souverainet\u00e9 du Mali.<\/p>\n\n\n\n<p><strong>Bamako, le 26 mars 2023<\/strong><\/p>\n\n\n\n<p><strong>R\u00e9publicain Mali<\/strong><\/p>\n","protected":false},"excerpt":{"rendered":"<p>Il y\u2019a 32 ans, la lutte patriotique opini\u00e2tre men\u00e9e par des patriotes r\u00e9unis au sein du Comit\u00e9 National d\u2019Initiative D\u00e9mocratique (CNID \u2013 Association) et dans le Mouvement Democratique aboutissait \u00e0&hellip;<\/p>\n","protected":false},"author":1,"featured_media":11162,"comment_status":"open","ping_status":"closed","sticky":false,"template":"","format":"standard","meta":{"content-type":"","_lmt_disableupdate":"","_lmt_disable":"","_jetpack_memberships_contains_paid_content":false,"footnotes":"","jetpack_publicize_message":"","jetpack_publicize_feature_enabled":true,"jetpack_social_post_already_shared":true,"jetpack_social_options":{"image_generator_settings":{"template":"highway","default_image_id":0,"font":"","enabled":false},"version":2}},"categories":[35,69,21],"tags":[],"class_list":["post-12649","post","type-post","status-publish","format-standard","has-post-thumbnail","hentry","category-communique","category-le-republicain-mali","category-societe"],"jetpack_publicize_connections":[],"featured_image_urls":{"full":"","thumbnail":"","medium":"","medium_large":"","large":"","1536x1536":"","2048x2048":"","penci-recipe-1200x1200":"","penci-recipe-1200x900":"","penci-recipe-1200x675":"","penci-single-full":"","penci-slider-full-thumb":"","penci-full-thumb":"","penci-slider-thumb":"","penci-magazine-slider":"","penci-thumb":"","penci-masonry-thumb":"","penci-thumb-square":"","penci-thumb-vertical":"","penci-thumb-small":""},"author_info":{"display_name":"Nandi","author_link":"https:\/\/nandi.info\/?author=1"},"category_info":"<a href=\"https:\/\/nandi.info\/?cat=35\" rel=\"category\">Communiqu\u00e9<\/a> <a href=\"https:\/\/nandi.info\/?cat=69\" rel=\"category\">Le R\u00e9publicain Mali<\/a> <a href=\"https:\/\/nandi.info\/?cat=21\" rel=\"category\">Soci\u00e9t\u00e9<\/a>","tag_info":"Soci\u00e9t\u00e9","comment_count":"0","jetpack_featured_media_url":"","jetpack_sharing_enabled":true,"_links":{"self":[{"href":"https:\/\/nandi.info\/index.php?rest_route=\/wp\/v2\/posts\/12649","targetHints":{"allow":["GET"]}}],"collection":[{"href":"https:\/\/nandi.info\/index.php?rest_route=\/wp\/v2\/posts"}],"about":[{"href":"https:\/\/nandi.info\/index.php?rest_route=\/wp\/v2\/types\/post"}],"author":[{"embeddable":true,"href":"https:\/\/nandi.info\/index.php?rest_route=\/wp\/v2\/users\/1"}],"replies":[{"embeddable":true,"href":"https:\/\/nandi.info\/index.php?rest_route=%2Fwp%2Fv2%2Fcomments&post=12649"}],"version-history":[{"count":0,"href":"https:\/\/nandi.info\/index.php?rest_route=\/wp\/v2\/posts\/12649\/revisions"}],"wp:featuredmedia":[{"embeddable":true,"href":"https:\/\/nandi.info\/index.php?rest_route=\/"}],"wp:attachment":[{"href":"https:\/\/nandi.info\/index.php?rest_route=%2Fwp%2Fv2%2Fmedia&parent=12649"}],"wp:term":[{"taxonomy":"category","embeddable":true,"href":"https:\/\/nandi.info\/index.php?rest_route=%2Fwp%2Fv2%2Fcategories&post=12649"},{"taxonomy":"post_tag","embeddable":true,"href":"https:\/\/nandi.info\/index.php?rest_route=%2Fwp%2Fv2%2Ftags&post=12649"}],"curies":[{"name":"wp","href":"https:\/\/api.w.org\/{rel}","templated":true}]}}