{"id":12645,"date":"2023-03-29T08:24:03","date_gmt":"2023-03-29T06:24:03","guid":{"rendered":"https:\/\/nandi.info\/?p=12645"},"modified":"2023-03-29T08:24:03","modified_gmt":"2023-03-29T06:24:03","slug":"mali-le-feminisme-contribue-t-il-a-lepanouissement-des-femmes-maliennes","status":"publish","type":"post","link":"https:\/\/nandi.info\/?p=12645","title":{"rendered":"Mali : Le f\u00e9minisme contribue-t-il \u00e0 l\u2019\u00e9panouissement des femmes maliennes ?"},"content":{"rendered":"\n<p class=\"has-drop-cap\">Le samedi 25 mars 2023, \u00e0 la biblioth\u00e8que nationale, dans le cadre de la journ\u00e9e internationale des droits des femmes, le club des lecteurs du Mali a organis\u00e9 un d\u00e9bat contradictoire dont le th\u00e8me est : \u00ab Le f\u00e9minisme contribue-t-il \u00e0 l\u2019\u00e9panouissement des femmes maliennes ? \u00bb. C\u2019\u00e9tait en pr\u00e9sence des responsables, membres et sympathisants du club des lecteurs ; de Amadou Ba de la \u00ab Librairie Donko Ba \u00bb, et de Sekou Fofana, directeur des \u00e9ditions SAWA.<\/p>\n\n\n\n<p>Le d\u00e9bat a oppos\u00e9 deux \u00e9quipes compos\u00e9es chacune de trois femmes, toutes membres du club. La premi\u00e8re \u00e9quipe \u00ab A \u00bb, compos\u00e9e de Aminata Barry, Fatoumata Malikit\u00e9 et Esther P\u00e9rou, d\u00e9fendait l\u2019affirmative, c\u2019est-\u00e0-dire, le f\u00e9minisme contribue \u00e0 l\u2019\u00e9panouissement des femmes maliennes. La seconde \u00e9quipe \u00ab B \u00bb, compos\u00e9e de Nana Bah, Rokiatou Ascofar\u00e9 et Madina Ciss\u00e9, soutenait la n\u00e9gative : le f\u00e9minisme ne contribue pas l\u2019\u00e9panouissement des femmes maliennes.<\/p>\n\n\n\n<p>L\u2019\u00e9quipe \u00ab A \u00bb, qui d\u00e9fendait l\u2019affirmative, apr\u00e8s la d\u00e9finition des mots cl\u00e9s du th\u00e8me, a \u00e9voqu\u00e9 l\u2019historique du f\u00e9minisme qui a pour objectif fondamental de lutter pour l\u2019am\u00e9lioration des conditions de vie des femmes dans le monde entier. Avant d\u2019indiquer que le f\u00e9minisme a contribu\u00e9 \u00e0 l\u2019\u00e9panouissement des femmes maliennes sur les plans politique, \u00e9conomique, social, intellectuel et social. Pour preuve, elle a rappel\u00e9 les combats men\u00e9s par les femmes maliennes, de 1991 \u00e0 nos jours, lesquels ont d\u00e9bouch\u00e9 sur l\u2019occupation des postes nominatifs par certaines femmes, notamment Adame Ba Konar\u00e9, Sira Diop, Awa Keita, Aminata Dramane Traor\u00e9, Mariam Ka\u00efdama Ciss\u00e9\u2026 Elle a aussi \u00e9voqu\u00e9 la loi N\u00b02015- 052\/ du 18 d\u00e9cembre 2015 instituant des mesures pour promouvoir le genre dans l\u2019acc\u00e8s aux fonctions nominatives et \u00e9lectives. \u00ab L\u2019homme et la femme ont les m\u00eames droits et les m\u00eames devoirs. L\u2019article 2 de la constitution du 25 f\u00e9vrier 1992 stipule que \u00ab Tous les Maliens naissent et demeurent libres et \u00e9gaux en droits et en devoirs \u00bb \u00bb, indique la capitaine de l\u2019\u00e9quipe A, Aminata Barry. Ce qui veut dire, ajoute elle, que les femmes doivent se battre pour arracher leur place. Ainsi, selon elle, le f\u00e9minisme leur permet d\u2019atteindre cet objectif. Par ailleurs, l\u2019\u00e9quipe \u00ab A \u00bb a d\u00e9clar\u00e9 que c\u2019est gr\u00e2ce aux combats f\u00e9ministes que les femmes ont eu le droit au vote, avant de souligner que \u00ab le Salut du monde d\u00e9pend des femmes \u00bb.<\/p>\n\n\n\n<p>L\u2019\u00e9quipe \u00ab B \u00bb, quant \u00e0 elle, rejette les arguments de l\u2019\u00e9quipe \u00ab A \u00bb, car pour elle, le f\u00e9minisme est un concept occidental et non africain. Pour elle, nos soci\u00e9t\u00e9s traditionnelles ont accord\u00e9 \u00e0 la femme, tout ce qu\u2019il faut pour son \u00e9panouissement. Dans son argumentation, elle a soulign\u00e9 que l\u2019accent \u00e9tait mis sur le r\u00f4le que peut jouer la femme pour une soci\u00e9t\u00e9 paisible. L\u2019\u00e9quipe \u00ab B \u00bb soutient que le f\u00e9minisme est l\u00e0 pour une minorit\u00e9 de femmes intellectuelles, car elle exclut la situation des femmes qui sont dans la campagne et des aides m\u00e9nag\u00e8res qui sont exploit\u00e9es par celles qui se battent pour les droits des femmes. \u00ab La charte de kurukan fuga, consid\u00e9r\u00e9e comme la premi\u00e8re d\u00e9claration des droits de l\u2019Homme, indique dans ses articles 14, 15, et 16 :\u00ab N\u2019offensez jamais les femmes, nos m\u00e8res ; Ne portez jamais la main sur une femme mari\u00e9e avant d\u2019avoir fait intervenir sans succ\u00e8s son mari ; En plus de leurs occupations quotidiennes, les femmes doivent \u00eatre associ\u00e9es \u00e0 tous nos Gouvernements \u00bb. Tel est la place de la femme dans nos soci\u00e9t\u00e9s traditionnelles. Le f\u00e9minisme ne correspond pas \u00e0 notre culture\u00bb, conclut l\u2019\u00e9quipe \u00ab B \u00bb. Apr\u00e8s d\u00e9lib\u00e9ration du jury, l\u2019\u00e9quipe \u00ab A \u00bb est d\u00e9clar\u00e9e victorieuse.<\/p>\n\n\n\n<p>Les \u00e9changes avec le public venu nombreux ont port\u00e9 sur les droits des femmes au Mali. Enfin, Amadou Ba de la \u00ab Libraire donko Ba \u00bb a offert deux exemplaires du livre \u00ab L\u2019engagement au f\u00e9minin \u00bb aux deux \u00e9quipes.<\/p>\n\n\n\n<p><strong>Siaka Coulibaly<\/strong><\/p>\n","protected":false},"excerpt":{"rendered":"<p>Le samedi 25 mars 2023, \u00e0 la biblioth\u00e8que nationale, dans le cadre de la journ\u00e9e internationale des droits des femmes, le club des lecteurs du Mali a organis\u00e9 un d\u00e9bat&hellip;<\/p>\n","protected":false},"author":1,"featured_media":0,"comment_status":"open","ping_status":"closed","sticky":false,"template":"","format":"standard","meta":{"content-type":"","_lmt_disableupdate":"","_lmt_disable":"","_jetpack_memberships_contains_paid_content":false,"footnotes":"","jetpack_publicize_message":"","jetpack_publicize_feature_enabled":true,"jetpack_social_post_already_shared":true,"jetpack_social_options":{"image_generator_settings":{"template":"highway","default_image_id":0,"font":"","enabled":false},"version":2}},"categories":[69,21],"tags":[],"class_list":["post-12645","post","type-post","status-publish","format-standard","hentry","category-le-republicain-mali","category-societe"],"jetpack_publicize_connections":[],"featured_image_urls":{"full":"","thumbnail":"","medium":"","medium_large":"","large":"","1536x1536":"","2048x2048":"","penci-recipe-1200x1200":"","penci-recipe-1200x900":"","penci-recipe-1200x675":"","penci-single-full":"","penci-slider-full-thumb":"","penci-full-thumb":"","penci-slider-thumb":"","penci-magazine-slider":"","penci-thumb":"","penci-masonry-thumb":"","penci-thumb-square":"","penci-thumb-vertical":"","penci-thumb-small":""},"author_info":{"display_name":"Nandi","author_link":"https:\/\/nandi.info\/?author=1"},"category_info":"<a href=\"https:\/\/nandi.info\/?cat=69\" rel=\"category\">Le R\u00e9publicain Mali<\/a> <a href=\"https:\/\/nandi.info\/?cat=21\" rel=\"category\">Soci\u00e9t\u00e9<\/a>","tag_info":"Soci\u00e9t\u00e9","comment_count":"0","jetpack_featured_media_url":"","jetpack_sharing_enabled":true,"_links":{"self":[{"href":"https:\/\/nandi.info\/index.php?rest_route=\/wp\/v2\/posts\/12645","targetHints":{"allow":["GET"]}}],"collection":[{"href":"https:\/\/nandi.info\/index.php?rest_route=\/wp\/v2\/posts"}],"about":[{"href":"https:\/\/nandi.info\/index.php?rest_route=\/wp\/v2\/types\/post"}],"author":[{"embeddable":true,"href":"https:\/\/nandi.info\/index.php?rest_route=\/wp\/v2\/users\/1"}],"replies":[{"embeddable":true,"href":"https:\/\/nandi.info\/index.php?rest_route=%2Fwp%2Fv2%2Fcomments&post=12645"}],"version-history":[{"count":0,"href":"https:\/\/nandi.info\/index.php?rest_route=\/wp\/v2\/posts\/12645\/revisions"}],"wp:attachment":[{"href":"https:\/\/nandi.info\/index.php?rest_route=%2Fwp%2Fv2%2Fmedia&parent=12645"}],"wp:term":[{"taxonomy":"category","embeddable":true,"href":"https:\/\/nandi.info\/index.php?rest_route=%2Fwp%2Fv2%2Fcategories&post=12645"},{"taxonomy":"post_tag","embeddable":true,"href":"https:\/\/nandi.info\/index.php?rest_route=%2Fwp%2Fv2%2Ftags&post=12645"}],"curies":[{"name":"wp","href":"https:\/\/api.w.org\/{rel}","templated":true}]}}