{"id":12644,"date":"2023-03-29T08:21:34","date_gmt":"2023-03-29T06:21:34","guid":{"rendered":"https:\/\/nandi.info\/?p=12644"},"modified":"2023-03-29T08:21:34","modified_gmt":"2023-03-29T06:21:34","slug":"lutte-contre-le-glaucome-un-veritable-probleme-de-sante-publique","status":"publish","type":"post","link":"https:\/\/nandi.info\/?p=12644","title":{"rendered":"Lutte contre le glaucome : Un v\u00e9ritable probl\u00e8me de sant\u00e9 publique"},"content":{"rendered":"\n<p class=\"has-drop-cap\">L\u2019Association Malienne de Lutte Contre le Glaucome (AMLG) et son partenaire Sightsavers ont c\u00e9l\u00e9br\u00e9 la semaine nationale de lutte contre le glaucome au Mali, le 25 mars 2023 \u00e0 la Maison des A\u00een\u00e9s, sous le th\u00e8me \u00ab Le d\u00e9pistage est primordial\u00bb. Ils ont saisi cette occasion pour inviter les jeunes filles et gar\u00e7ons \u00e0 se faire d\u00e9pister pour r\u00e9duire tout risque. La conf\u00e9rence a \u00e9t\u00e9 anim\u00e9e par Mme Sidib\u00e9 Fatoumata Tata, ophtalmologiste, entour\u00e9e de Diogo K\u00e9ita, le pr\u00e9sident, son secr\u00e9taire g\u00e9n\u00e9ral Mikahilou Ma\u00efga, ainsi que les hommes de m\u00e9dias.<\/p>\n\n\n\n<p>\u00ab Le glaucome est une neuropathie optique chronique d\u2019\u00e9volution rapide qui atteint la t\u00eate du nerf optique associ\u00e9e \u00e0 une tension intraoculaire \u00e9lev\u00e9e avec atteinte du champ visuel, voire une c\u00e9cit\u00e9 si rien n\u2019est fait \u00bb, a expliqu\u00e9 la sp\u00e9cialiste. Par ailleurs, elle a mentionn\u00e9 que l\u2019h\u00e9r\u00e9dit\u00e9 joue un r\u00f4le dans la transmission du glaucome. Quand on a un parent glaucomateux, dit-elle, on a 50% de chance de d\u00e9velopper le glaucome. En ce qui concerne sa prise en charge ou encore son traitement, la conf\u00e9renci\u00e8re dira qu\u2019il y a plusieurs techniques, \u00e0 savoir le traitement m\u00e9dical, le traitement physique, c\u2019est-\u00e0-dire le traitement avec le laser, et le traitement par la chirurgie qui contribue \u00e0 faire baisser la tension intraoculaire et permet de diminuer l\u2019\u00e9volution vers la c\u00e9cit\u00e9. Pour un patient qui est atteint de la c\u00e9cit\u00e9 ou l\u2019absence totale de vision, Mme Fatoumata Tata a indiqu\u00e9 que si un patient glaucomateux est \u00e0 la phase de la c\u00e9cit\u00e9, cela est irr\u00e9versible. \u00ab C\u2019est pourquoi on dit que le glaucome est la premi\u00e8re cause de c\u00e9cit\u00e9 irr\u00e9versible \u00bb, a d\u00e9clar\u00e9 Mme Fatoumata.<\/p>\n\n\n\n<p>Durant cette semaine, le pr\u00e9sident Diogo K\u00e9ita a fait savoir qu\u2019ils vont faire la sensibilisation \u00e0 travers les m\u00e9dias, pr\u00e9cis\u00e9ment les radios et les t\u00e9l\u00e9s, en organisant des d\u00e9bats sur la maladie. En plus de cela, ajoute-t-il, il y a la strat\u00e9gie des d\u00e9pistages avec l\u2019appui de nos partenaires comme les services de sant\u00e9 et certains cabinets de soins dont les consultations vont continuer toute la semaine. Selon le pr\u00e9sident, l\u2019objectif est d\u2019attirer l\u2019attention des autorit\u00e9s du Mali sur cette maladie qui est en r\u00e9alit\u00e9 un v\u00e9ritable probl\u00e8me de sant\u00e9 publique. \u00c0 la fin de la rencontre, il y a eu des d\u00e9pistages gratuits sur place d\u2019une vingtaine de personnes parmi elles des hommes de m\u00e9dias.<\/p>\n\n\n\n<p><strong>B.S.T<\/strong><\/p>\n","protected":false},"excerpt":{"rendered":"<p>L\u2019Association Malienne de Lutte Contre le Glaucome (AMLG) et son partenaire Sightsavers ont c\u00e9l\u00e9br\u00e9 la semaine nationale de lutte contre le glaucome au Mali, le 25 mars 2023 \u00e0 la&hellip;<\/p>\n","protected":false},"author":1,"featured_media":0,"comment_status":"open","ping_status":"closed","sticky":false,"template":"","format":"standard","meta":{"content-type":"","_lmt_disableupdate":"","_lmt_disable":"","_jetpack_memberships_contains_paid_content":false,"footnotes":"","jetpack_publicize_message":"","jetpack_publicize_feature_enabled":true,"jetpack_social_post_already_shared":true,"jetpack_social_options":{"image_generator_settings":{"template":"highway","default_image_id":0,"font":"","enabled":false},"version":2}},"categories":[69,24],"tags":[],"class_list":["post-12644","post","type-post","status-publish","format-standard","hentry","category-le-republicain-mali","category-sante"],"jetpack_publicize_connections":[],"featured_image_urls":{"full":"","thumbnail":"","medium":"","medium_large":"","large":"","1536x1536":"","2048x2048":"","penci-recipe-1200x1200":"","penci-recipe-1200x900":"","penci-recipe-1200x675":"","penci-single-full":"","penci-slider-full-thumb":"","penci-full-thumb":"","penci-slider-thumb":"","penci-magazine-slider":"","penci-thumb":"","penci-masonry-thumb":"","penci-thumb-square":"","penci-thumb-vertical":"","penci-thumb-small":""},"author_info":{"display_name":"Nandi","author_link":"https:\/\/nandi.info\/?author=1"},"category_info":"<a href=\"https:\/\/nandi.info\/?cat=69\" rel=\"category\">Le R\u00e9publicain Mali<\/a> <a href=\"https:\/\/nandi.info\/?cat=24\" rel=\"category\">Sant\u00e9<\/a>","tag_info":"Sant\u00e9","comment_count":"0","jetpack_featured_media_url":"","jetpack_sharing_enabled":true,"_links":{"self":[{"href":"https:\/\/nandi.info\/index.php?rest_route=\/wp\/v2\/posts\/12644","targetHints":{"allow":["GET"]}}],"collection":[{"href":"https:\/\/nandi.info\/index.php?rest_route=\/wp\/v2\/posts"}],"about":[{"href":"https:\/\/nandi.info\/index.php?rest_route=\/wp\/v2\/types\/post"}],"author":[{"embeddable":true,"href":"https:\/\/nandi.info\/index.php?rest_route=\/wp\/v2\/users\/1"}],"replies":[{"embeddable":true,"href":"https:\/\/nandi.info\/index.php?rest_route=%2Fwp%2Fv2%2Fcomments&post=12644"}],"version-history":[{"count":0,"href":"https:\/\/nandi.info\/index.php?rest_route=\/wp\/v2\/posts\/12644\/revisions"}],"wp:attachment":[{"href":"https:\/\/nandi.info\/index.php?rest_route=%2Fwp%2Fv2%2Fmedia&parent=12644"}],"wp:term":[{"taxonomy":"category","embeddable":true,"href":"https:\/\/nandi.info\/index.php?rest_route=%2Fwp%2Fv2%2Fcategories&post=12644"},{"taxonomy":"post_tag","embeddable":true,"href":"https:\/\/nandi.info\/index.php?rest_route=%2Fwp%2Fv2%2Ftags&post=12644"}],"curies":[{"name":"wp","href":"https:\/\/api.w.org\/{rel}","templated":true}]}}