{"id":12636,"date":"2023-03-28T08:50:14","date_gmt":"2023-03-28T06:50:14","guid":{"rendered":"https:\/\/nandi.info\/?p=12636"},"modified":"2023-03-28T08:50:14","modified_gmt":"2023-03-28T06:50:14","slug":"rapport-abdoulaye-diop-recadre-la-minusma","status":"publish","type":"post","link":"https:\/\/nandi.info\/?p=12636","title":{"rendered":"Rapport : Abdoulaye Diop recadre la MINUSMA"},"content":{"rendered":"\n<p><strong>A chaque fois que le Mali est attaqu\u00e9, le ministre des Affaires \u00e9trang\u00e8res Abdoulaye Diop, monte au cr\u00e9neau. C\u2019est ainsi que le mercredi 22 mars 2023, le gouvernement de la R\u00e9publique du Mali a r\u00e9agi \u00e0 la Note trimestrielle de la MINUSMA (Mission multidimensionnelle int\u00e9gr\u00e9e des Nations unies pour la stabilisation au Mali) sur les tendances des violations et atteintes au droit international des droits de l\u2019Homme et au droit international humanitaire au Mali durant la p\u00e9riode du 1er octobre au 31 d\u00e9cembre 2022.<\/strong><\/p>\n\n\n\n<p class=\"has-drop-cap\">Le gouvernement a clairement indiqu\u00e9 que contrairement aux all\u00e9gations de la MINUSMA, les Forces de d\u00e9fense et de s\u00e9curit\u00e9 du Mali op\u00e8rent de mani\u00e8re professionnelle, autonome et sans suppl\u00e9tifs \u00e9trangers, dans le strict respect des droits de l\u2019Homme et du droit international humanitaire. Selon la diplomatie malienne, toutes les op\u00e9rations maliennes sont accompagn\u00e9es par une \u00e9quipe pr\u00e9v\u00f4tale qui a pour mission de constater tous les cas relatifs aux violations des Droits Humains.<\/p>\n\n\n\n<p>Les forces arm\u00e9es maliennes ne sont donc pas responsables des exactions commises contre les populations civiles. D\u2019ailleurs, la Note de la MINUSMA indique que la quasi-totalit\u00e9 des cas av\u00e9r\u00e9s de violations des droits de l\u2019Homme sont imputables aux groupes arm\u00e9s et terroristes. Le gouvernement du Mali pr\u00e9cise que les all\u00e9gations qui seraient imputables aux forces arm\u00e9es maliennes ont toujours fait l\u2019objet d\u2019ouverture syst\u00e9matique d\u2019enqu\u00eates au niveau de la justice militaire comme en t\u00e9moignent plusieurs affaires en cours d\u2019instruction pr\u00e9paratoire au niveau des juridictions militaires.<\/p>\n\n\n\n<p>S\u2019agissant des tendances de violations par r\u00e9gion et par auteurs, le gouvernement d\u00e9plore \u00e0 nouveau, les all\u00e9gations r\u00e9currentes, cit\u00e9es dans plusieurs passages de la Note et faisant \u00e9tat des op\u00e9rations anti terroristes men\u00e9es par les Forces de d\u00e9fense et de s\u00e9curit\u00e9 du Mali (FDSM) qui seraient accompagn\u00e9es par le personnel militaire \u00e9tranger. A en croire le gouvernement malien, les FDSM op\u00e8rent de fa\u00e7on autonome sur le terrain afin de prot\u00e9ger les populations civiles contre le terrorisme et l\u2019extr\u00e9misme violent dans le strict respect des droits de l\u2019Homme et du droit international humanitaire. Le gouvernement du Mali r\u00e9affirme que la pr\u00e9sence d\u2019instructeurs russes dans le pays s\u2019inscrit dans le cadre de la coop\u00e9ration exemplaire avec la F\u00e9d\u00e9ration de Russie, particuli\u00e8rement dans le domaine militaire, renforc\u00e9e ces derni\u00e8res ann\u00e9es en mati\u00e8re de lutte antiterroriste.<\/p>\n\n\n\n<p>Le gouvernement du Mali souligne que la diminution des cas de violations constat\u00e9es par la MINUSMA par rapport \u00e0 la p\u00e9riode pr\u00e9c\u00e9dente, r\u00e9sulte des efforts d\u00e9ploy\u00e9s par les autorit\u00e9s maliennes qui restent convaincues que l\u2019am\u00e9lioration de la situation des droits de l\u2019Homme et du droit humanitaire reste intimement li\u00e9e \u00e0 la stabilisation du territoire. Selon la transition, les efforts de s\u00e9curisation et de stabilisation du territoire par les FDSM, combin\u00e9s aux initiatives locales de r\u00e9conciliation soutenues par les autorit\u00e9s locales, ont abouti \u00e0 une diminution drastique des violences contre les civils et le retour volontaire de milliers de d\u00e9plac\u00e9s internes et de r\u00e9fugi\u00e9s maliens dans leurs localit\u00e9s d\u2019origine.<\/p>\n\n\n\n<p>Sur la question des \u00e9coles \u00e9voqu\u00e9e dans plusieurs passages de la Note, le gouvernement du Mali, pour des raisons de fiabilit\u00e9 des donn\u00e9es, invite la MINUSMA \u00e0 se r\u00e9f\u00e9rer au Cluster Education publi\u00e9 en d\u00e9cembre 2022 sur la situation des \u00e9coles au Mali. Concernant la lutte contre l\u2019impunit\u00e9, la MINUSMA d\u00e9plore les lenteurs des cas de poursuite annonc\u00e9es par les autorit\u00e9s maliennes. Le Gouvernement malien rappelle son attachement \u00e0 la lutte contre l\u2019impunit\u00e9. Tous les cas document\u00e9s ont fait l\u2019objet d\u2019ouverture syst\u00e9matique d\u2019enqu\u00eates. \u00ab Des ordres de poursuite ont \u00e9t\u00e9 d\u00e9livr\u00e9s pour des cas av\u00e9r\u00e9s et des informations judiciaires sont en cours dans divers cabinets d\u2019instruction des juridictions militaires dont l\u2019une des derni\u00e8res sessions s\u2019est tenue le 21 novembre 2022 \u00bb, indique le gouvernement malien.<\/p>\n\n\n\n<p><strong>Souma\u00efla Diarra<\/strong><\/p>\n","protected":false},"excerpt":{"rendered":"<p>A chaque fois que le Mali est attaqu\u00e9, le ministre des Affaires \u00e9trang\u00e8res Abdoulaye Diop, monte au cr\u00e9neau. C\u2019est ainsi que le mercredi 22 mars 2023, le gouvernement de la&hellip;<\/p>\n","protected":false},"author":1,"featured_media":8419,"comment_status":"open","ping_status":"closed","sticky":false,"template":"","format":"standard","meta":{"content-type":"","_lmt_disableupdate":"","_lmt_disable":"","_jetpack_memberships_contains_paid_content":false,"footnotes":"","jetpack_publicize_message":"","jetpack_publicize_feature_enabled":true,"jetpack_social_post_already_shared":true,"jetpack_social_options":{"image_generator_settings":{"template":"highway","default_image_id":0,"font":"","enabled":false},"version":2}},"categories":[71,23],"tags":[],"class_list":["post-12636","post","type-post","status-publish","format-standard","has-post-thumbnail","hentry","category-le-pays","category-politique"],"jetpack_publicize_connections":[],"featured_image_urls":{"full":"","thumbnail":"","medium":"","medium_large":"","large":"","1536x1536":"","2048x2048":"","penci-recipe-1200x1200":"","penci-recipe-1200x900":"","penci-recipe-1200x675":"","penci-single-full":"","penci-slider-full-thumb":"","penci-full-thumb":"","penci-slider-thumb":"","penci-magazine-slider":"","penci-thumb":"","penci-masonry-thumb":"","penci-thumb-square":"","penci-thumb-vertical":"","penci-thumb-small":""},"author_info":{"display_name":"Nandi","author_link":"https:\/\/nandi.info\/?author=1"},"category_info":"<a href=\"https:\/\/nandi.info\/?cat=71\" rel=\"category\">Le Pays<\/a> <a href=\"https:\/\/nandi.info\/?cat=23\" rel=\"category\">Politique<\/a>","tag_info":"Politique","comment_count":"0","jetpack_featured_media_url":"","jetpack_sharing_enabled":true,"_links":{"self":[{"href":"https:\/\/nandi.info\/index.php?rest_route=\/wp\/v2\/posts\/12636","targetHints":{"allow":["GET"]}}],"collection":[{"href":"https:\/\/nandi.info\/index.php?rest_route=\/wp\/v2\/posts"}],"about":[{"href":"https:\/\/nandi.info\/index.php?rest_route=\/wp\/v2\/types\/post"}],"author":[{"embeddable":true,"href":"https:\/\/nandi.info\/index.php?rest_route=\/wp\/v2\/users\/1"}],"replies":[{"embeddable":true,"href":"https:\/\/nandi.info\/index.php?rest_route=%2Fwp%2Fv2%2Fcomments&post=12636"}],"version-history":[{"count":0,"href":"https:\/\/nandi.info\/index.php?rest_route=\/wp\/v2\/posts\/12636\/revisions"}],"wp:featuredmedia":[{"embeddable":true,"href":"https:\/\/nandi.info\/index.php?rest_route=\/"}],"wp:attachment":[{"href":"https:\/\/nandi.info\/index.php?rest_route=%2Fwp%2Fv2%2Fmedia&parent=12636"}],"wp:term":[{"taxonomy":"category","embeddable":true,"href":"https:\/\/nandi.info\/index.php?rest_route=%2Fwp%2Fv2%2Fcategories&post=12636"},{"taxonomy":"post_tag","embeddable":true,"href":"https:\/\/nandi.info\/index.php?rest_route=%2Fwp%2Fv2%2Ftags&post=12636"}],"curies":[{"name":"wp","href":"https:\/\/api.w.org\/{rel}","templated":true}]}}