{"id":12633,"date":"2023-03-28T08:47:18","date_gmt":"2023-03-28T06:47:18","guid":{"rendered":"https:\/\/nandi.info\/?p=12633"},"modified":"2023-03-28T08:47:18","modified_gmt":"2023-03-28T06:47:18","slug":"le-bie-de-lunesco-forme-des-cadres-du-ministere-de-leducation-nationale-pour-ameliorer-la-qualite-de-leducation-au-mali","status":"publish","type":"post","link":"https:\/\/nandi.info\/?p=12633","title":{"rendered":"<strong>Le BIE de l\u2019UNESCO forme des Cadres du Minist\u00e8re de l\u2019Education Nationale&nbsp;: Pour am\u00e9liorer la qualit\u00e9 de l\u2019\u00e9ducation au Mali&nbsp;!&nbsp;<\/strong>"},"content":{"rendered":"\n<p><strong><em>Dans le cadre de la mise en \u0153uvre des r\u00e9solutions du Sommet sur la Transformation de l\u2019Education tenu du 20 au 26 septembre 2022 \u00e0 New York lors de la 77<sup>\u00e8me<\/sup> Assembl\u00e9e G\u00e9n\u00e9rale des Nations-Unies, le Bureau International d\u2019Education de l\u2019UNESCO (BIE) a outill\u00e9 32 Cadres du Minist\u00e8re de l\u2019Education Nationale sur de nombreux modules dans le domaine curriculaire. C\u2019\u00e9tait du 20 au 24 mars \u00e0 l\u2019h\u00f4tel de l\u2019Amiti\u00e9 de Bamako \u00e0 la faveur d\u2019un atelier, dont la c\u00e9r\u00e9monie d\u2019ouverture a \u00e9t\u00e9 pr\u00e9sid\u00e9e par la Ministre de l\u2019Education Nationale, Sidib\u00e9 D\u00e9d\u00e9ou Ousmane.<\/em><\/strong><\/p>\n\n\n\n<p class=\"has-drop-cap\">Outre Mme le Ministre de l\u2019Education Nationale, y ont pris part \u00e0 cette c\u00e9r\u00e9monie le Directeur du BIE de l\u2019UNESCO, Ydo Yao, le Directeur et Repr\u00e9sentant R\u00e9sident de l\u2019UNESCO au Mali, Edmond Moukala et la Secr\u00e9taire G\u00e9n\u00e9rale de la Commission Nationale Malienne pour l\u2019UNESCO-ISESCO, Pr Diallo Kadia Ma\u00efga.<\/p>\n\n\n\n<p>En effet, l\u2019objectif g\u00e9n\u00e9ral de cette formation est de renforcer les capacit\u00e9s des sp\u00e9cialistes et responsables du Minist\u00e8re de l\u2019Education Nationale en vue de leur autonomisation dans le domaine de l\u2019approche curriculaire. Notamment sur les modules suivants&nbsp;: Dialogue politique et formation des politiques&nbsp;; Changement du curriculum&nbsp;; Gestion et gouvernance du syst\u00e8me&nbsp;; Elaboration des manuels scolaires et mat\u00e9riels d\u2019enseignement et d\u2019apprentissage&nbsp;; Renforcement des capacit\u00e9s pour la mise en \u0153uvre du curriculum&nbsp;; Processus de la mise en \u0153uvre du curriculum et Evaluation du curriculum et des \u00e9l\u00e8ves.<\/p>\n\n\n\n<p>L\u2019ouverture des travaux fut sanctionn\u00e9e par deux interventions, \u00e0 savoir&nbsp;: l\u2019allocution de la Ministre de l\u2019Education Nationale et celle du Directeur du BIE de l\u2019UNESCO.<\/p>\n\n\n\n<p><strong>La n\u00e9cessit\u00e9 d\u2019all\u00e9ger les programmes scolaires<\/strong><\/p>\n\n\n\n<p>Dans son propos, le Directeur du BIE de l\u2019UNESCO, Ydo Yao a indiqu\u00e9 qu\u2019afin d\u2019accompagner les Etats membres de l\u2019UNESCO dans leur actions transformatrices de l\u2019ED, qu\u2019ils proposent certains leviers, sur lesquels ils travaillent d\u00e9j\u00e0 dans certains pays. A travers desquels leviers, ils comptent&nbsp; am\u00e9liorer la qualit\u00e9 de l\u2019\u00e9ducation au Mali. Ces pistes sont au nombre de 16 mais qu\u2019ils en retiennent 8, qui, de leur point de vue et au regard des d\u00e9fis actuels du syst\u00e8me \u00e9ducatif malien, pourraient int\u00e9resser notre pays. Il s\u2019agit de&nbsp; l\u2019all\u00e9gement des programmes scolaires. Selon lui, qui sont trop charg\u00e9s avec des mati\u00e8res aujourd\u2019hui obsol\u00e8tes. Qui sont dans les programmes depuis les ind\u00e9pendances et ne servent \u00e0 rien aujourd\u2019hui, en plus qu\u2019ils rendent les programmes lourds. Il y a la promotion de p\u00e9dagogies innovantes bas\u00e9es sur la cr\u00e9ativit\u00e9 versus la m\u00e9morisation qui sous-tend la p\u00e9dagogie actuelle&nbsp;; \u00e9galement la r\u00e9duction du quantum horaire. A l\u2019en croire, les enfants ne sont plus patients, qu\u2019ils ne peuvent plus se concentrer pendant 1h par mati\u00e8re comme c\u2019est le cas dans les emplois du temps.<\/p>\n\n\n\n<p>Il a parl\u00e9 de la promotion de l\u2019ED hybride et p\u00e9dagogie num\u00e9rique. Un concept visant \u00e0 soutenir la digitalisation des programmes et promouvoir des p\u00e9dagogies. Qui maximisent l\u2019utilisation de l\u2019IA et des smartphones \u00e0 l\u2019\u00e9cole; lutter contre l\u2019interdiction des smartphones en classe, (interdire les phones en classe n\u2019est ni un choix pertinente, ni durable). A ses dires, ils veulent travailler \u00e0 changer la Culture de l\u2019\u00e9valuation (on \u00e9value pour dire qui est nul et excellent ; toujours la faute est sur l\u2019\u00e9l\u00e8ve, jamais&nbsp; sur le prof ou la p\u00e9dagogie.).<\/p>\n\n\n\n<p>\u00ab Nous voulons promouvoir plus d\u2019\u00e9valuation corrective. Certaines \u00e9valuations sont faites pour r\u00e9guler des flux et g\u00e9rer des probl\u00e8mes politiques ; pour punir les \u00e9l\u00e8ves indisciplin\u00e9s ; etc&nbsp;\u00bb a \u2013 t &#8211; il d\u00e9velopp\u00e9.<\/p>\n\n\n\n<p><strong>L\u2019encadrement appropri\u00e9 de la petite enfance<\/strong><\/p>\n\n\n\n<p>Qu\u2019ils sont dispos\u00e9s \u00e0 travailler avec le Minist\u00e8re pour une \u00e9cole qui valorise les CLT et les savoirs faire traditionnels maliens (le Bureau UNESCO Bko y travaille fortement). De plus, que l\u2019\u00e9cole en Afrique doit cesser d\u2019\u00eatre le cimeti\u00e8re des cultures africaines. L\u2019UNESCO a, dit-il, des outils et actions p\u00e9dagogiques confirm\u00e9es en Asie qu\u2019ils&nbsp; veulent adapter et mettre \u00e0 la disposition du Mali pour que les \u00e9coles soient plus heureuses.<\/p>\n\n\n\n<p>&nbsp;Par la suite, il a signifi\u00e9 leur volont\u00e9 de faire la promotion de l\u2019ED de la petite enfance et la mise en \u0153uvre de la D\u00e9claration de Tashkent. Un choix qui s\u2019explique, selon M. Yao, par le fait qu\u2019en Afrique, moins de 10% des enfants b\u00e9n\u00e9ficient d\u2019un encadrement appropri\u00e9 avant d\u2019entrer au primaire, alors que les r\u00e9sultats des \u00e9tudes en neuroscience prouvent l\u2019importance des 1000 premiers jours de l\u2019enfant pour la structuration de son cerveau pour les apprentissages.<\/p>\n\n\n\n<p>Quant \u00e0 Mme le Ministre Sidib\u00e9 D\u00e9d\u00e9ou Ousmane, elle a soutenu que cet atelier de renforcement des comp\u00e9tences des Cadres et Responsables de son D\u00e9partement en mati\u00e8re curriculaire r\u00e9pond bien aux besoins de notre syst\u00e8me \u00e9ducatif. C\u2019est pourquoi, elle a appr\u00e9ci\u00e9 l\u2019initiative avant de saluer son concepteur&nbsp; le BIE de l\u2019UNESCO. Elle a conclu son intervention en disant que cette session de formation constitue la 1<sup>\u00e8re<\/sup> phase d\u2019un processus qui va s\u2019\u00e9tendre sur plusieurs mois \u00e0 travers des s\u00e9ances de formation en ligne.<\/p>\n\n\n\n<p><strong>Par Mariam Sissoko<\/strong><\/p>\n\n\n\n<p><strong>Le Sursaut<\/strong><\/p>\n","protected":false},"excerpt":{"rendered":"<p>Dans le cadre de la mise en \u0153uvre des r\u00e9solutions du Sommet sur la Transformation de l\u2019Education tenu du 20 au 26 septembre 2022 \u00e0 New York lors de la&hellip;<\/p>\n","protected":false},"author":1,"featured_media":0,"comment_status":"open","ping_status":"closed","sticky":false,"template":"","format":"standard","meta":{"content-type":"","_lmt_disableupdate":"","_lmt_disable":"","_jetpack_memberships_contains_paid_content":false,"footnotes":"","jetpack_publicize_message":"","jetpack_publicize_feature_enabled":true,"jetpack_social_post_already_shared":true,"jetpack_social_options":{"image_generator_settings":{"template":"highway","default_image_id":0,"font":"","enabled":false},"version":2}},"categories":[38,67],"tags":[],"class_list":["post-12633","post","type-post","status-publish","format-standard","hentry","category-education","category-le-sursaut"],"jetpack_publicize_connections":[],"featured_image_urls":{"full":"","thumbnail":"","medium":"","medium_large":"","large":"","1536x1536":"","2048x2048":"","penci-recipe-1200x1200":"","penci-recipe-1200x900":"","penci-recipe-1200x675":"","penci-single-full":"","penci-slider-full-thumb":"","penci-full-thumb":"","penci-slider-thumb":"","penci-magazine-slider":"","penci-thumb":"","penci-masonry-thumb":"","penci-thumb-square":"","penci-thumb-vertical":"","penci-thumb-small":""},"author_info":{"display_name":"Nandi","author_link":"https:\/\/nandi.info\/?author=1"},"category_info":"<a href=\"https:\/\/nandi.info\/?cat=38\" rel=\"category\">Education<\/a> <a href=\"https:\/\/nandi.info\/?cat=67\" rel=\"category\">Le Sursaut<\/a>","tag_info":"Le Sursaut","comment_count":"0","jetpack_featured_media_url":"","jetpack_sharing_enabled":true,"_links":{"self":[{"href":"https:\/\/nandi.info\/index.php?rest_route=\/wp\/v2\/posts\/12633","targetHints":{"allow":["GET"]}}],"collection":[{"href":"https:\/\/nandi.info\/index.php?rest_route=\/wp\/v2\/posts"}],"about":[{"href":"https:\/\/nandi.info\/index.php?rest_route=\/wp\/v2\/types\/post"}],"author":[{"embeddable":true,"href":"https:\/\/nandi.info\/index.php?rest_route=\/wp\/v2\/users\/1"}],"replies":[{"embeddable":true,"href":"https:\/\/nandi.info\/index.php?rest_route=%2Fwp%2Fv2%2Fcomments&post=12633"}],"version-history":[{"count":0,"href":"https:\/\/nandi.info\/index.php?rest_route=\/wp\/v2\/posts\/12633\/revisions"}],"wp:attachment":[{"href":"https:\/\/nandi.info\/index.php?rest_route=%2Fwp%2Fv2%2Fmedia&parent=12633"}],"wp:term":[{"taxonomy":"category","embeddable":true,"href":"https:\/\/nandi.info\/index.php?rest_route=%2Fwp%2Fv2%2Fcategories&post=12633"},{"taxonomy":"post_tag","embeddable":true,"href":"https:\/\/nandi.info\/index.php?rest_route=%2Fwp%2Fv2%2Ftags&post=12633"}],"curies":[{"name":"wp","href":"https:\/\/api.w.org\/{rel}","templated":true}]}}