{"id":12629,"date":"2023-03-28T08:43:47","date_gmt":"2023-03-28T06:43:47","guid":{"rendered":"https:\/\/nandi.info\/?p=12629"},"modified":"2023-03-28T08:43:47","modified_gmt":"2023-03-28T06:43:47","slug":"disponibilite-des-denrees-alimentaires-pour-le-ramadan-la-situation-dans-5-entrepots-de-la-capitale-a-convaincu-le-ministre-ould-mohamed","status":"publish","type":"post","link":"https:\/\/nandi.info\/?p=12629","title":{"rendered":"<strong>Disponibilit\u00e9<\/strong> <strong>des denr\u00e9es alimentaires pour le&nbsp; Ramadan&nbsp;: La situation dans 5 entrep\u00f4ts de la capitale a convaincu le ministre Ould Mohamed&nbsp;!<\/strong>"},"content":{"rendered":"\n<p><strong><em>Le Ministre du Commerce et de l\u2019Industrie, Mahmoud Ould Mohamed accompagn\u00e9 par le Directeur G\u00e9n\u00e9ral du Commerce de la Consommation et de la Concurrence, Boucader Doumbia a effectu\u00e9 une visite de terrain mardi 21 mars (la veille du Ramadan) aux 5 entrep\u00f4ts de stockage dans la zone industrielle et \u00e0 Sogoniko pour s\u2019enqu\u00e9rir de la disponibilit\u00e9 des produits de premi\u00e8re n\u00e9cessit\u00e9 dans le but du soulagement de la population durant ce mois b\u00e9ni du Ramadan.<\/em><\/strong><\/p>\n\n\n\n<p>\u2018\u2019Mieux vaut voir une fois que d\u2019entendre cent fois\u2019\u2019, dit-on. C\u2019est bien cet adage que le ministre du Commerce et de l\u2019Industrie a fait sien avec les responsables des services techniques et rattach\u00e9s \u00e0 son d\u00e9partement. Ce, en prenant son b\u00e2ton de p\u00e8lerin pour voir de visu la situation de stockage des produits de grande consommation dans les diff\u00e9rents entrep\u00f4ts au bout de la cha\u00eene de distribution des march\u00e9s du pays.<\/p>\n\n\n\n<p>Cette visite s\u2019inscrit dans le cadre de l\u2019op\u00e9ration Ramadan pour se rassurer sur l\u2019approvisionnement des denr\u00e9es alimentaires aux march\u00e9s. Elle \u00e9tait la toute premi\u00e8re sortie et l\u2019ultime recours du ministre en charge du Commerce et de l\u2019Industrie en pr\u00e9lude au mois de Ramadan. Et cela fut une excellente d\u00e9marche.<\/p>\n\n\n\n<p>La visite a commenc\u00e9 par la soci\u00e9t\u00e9 \u2018\u2019Kamia et fr\u00e8res\u2019\u2019 \u00e0 la zone industrielle o\u00f9 deux grands magasins \u00e9taient remplis jusqu\u2019au toit de riz de diverses qualit\u00e9s. Ensuite, la d\u00e9l\u00e9gation s\u2019est dirig\u00e9e vers la soci\u00e9t\u00e9 \u2018\u2019Mamadou Diarra\u2019\u2019 qui disposait dans son magasin d\u2019environ plus de 7000 tonnes de vivres pendant que certains de ses camions \u00e9taient en d\u00e9chargement. Dans la m\u00eame foul\u00e9e, une fois \u00e0 l\u2019\u00e9tablissement \u2018\u2019Kouma et fr\u00e8res\u2019\u2019 l\u2019assurance du ministre Ould Mohamed a \u00e9t\u00e9 accentu\u00e9e avec la pr\u00e9sence d\u2019un stockage de 9000 tonnes de sucre. Constat identique \u00e0 la soci\u00e9t\u00e9 GDCM, o\u00f9 sont emmagasin\u00e9es 6000 tonnes de sucre, 9000 tonnes de riz et 3000 tonnes de pomme de terre. Idem \u00e0 l\u2019Office des Produits Agricoles du Mali (OPAM), qui dispose dans son entrep\u00f4t&nbsp;: 5000 tonnes de riz et 1200 tonnes de mil sorghos.<\/p>\n\n\n\n<p>\u00ab Nous sommes \u00e0 la veille du mois de Ramadan c\u2019est toujours normal que nous passions dans les magasins au niveau du march\u00e9 pour voir l\u2019\u00e9tat d\u2019approvisionnement du pays. A cet effet, tous les magasins que j\u2019ai visit\u00e9 que \u00e7a soit les demi grossistes, les grossistes ou les importateurs, le constat est satisfaisant, car ils d\u00e9bordent \u00bb a soutenu le ministre du Commerce et de l\u2019Industrie pour rassurer la population.<\/p>\n\n\n\n<p>A l\u2019en croire, ce mois serait bien g\u00e9r\u00e9 par les op\u00e9rateurs notamment les demi- grossistes qui sont tr\u00e8s importants dans la chaine de distribution au niveau national. Avant de pr\u00e9ciser que le march\u00e9 est suffisamment approvisionn\u00e9 avec des \u00e9normes quantit\u00e9s. Comme si cela ne suffisait pas, environ 4000 tonnes sont d\u00e9j\u00e0 disponibles aux ports, pr\u00eats \u00e0 \u00eatre achemin\u00e9es pour cette premi\u00e8re \u00e9tape. \u00ab Nous allons faire en sorte qu\u2019\u00e0 mi-chemin dans le parcours de ce mois qu\u2019on voit l\u2019\u00e9tat d\u2019approvisionnement du march\u00e9 mais aussi, l\u2019\u00e9tat l\u2019ex\u00e9cution du prix pour que les populations puissent \u00eatre satisfaites non seulement de l\u2019approvisionnement mais aussi d\u2019acc\u00e8s \u00e0 un prix abordable conform\u00e9ment \u00e0 leur pouvoir d\u2019achat \u00bb a-t-il indiqu\u00e9 le chef du d\u00e9partement en charge du Commerce.<\/p>\n\n\n\n<p>De prime abord, il a tenu \u00e0 donner l\u2019assurance sur le fait qu\u2019il n\u2019y aura pas de rupture d\u2019approvisionnement des march\u00e9s. Cela, pour la simple raison que l\u2019Etat s\u2019active partout sur le territoire pour renforcer le stock national de s\u00e9curit\u00e9.<\/p>\n\n\n\n<p>\u00ab Nous allons au plus t\u00f4t essayer de contenir les sp\u00e9culations mais aussi, rassurer les populations que les denr\u00e9es de premi\u00e8re n\u00e9cessit\u00e9 seront distribu\u00e9es sur toute l\u2019entendue du territoire national \u00e0 un meilleur prix \u00bb a-t-il conclu.<\/p>\n\n\n\n<p>\u00a0\u00a0\u00a0\u00a0\u00a0\u00a0\u00a0\u00a0\u00a0\u00a0\u00a0\u00a0\u00a0\u00a0\u00a0\u00a0\u00a0\u00a0\u00a0 <strong>Par Fatoumata Coulibaly<\/strong><\/p>\n\n\n\n<p><strong>Le Sursaut<\/strong><\/p>\n","protected":false},"excerpt":{"rendered":"<p>Le Ministre du Commerce et de l\u2019Industrie, Mahmoud Ould Mohamed accompagn\u00e9 par le Directeur G\u00e9n\u00e9ral du Commerce de la Consommation et de la Concurrence, Boucader Doumbia a effectu\u00e9 une visite&hellip;<\/p>\n","protected":false},"author":1,"featured_media":12630,"comment_status":"open","ping_status":"closed","sticky":false,"template":"","format":"standard","meta":{"content-type":"","_lmt_disableupdate":"","_lmt_disable":"","_jetpack_memberships_contains_paid_content":false,"footnotes":"","jetpack_publicize_message":"","jetpack_publicize_feature_enabled":true,"jetpack_social_post_already_shared":true,"jetpack_social_options":{"image_generator_settings":{"template":"highway","default_image_id":0,"font":"","enabled":false},"version":2}},"categories":[30,67],"tags":[],"class_list":["post-12629","post","type-post","status-publish","format-standard","has-post-thumbnail","hentry","category-economie","category-le-sursaut"],"jetpack_publicize_connections":[],"featured_image_urls":{"full":"","thumbnail":"","medium":"","medium_large":"","large":"","1536x1536":"","2048x2048":"","penci-recipe-1200x1200":"","penci-recipe-1200x900":"","penci-recipe-1200x675":"","penci-single-full":"","penci-slider-full-thumb":"","penci-full-thumb":"","penci-slider-thumb":"","penci-magazine-slider":"","penci-thumb":"","penci-masonry-thumb":"","penci-thumb-square":"","penci-thumb-vertical":"","penci-thumb-small":""},"author_info":{"display_name":"Nandi","author_link":"https:\/\/nandi.info\/?author=1"},"category_info":"<a href=\"https:\/\/nandi.info\/?cat=30\" rel=\"category\">Economie<\/a> <a href=\"https:\/\/nandi.info\/?cat=67\" rel=\"category\">Le Sursaut<\/a>","tag_info":"Le Sursaut","comment_count":"0","jetpack_featured_media_url":"","jetpack_sharing_enabled":true,"_links":{"self":[{"href":"https:\/\/nandi.info\/index.php?rest_route=\/wp\/v2\/posts\/12629","targetHints":{"allow":["GET"]}}],"collection":[{"href":"https:\/\/nandi.info\/index.php?rest_route=\/wp\/v2\/posts"}],"about":[{"href":"https:\/\/nandi.info\/index.php?rest_route=\/wp\/v2\/types\/post"}],"author":[{"embeddable":true,"href":"https:\/\/nandi.info\/index.php?rest_route=\/wp\/v2\/users\/1"}],"replies":[{"embeddable":true,"href":"https:\/\/nandi.info\/index.php?rest_route=%2Fwp%2Fv2%2Fcomments&post=12629"}],"version-history":[{"count":0,"href":"https:\/\/nandi.info\/index.php?rest_route=\/wp\/v2\/posts\/12629\/revisions"}],"wp:featuredmedia":[{"embeddable":true,"href":"https:\/\/nandi.info\/index.php?rest_route=\/"}],"wp:attachment":[{"href":"https:\/\/nandi.info\/index.php?rest_route=%2Fwp%2Fv2%2Fmedia&parent=12629"}],"wp:term":[{"taxonomy":"category","embeddable":true,"href":"https:\/\/nandi.info\/index.php?rest_route=%2Fwp%2Fv2%2Fcategories&post=12629"},{"taxonomy":"post_tag","embeddable":true,"href":"https:\/\/nandi.info\/index.php?rest_route=%2Fwp%2Fv2%2Ftags&post=12629"}],"curies":[{"name":"wp","href":"https:\/\/api.w.org\/{rel}","templated":true}]}}