{"id":12625,"date":"2023-03-28T08:38:22","date_gmt":"2023-03-28T06:38:22","guid":{"rendered":"https:\/\/nandi.info\/?p=12625"},"modified":"2023-03-28T08:38:22","modified_gmt":"2023-03-28T06:38:22","slug":"cas-de-violations-et-atteintes-aux-droits-de-lhomme-au-mali-le-gouvernement-malien-bat-en-breche-la-note-trimestrielle-de-la-minusma","status":"publish","type":"post","link":"https:\/\/nandi.info\/?p=12625","title":{"rendered":"<strong>Cas de violations et atteintes aux droits de l\u2019homme au Mali&nbsp;: Le Gouvernement malien bat en br\u00e8che la<\/strong> <strong>note trimestrielle de la Minusma&nbsp;!<\/strong>"},"content":{"rendered":"\n<p><strong><em>Le lundi 20 mars 2023, le Gouvernement a adress\u00e9 une note d\u2019observations&nbsp; \u00e0 la MINUSMA qui fait suite \u00e0 la transmission par cette derni\u00e8re d\u2019un projet de note trimestrielle sur les tendances et atteintes aux droits de l\u2019homme et au droit international humanitaire couvrant la p\u00e9riode du 1<sup>er<\/sup> octobre au 31 d\u00e9cembre 2022. Dans cette note d\u2019observations, l\u2019occasion a \u00e9t\u00e9 donn\u00e9e au Gouvernement de la transition, qui est souvent accus\u00e9 \u00e0 tort, de clarifier certains points avec la MINUSMA et de lui exprimer son engagement \u00e0 faire respecter les droits dans sa pl\u00e9nitude au Mali.<\/em><\/strong><\/p>\n\n\n\n<p class=\"has-drop-cap\">Apr\u00e8s observations, le Gouvernement de la R\u00e9publique du Mali dit constater avec regret au titre des observations g\u00e9n\u00e9rales que, comme les pr\u00e9c\u00e9dentes, la pr\u00e9sente note de la MINUSMA ne met pas l\u2019accent sur les efforts d\u00e9ploy\u00e9s par les autorit\u00e9s maliennes en mati\u00e8re de protection et de promotion des droits de l\u2019homme, notamment en termes de formation et de sensibilisation. Par ailleurs, le Gouvernement du Mali a pr\u00e9cis\u00e9 qu\u2019il poursuivra cette dynamique qui contribue au renforcement de la prise en charge de la question des droits de l\u2019homme et du droit international humanitaire dans le cadre des op\u00e9rations antiterroristes men\u00e9es par les Forces de d\u00e9fense et de s\u00e9curit\u00e9 maliennes (FSDM) favorisant ainsi l\u2019am\u00e9lioration de la situation s\u00e9curitaire et une meilleure protection des personnes et de leurs biens sur l\u2019ensemble du territoire.<\/p>\n\n\n\n<p>Au titre des observations d\u2019ordre sp\u00e9cifique, le Gouvernement du Mali a d\u00e9cri\u00e9 la m\u00e9thodologie de travail qui a permis de faire le rapport de la MINUSMA. Pour lui, la MINUSMA note que les cas rapport\u00e9s dans le document ont \u00e9t\u00e9 v\u00e9rifi\u00e9s sur la base notamment des enqu\u00eates men\u00e9es par la Mission et les positions, d\u00e9clarations et communiqu\u00e9s officiels ainsi que les documents publi\u00e9s par des organisations \u00e9tatiques et non \u00e9tatiques et les Agences des Nations Unies. Et de continuer, qu\u2019il reste interrogatif sur cette d\u00e9marche qui met en cause la cr\u00e9dibilit\u00e9 de la Note trimestrielle, car elle ne donne aucune pr\u00e9cision sur les sources de v\u00e9rifications&nbsp; des cas rapport\u00e9s afin de permettre \u00e0 la partie gouvernementale de mener, au besoin, une confrontation et des enqu\u00eates. S\u2019agissant des tendances de violations par r\u00e9gion et par auteurs, le Gouvernement d\u00e9plore \u00e0 nouveau, les all\u00e9gations r\u00e9currentes, cit\u00e9es dans plusieurs passages de la Note et faisant \u00e9tat des op\u00e9rations anti-terroristes men\u00e9es par les FDSM qui seraient selon la MINUSMA accompagn\u00e9es par le personnel militaire \u00e9tranger.<\/p>\n\n\n\n<p>\u00ab&nbsp;Les FDSM op\u00e8rent de fa\u00e7on autonome sur le terrain afin de prot\u00e9ger les populations civiles contre le terrorisme et l\u2019extr\u00e9misme violent dans le strict respect des droits de l\u2019homme et du droit international humanitaire&nbsp;\u00bb, a pr\u00e9cis\u00e9 la note du Gouvernement du Mali. Et de poursuivre que contrairement aux all\u00e9gations de collaboration entre les FDSM et le personnel militaire \u00e9tranger, il r\u00e9affirme que la pr\u00e9sence d\u2019instructeurs russes dans le pays s\u2019inscrit dans le cadre de la coop\u00e9ration exemplaire avec la F\u00e9d\u00e9ration de Russie, particuli\u00e8rement dans le domaine militaire, renforc\u00e9e ces derni\u00e8res ann\u00e9es en mati\u00e8re de lutte anti-terroriste.<\/p>\n\n\n\n<p>Et sur la question des \u00e9coles aussi \u00e9voqu\u00e9e dans ladite Note, le Gouvernement dit inviter pour la fiabilit\u00e9 des donn\u00e9es la MINUSMA, \u00e0 se r\u00e9f\u00e9rer au \u2018\u2019Cluster Education\u2019\u2019 publi\u00e9 en d\u00e9cembre 2022 sur la situation des \u00e9coles au Mali. De ce fait, concernant la lutte contre l\u2019unit\u00e9 o\u00f9 la MINUSMA a d\u00e9plor\u00e9 les lenteurs des cas de poursuite&nbsp; annonc\u00e9s par les&nbsp; autorit\u00e9s maliennes, le Gouvernement du Mali rappelle son attachement \u00e0 la lutte contre l\u2019impunit\u00e9. Et \u00e0 cet effet, il rappelle que tous les cas document\u00e9s ont fait l\u2019objet d\u2019ouverture syst\u00e9matique d\u2019enqu\u00eates. Et d\u2019ajouter que des ordres de poursuite ont \u00e9t\u00e9 d\u00e9livr\u00e9s pour des cas av\u00e9r\u00e9s et des informations judiciaires sont en cours dans divers cabinets d\u2019instruction des juridictions militaires dont l\u2019une des derni\u00e8res sessions s\u2019est tenue le 21 novembre 2022.<\/p>\n\n\n\n<p>Apres ces observations de la Note trimestrielle de la Division des droits de l\u2019Homme de la MINUSMA, le Gouvernement du Mali pr\u00e9cise \u00e0 la Mission onusienne que le Mali reste engag\u00e9 en mati\u00e8re de la promotion et de protection des droits de l\u2019homme et s\u2019oppose \u00e0 l\u2019instrumentalisation de la question \u00e0 des fins politiques, g\u00e9opolitiques, voire souvent de d\u00e9stabilisation.<\/p>\n\n\n\n<p>\u00ab&nbsp;Le Gouvernement du Mali renouvelle sa disponibilit\u00e9 en faveur du dialogue constructif avec les organisations de d\u00e9fense des droits de l\u2019homme afin de lutter contre l\u2019impunit\u00e9&nbsp;\u00bbpouvait-on lire dans cette note.<\/p>\n\n\n\n<p><strong>Adama Tounkara<\/strong><\/p>\n","protected":false},"excerpt":{"rendered":"<p>Le lundi 20 mars 2023, le Gouvernement a adress\u00e9 une note d\u2019observations&nbsp; \u00e0 la MINUSMA qui fait suite \u00e0 la transmission par cette derni\u00e8re d\u2019un projet de note trimestrielle sur&hellip;<\/p>\n","protected":false},"author":1,"featured_media":8264,"comment_status":"open","ping_status":"closed","sticky":false,"template":"","format":"standard","meta":{"content-type":"","_lmt_disableupdate":"","_lmt_disable":"","_jetpack_memberships_contains_paid_content":false,"footnotes":"","jetpack_publicize_message":"","jetpack_publicize_feature_enabled":true,"jetpack_social_post_already_shared":true,"jetpack_social_options":{"image_generator_settings":{"template":"highway","default_image_id":0,"font":"","enabled":false},"version":2}},"categories":[67,21],"tags":[],"class_list":["post-12625","post","type-post","status-publish","format-standard","has-post-thumbnail","hentry","category-le-sursaut","category-societe"],"jetpack_publicize_connections":[],"featured_image_urls":{"full":"","thumbnail":"","medium":"","medium_large":"","large":"","1536x1536":"","2048x2048":"","penci-recipe-1200x1200":"","penci-recipe-1200x900":"","penci-recipe-1200x675":"","penci-single-full":"","penci-slider-full-thumb":"","penci-full-thumb":"","penci-slider-thumb":"","penci-magazine-slider":"","penci-thumb":"","penci-masonry-thumb":"","penci-thumb-square":"","penci-thumb-vertical":"","penci-thumb-small":""},"author_info":{"display_name":"Nandi","author_link":"https:\/\/nandi.info\/?author=1"},"category_info":"<a href=\"https:\/\/nandi.info\/?cat=67\" rel=\"category\">Le Sursaut<\/a> <a href=\"https:\/\/nandi.info\/?cat=21\" rel=\"category\">Soci\u00e9t\u00e9<\/a>","tag_info":"Soci\u00e9t\u00e9","comment_count":"0","jetpack_featured_media_url":"","jetpack_sharing_enabled":true,"_links":{"self":[{"href":"https:\/\/nandi.info\/index.php?rest_route=\/wp\/v2\/posts\/12625","targetHints":{"allow":["GET"]}}],"collection":[{"href":"https:\/\/nandi.info\/index.php?rest_route=\/wp\/v2\/posts"}],"about":[{"href":"https:\/\/nandi.info\/index.php?rest_route=\/wp\/v2\/types\/post"}],"author":[{"embeddable":true,"href":"https:\/\/nandi.info\/index.php?rest_route=\/wp\/v2\/users\/1"}],"replies":[{"embeddable":true,"href":"https:\/\/nandi.info\/index.php?rest_route=%2Fwp%2Fv2%2Fcomments&post=12625"}],"version-history":[{"count":0,"href":"https:\/\/nandi.info\/index.php?rest_route=\/wp\/v2\/posts\/12625\/revisions"}],"wp:featuredmedia":[{"embeddable":true,"href":"https:\/\/nandi.info\/index.php?rest_route=\/"}],"wp:attachment":[{"href":"https:\/\/nandi.info\/index.php?rest_route=%2Fwp%2Fv2%2Fmedia&parent=12625"}],"wp:term":[{"taxonomy":"category","embeddable":true,"href":"https:\/\/nandi.info\/index.php?rest_route=%2Fwp%2Fv2%2Fcategories&post=12625"},{"taxonomy":"post_tag","embeddable":true,"href":"https:\/\/nandi.info\/index.php?rest_route=%2Fwp%2Fv2%2Ftags&post=12625"}],"curies":[{"name":"wp","href":"https:\/\/api.w.org\/{rel}","templated":true}]}}