{"id":12614,"date":"2023-03-27T08:22:59","date_gmt":"2023-03-27T06:22:59","guid":{"rendered":"https:\/\/nandi.info\/?p=12614"},"modified":"2023-03-27T08:22:59","modified_gmt":"2023-03-27T06:22:59","slug":"insecurite-1277-civils-tues-en-2022-minusma","status":"publish","type":"post","link":"https:\/\/nandi.info\/?p=12614","title":{"rendered":"<strong>INS\u00c9CURIT\u00c9 : <\/strong><strong>1277 civils tu\u00e9s en 2022 (MINUSMA)<\/strong><strong><\/strong>"},"content":{"rendered":"\n<p><strong>La Mission multidimensionnelle int\u00e9gr\u00e9e des Nations Unies pour la Stabilisation au Mali (MINUSMA) a indiqu\u00e9 dans sa note publi\u00e9e, ce mercredi 22 mars 2023, qu\u2019au moins 1277 civils ont \u00e9t\u00e9 tu\u00e9s en 2022, faisant de cette ann\u00e9e la plus meurtri\u00e8re de la derni\u00e8re d\u00e9cennie. En comparaison avec 2021, le nombre de personnes tu\u00e9es a enregistr\u00e9 une hausse de 54% (584 personnes tu\u00e9es en 2021 contre 1.277 en 2022).<\/strong><\/p>\n\n\n\n<p class=\"has-drop-cap\">Cependant, en ce qui concerne le nombre de personnes enlev\u00e9es ou disparues, il a baiss\u00e9 de 58% (744 en 2021). Quant \u00e0 la cat\u00e9gorie des bless\u00e9s, elle a aussi connu une baisse de 25% (466 en 2021).<\/p>\n\n\n\n<p>Plus sp\u00e9cifiquement, la MINUSMA a indiqu\u00e9 avoir recens\u00e9, durant le dernier trimestre 2022, 347 violations et atteintes aux droits de l\u2019homme et des violations du droit international humanitaire (DIH).<\/p>\n\n\n\n<p>Toutefois, ces chiffres ne correspondent qu\u2019aux cas document\u00e9s par la Mission et ne repr\u00e9sentent que les victimes civiles qui sont prot\u00e9g\u00e9es contre des attaques en vertu du droit international.<\/p>\n\n\n\n<p>Ces violations et atteintes aux droits de l\u2019homme ainsi que les violations du DIH document\u00e9es par la MINUSMA ont caus\u00e9 la mort de 174 civils. Tandis que 827 autres ont \u00e9t\u00e9 enlev\u00e9es ou sont disparues et 91 bless\u00e9es. Parmi les victimes recens\u00e9es figurent 8 femmes et 26 enfants.<\/p>\n\n\n\n<p>Par rapport \u00e0 l\u2019avant-dernier trimestre 2022, le nombre de civils tu\u00e9s a enregistr\u00e9 une baisse de 28% (243 civils tu\u00e9s). S\u2019agissant du nombre de personnes enlev\u00e9es ou disparues, il a augment\u00e9 de 49% (55 enlev\u00e9s ou disparus). La cat\u00e9gorie des bless\u00e9s a \u00e9galement augment\u00e9 de 18% (77 bless\u00e9s au cours).<\/p>\n\n\n\n<p>Aussi, sur le total de 347 violations et atteintes aux droits de l\u2019homme et violations du DIH, la MINUSMA a document\u00e9 222 atteintes aux droits de l\u2019homme imputables aux groupes terroristes tels que l\u2019Etat Islamique au Grand Sahara (EIGS), le Groupe de Soutien \u00e0 l\u2019Islam et aux Musulmans (GSIM) et autres groupes similaires, soit 64% de l\u2019ensemble des violations et atteintes document\u00e9es.<\/p>\n\n\n\n<p>En ce qui concerne les milices et autres groupes arm\u00e9s d\u2019autod\u00e9fense communautaire, 13 atteintes aux droits de l\u2019Homme leur sont imputables, soit 4% du total des violations et atteintes r\u00e9pertori\u00e9es.<\/p>\n\n\n\n<p>S\u2019agissant des groupes arm\u00e9s signataires de l\u2019Accord pour la paix et la r\u00e9conciliation au Mali, ils sont responsables de 22 atteintes aux droits de l\u2019Homme, soit 6% de l\u2019ensemble des violations.<\/p>\n\n\n\n<p>Durant la m\u00eame p\u00e9riode, la MINUSMA a relev\u00e9 au moins 90 violations de droits de l\u2019homme imputables aux Forces de d\u00e9fense et de s\u00e9curit\u00e9 maliennes (FDSM), repr\u00e9sentant 26% du total des actes de violence document\u00e9s.<\/p>\n\n\n\n<p>Les localit\u00e9s les plus touch\u00e9es par cette situation sont celles du centre telles que les r\u00e9gions de Bandiagara et Mopti. Elles sont suivies par celles du Nord-est comme Gao et M\u00e9naka dont certaines localit\u00e9s font partie de la zone dite des trois fronti\u00e8res consid\u00e9r\u00e9es par l\u2019ONU comme l\u2019\u00e9picentre des violences au Sahel.<\/p>\n\n\n\n<p><strong><em>\u00a0\u00a0\u00a0\u00a0\u00a0\u00a0\u00a0\u00a0\u00a0\u00a0\u00a0\u00a0\u00a0\u00a0\u00a0\u00a0\u00a0\u00a0\u00a0\u00a0\u00a0\u00a0\u00a0\u00a0\u00a0\u00a0\u00a0\u00a0\u00a0\u00a0\u00a0\u00a0\u00a0\u00a0\u00a0\u00a0\u00a0\u00a0\u00a0\u00a0\u00a0\u00a0\u00a0\u00a0\u00a0\u00a0\u00a0\u00a0\u00a0\u00a0\u00a0\u00a0\u00a0\u00a0\u00a0\u00a0\u00a0\u00a0\u00a0\u00a0\u00a0\u00a0\u00a0\u00a0\u00a0\u00a0\u00a0\u00a0\u00a0\u00a0\u00a0\u00a0\u00a0\u00a0\u00a0\u00a0\u00a0\u00a0\u00a0\u00a0\u00a0\u00a0\u00a0\u00a0\u00a0\u00a0\u00a0\u00a0\u00a0\u00a0\u00a0\u00a0\u00a0\u00a0\u00a0\u00a0\u00a0\u00a0\u00a0\u00a0\u00a0\u00a0\u00a0\u00a0\u00a0\u00a0\u00a0\u00a0\u00a0\u00a0\u00a0\u00a0\u00a0\u00a0\u00a0\u00a0\u00a0\u00a0\u00a0\u00a0\u00a0\u00a0\u00a0\u00a0\u00a0\u00a0\u00a0\u00a0\u00a0\u00a0\u00a0\u00a0\u00a0\u00a0\u00a0\u00a0\u00a0\u00a0\u00a0\u00a0\u00a0 <\/em><\/strong><\/p>\n\n\n\n<p><strong><em>M.Yattara<\/em><\/strong><\/p>\n\n\n\n<p><strong>L&rsquo;Alternance<\/strong><\/p>\n","protected":false},"excerpt":{"rendered":"<p>La Mission multidimensionnelle int\u00e9gr\u00e9e des Nations Unies pour la Stabilisation au Mali (MINUSMA) a indiqu\u00e9 dans sa note publi\u00e9e, ce mercredi 22 mars 2023, qu\u2019au moins 1277 civils ont \u00e9t\u00e9&hellip;<\/p>\n","protected":false},"author":1,"featured_media":12617,"comment_status":"open","ping_status":"closed","sticky":false,"template":"","format":"standard","meta":{"content-type":"","_lmt_disableupdate":"","_lmt_disable":"","_jetpack_memberships_contains_paid_content":false,"footnotes":"","jetpack_publicize_message":"","jetpack_publicize_feature_enabled":true,"jetpack_social_post_already_shared":true,"jetpack_social_options":{"image_generator_settings":{"template":"highway","default_image_id":0,"font":"","enabled":false},"version":2}},"categories":[49,68,21],"tags":[],"class_list":["post-12614","post","type-post","status-publish","format-standard","has-post-thumbnail","hentry","category-insecurite","category-lalternance","category-societe"],"jetpack_publicize_connections":[],"featured_image_urls":{"full":"","thumbnail":"","medium":"","medium_large":"","large":"","1536x1536":"","2048x2048":"","penci-recipe-1200x1200":"","penci-recipe-1200x900":"","penci-recipe-1200x675":"","penci-single-full":"","penci-slider-full-thumb":"","penci-full-thumb":"","penci-slider-thumb":"","penci-magazine-slider":"","penci-thumb":"","penci-masonry-thumb":"","penci-thumb-square":"","penci-thumb-vertical":"","penci-thumb-small":""},"author_info":{"display_name":"Nandi","author_link":"https:\/\/nandi.info\/?author=1"},"category_info":"<a href=\"https:\/\/nandi.info\/?cat=49\" rel=\"category\">Ins\u00e9curit\u00e9<\/a> <a href=\"https:\/\/nandi.info\/?cat=68\" rel=\"category\">L'alternance<\/a> <a href=\"https:\/\/nandi.info\/?cat=21\" rel=\"category\">Soci\u00e9t\u00e9<\/a>","tag_info":"Soci\u00e9t\u00e9","comment_count":"0","jetpack_featured_media_url":"","jetpack_sharing_enabled":true,"_links":{"self":[{"href":"https:\/\/nandi.info\/index.php?rest_route=\/wp\/v2\/posts\/12614","targetHints":{"allow":["GET"]}}],"collection":[{"href":"https:\/\/nandi.info\/index.php?rest_route=\/wp\/v2\/posts"}],"about":[{"href":"https:\/\/nandi.info\/index.php?rest_route=\/wp\/v2\/types\/post"}],"author":[{"embeddable":true,"href":"https:\/\/nandi.info\/index.php?rest_route=\/wp\/v2\/users\/1"}],"replies":[{"embeddable":true,"href":"https:\/\/nandi.info\/index.php?rest_route=%2Fwp%2Fv2%2Fcomments&post=12614"}],"version-history":[{"count":0,"href":"https:\/\/nandi.info\/index.php?rest_route=\/wp\/v2\/posts\/12614\/revisions"}],"wp:featuredmedia":[{"embeddable":true,"href":"https:\/\/nandi.info\/index.php?rest_route=\/"}],"wp:attachment":[{"href":"https:\/\/nandi.info\/index.php?rest_route=%2Fwp%2Fv2%2Fmedia&parent=12614"}],"wp:term":[{"taxonomy":"category","embeddable":true,"href":"https:\/\/nandi.info\/index.php?rest_route=%2Fwp%2Fv2%2Fcategories&post=12614"},{"taxonomy":"post_tag","embeddable":true,"href":"https:\/\/nandi.info\/index.php?rest_route=%2Fwp%2Fv2%2Ftags&post=12614"}],"curies":[{"name":"wp","href":"https:\/\/api.w.org\/{rel}","templated":true}]}}