{"id":12612,"date":"2023-03-27T08:19:34","date_gmt":"2023-03-27T06:19:34","guid":{"rendered":"https:\/\/nandi.info\/?p=12612"},"modified":"2023-03-27T08:19:34","modified_gmt":"2023-03-27T06:19:34","slug":"importation-du-mali-a-partir-de-la-cote-divoire-900-milliards-fcfa-de-chiffres-daffaires","status":"publish","type":"post","link":"https:\/\/nandi.info\/?p=12612","title":{"rendered":"Importation\u00a0du Mali \u00e0 partir de la cote d\u2019ivoire : 900 milliards FCFA de chiffres d&rsquo;affaires"},"content":{"rendered":"\n<p><strong>Le Mali est le 1<sup>er<\/sup> partenaire commercial mondial de la C\u00f4te d&rsquo;Ivoire avec de 913 Milliards de FCFA en 2022 en chausse de 45% par rapport \u00e0 2021 (source d\u00e9l\u00e9gation ivoirienne au JT Ortm). Une d\u00e9l\u00e9gation ivoirienne, conduite par le directeur de cabinet adjoint du Minist\u00e8re d\u2019Etat, Minist\u00e8re des Affaires \u00e9trang\u00e8res, M. Abdoulaye Kouyat\u00e9, a s\u00e9journ\u00e9 \u00e0 Bamako, du mercredi 22 au vendredi 24 mars 2023, pour renforcer la coop\u00e9ration entre le Mali et la C\u00f4te d\u2019Ivoire, dans le cadre de la 4<sup>\u00e8me<\/sup> session de la Grande commission mixte de coop\u00e9ration entre les deux Etats.<\/strong><\/p>\n\n\n\n<p class=\"has-drop-cap\">Des experts maliens et ivoiriens ont, au cours de cette rencontre de la Grande commission mixte de coop\u00e9ration entre les deux pays, accord\u00e9 sur le renforcement du cadre juridique de leur coop\u00e9ration et le r\u00e9tablissement la confiance entre leurs op\u00e9rateurs \u00e9conomiques.<\/p>\n\n\n\n<p>\u00ab Le Mali est un pays de l\u2019hinterland et nous avons la chance d\u2019\u00eatre un pays ouvert sur la mer. Il y a donc une coop\u00e9ration existentielle entre ces deux peuples. Autant nous avons besoin du Mali autant le Mali a besoin de nous (C\u00f4te d\u2019Ivoire) \u00bb, a d\u00e9clar\u00e9 le chef de la d\u00e9l\u00e9gation ivoirienne, Abdoulaye Kouyat\u00e9.<\/p>\n\n\n\n<p>Diff\u00e9rents sujets d\u2019int\u00e9r\u00eat commun ont \u00e9t\u00e9 trait\u00e9s par les experts, dont la question de la s\u00e9curit\u00e9 transfrontali\u00e8re, le transport, le tourisme, la sant\u00e9, les consultations politiques, les relations diplomatiques. Les experts ont \u00e9galement revisit\u00e9 les recommandations de la session pr\u00e9c\u00e9dente de la Grande commission mixte qui date de 2004.<\/p>\n\n\n\n<p>\u00ab Nous sommes l\u00e0 r\u00e9unis aujourd\u2019hui dans l\u2019esprit et la vision de nos deux chefs de l\u2019Etat\u2026Nous avons d\u00e9cid\u00e9 de ne plus faire en sorte que notre coop\u00e9ration rentre dans une longue p\u00e9riode d\u2019hibernation et d\u2019insuffler un nouvel dynamisme \u00e0 cette coop\u00e9ration \u00bb, a soulign\u00e9 le Secr\u00e9taire g\u00e9n\u00e9ral des Affaires \u00e9trang\u00e8res du Mali, Seydou Coulibaly.<\/p>\n\n\n\n<p>Les ministres des Affaires \u00e9trang\u00e8res des deux pays doivent apr\u00e8s les travaux des experts se retrouver ult\u00e9rieurement pour valider les accords retenus par ceux-ci au terme de leurs travaux.<\/p>\n\n\n\n<p>La C\u00f4te d\u2019Ivoire et le Mali ont sign\u00e9 un accord portant cr\u00e9ation d\u2019une Grande commission mixte de coop\u00e9ration, le 17 f\u00e9vrier 1977 \u00e0 Abidjan. Cette Grande commission devait se r\u00e9unir de fa\u00e7on alternative, tous les deux ans, entre les deux pays, pour faire le point de leur coop\u00e9ration bilat\u00e9rale. Mais ce cadre de concertation n\u2019a pas fonctionn\u00e9 avec constance. De la tenue de la premi\u00e8re session en 1978 \u00e0 2023, seules trois r\u00e9unions de cette Grande commission mixte de coop\u00e9ration ont pu se tenir, note-t-on. Entre la premi\u00e8re en 1978 et la seconde en 1999, 20 ans se sont \u00e9coul\u00e9s.<\/p>\n\n\n\n<p><strong>\u00a0\u00a0\u00a0\u00a0\u00a0\u00a0\u00a0\u00a0\u00a0\u00a0\u00a0\u00a0\u00a0\u00a0\u00a0\u00a0\u00a0\u00a0\u00a0\u00a0\u00a0\u00a0\u00a0\u00a0\u00a0\u00a0\u00a0\u00a0\u00a0\u00a0\u00a0\u00a0\u00a0\u00a0\u00a0\u00a0\u00a0\u00a0\u00a0\u00a0\u00a0\u00a0\u00a0\u00a0\u00a0\u00a0\u00a0\u00a0\u00a0\u00a0\u00a0\u00a0\u00a0\u00a0\u00a0\u00a0\u00a0\u00a0\u00a0\u00a0\u00a0\u00a0\u00a0\u00a0\u00a0\u00a0\u00a0\u00a0\u00a0\u00a0\u00a0\u00a0\u00a0\u00a0\u00a0\u00a0\u00a0\u00a0\u00a0\u00a0\u00a0\u00a0\u00a0\u00a0\u00a0\u00a0\u00a0\u00a0\u00a0\u00a0\u00a0\u00a0\u00a0\u00a0\u00a0\u00a0\u00a0\u00a0\u00a0\u00a0\u00a0\u00a0\u00a0\u00a0\u00a0\u00a0\u00a0\u00a0\u00a0\u00a0\u00a0\u00a0\u00a0\u00a0\u00a0\u00a0\u00a0\u00a0\u00a0\u00a0\u00a0\u00a0\u00a0\u00a0\u00a0\u00a0\u00a0\u00a0\u00a0\u00a0\u00a0\u00a0\u00a0\u00a0\u00a0\u00a0\u00a0\u00a0\u00a0\u00a0\u00a0\u00a0\u00a0\u00a0\u00a0\u00a0\u00a0<\/strong><\/p>\n\n\n\n<p><strong> M.Yattara<\/strong><\/p>\n\n\n\n<p><strong>Alternance <\/strong><\/p>\n","protected":false},"excerpt":{"rendered":"<p>Le Mali est le 1er partenaire commercial mondial de la C\u00f4te d&rsquo;Ivoire avec de 913 Milliards de FCFA en 2022 en chausse de 45% par rapport \u00e0 2021 (source d\u00e9l\u00e9gation&hellip;<\/p>\n","protected":false},"author":1,"featured_media":0,"comment_status":"open","ping_status":"closed","sticky":false,"template":"","format":"standard","meta":{"content-type":"","_lmt_disableupdate":"","_lmt_disable":"","_jetpack_memberships_contains_paid_content":false,"footnotes":"","jetpack_publicize_message":"","jetpack_publicize_feature_enabled":true,"jetpack_social_post_already_shared":true,"jetpack_social_options":{"image_generator_settings":{"template":"highway","default_image_id":0,"font":"","enabled":false},"version":2}},"categories":[30,68],"tags":[],"class_list":["post-12612","post","type-post","status-publish","format-standard","hentry","category-economie","category-lalternance"],"jetpack_publicize_connections":[],"featured_image_urls":{"full":"","thumbnail":"","medium":"","medium_large":"","large":"","1536x1536":"","2048x2048":"","penci-recipe-1200x1200":"","penci-recipe-1200x900":"","penci-recipe-1200x675":"","penci-single-full":"","penci-slider-full-thumb":"","penci-full-thumb":"","penci-slider-thumb":"","penci-magazine-slider":"","penci-thumb":"","penci-masonry-thumb":"","penci-thumb-square":"","penci-thumb-vertical":"","penci-thumb-small":""},"author_info":{"display_name":"Nandi","author_link":"https:\/\/nandi.info\/?author=1"},"category_info":"<a href=\"https:\/\/nandi.info\/?cat=30\" rel=\"category\">Economie<\/a> <a href=\"https:\/\/nandi.info\/?cat=68\" rel=\"category\">L'alternance<\/a>","tag_info":"L'alternance","comment_count":"0","jetpack_featured_media_url":"","jetpack_sharing_enabled":true,"_links":{"self":[{"href":"https:\/\/nandi.info\/index.php?rest_route=\/wp\/v2\/posts\/12612","targetHints":{"allow":["GET"]}}],"collection":[{"href":"https:\/\/nandi.info\/index.php?rest_route=\/wp\/v2\/posts"}],"about":[{"href":"https:\/\/nandi.info\/index.php?rest_route=\/wp\/v2\/types\/post"}],"author":[{"embeddable":true,"href":"https:\/\/nandi.info\/index.php?rest_route=\/wp\/v2\/users\/1"}],"replies":[{"embeddable":true,"href":"https:\/\/nandi.info\/index.php?rest_route=%2Fwp%2Fv2%2Fcomments&post=12612"}],"version-history":[{"count":0,"href":"https:\/\/nandi.info\/index.php?rest_route=\/wp\/v2\/posts\/12612\/revisions"}],"wp:attachment":[{"href":"https:\/\/nandi.info\/index.php?rest_route=%2Fwp%2Fv2%2Fmedia&parent=12612"}],"wp:term":[{"taxonomy":"category","embeddable":true,"href":"https:\/\/nandi.info\/index.php?rest_route=%2Fwp%2Fv2%2Fcategories&post=12612"},{"taxonomy":"post_tag","embeddable":true,"href":"https:\/\/nandi.info\/index.php?rest_route=%2Fwp%2Fv2%2Ftags&post=12612"}],"curies":[{"name":"wp","href":"https:\/\/api.w.org\/{rel}","templated":true}]}}