{"id":12610,"date":"2023-03-27T08:16:46","date_gmt":"2023-03-27T06:16:46","guid":{"rendered":"https:\/\/nandi.info\/?p=12610"},"modified":"2023-03-27T08:16:46","modified_gmt":"2023-03-27T06:16:46","slug":"edito-la-classe-politique-malienne-a-la-recherche-dune-issue-de-secours","status":"publish","type":"post","link":"https:\/\/nandi.info\/?p=12610","title":{"rendered":"<strong>Edito&nbsp;: La classe politique malienne \u00e0 la recherche d\u2019une issue de secours.<\/strong>"},"content":{"rendered":"\n<p class=\"has-drop-cap\">Jamais la classe politique malienne ne s\u2019est port\u00e9e aussi mal que sous la transition du Colonel Assimi Go\u00efta. Elle peine \u00e0 se faire entendre et \u00e0 jouer le r\u00f4le qui est le sien, malgr\u00e9 la situation chaotique du pays, caract\u00e9ris\u00e9e par une crise financi\u00e8re sans pr\u00e9c\u00e8dent, une ins\u00e9curit\u00e9 alimentaire inqui\u00e9tante, une situation \u00e9conomique dramatique. Elle est v\u00e9ritablement \u00e0 la recherche d\u2019une issue de secours pour sauver encore ce qui peut l\u2019\u00eatre de son identit\u00e9. Oui le pays sous la soldatesque ne se porte pas mieux que sous les d\u00e9mocrates. La transition ne fait que s\u2019embourber dans la crise dont l\u2019issue est incertaine. Aujourd\u2019hui il y a un gros risque de glissement dans le calendrier \u00e9lectoral, ce qui entrainerait probablement une prolongation de la transition au grand dam du Mali qui s\u2019exposerait \u00e0 d\u2019autres sanctions de la CEDEAO et de l\u2019UA. La classe politique est vraiment inaudible pour ne pas dire qu\u2019elle est aphone, malmen\u00e9e par une opinion qui lui endosserait la responsabilit\u00e9 de tous les crimes et obstacles bloquant le d\u00e9veloppement du Mali, &nbsp;elle semble c\u00e9der voir se r\u00e9signer face \u00e0 ce s\u00e9v\u00e8re jugement d\u2019une certaine opinion, manipul\u00e9e \u00e0 souhait. Le hic est que ce jugement est port\u00e9 sur la classe politique, avec la complicit\u00e9 de certains leaders politiques, tout aussi responsables des crimes, s\u2019il y en a, mais qui ont su retourner la veste en se faisant passer pour des chantres du Mali Koura. Pour ces leaders certaines vertus comme l\u2019honneur et la dignit\u00e9 sont \u00e0 jeter aux chiens et ce qui compte c\u2019est le profit qu\u2019ils peuvent tirer d\u2019une telle situation. L\u2019Opinion est-elle tr\u00e8s s\u00e9v\u00e8re dans sa sentence contre la classe politique&nbsp;? Pourquoi est-elle plus cl\u00e9mente vis-\u00e0-vis des militaires malgr\u00e9 leurs bourdes&nbsp;?<\/p>\n\n\n\n<p>En analysant sans passion la situation du pays et en situant sans complaisance les responsabilit\u00e9s, on en conclurait simplement que la classe politique malienne a failli. Elle n\u2019a pas du tout \u00e9t\u00e9 \u00e0 la hauteur de l\u2019espoir et de l\u2019esp\u00e9rance que le peuple malien avait fond\u00e9&nbsp;sur elle, apr\u00e8s l\u2019av\u00e8nement de la d\u00e9mocratie. Sa gouvernance a \u00e9t\u00e9 surtout caract\u00e9ris\u00e9e par la corruption \u00e0 ciel ouvert, le client\u00e9lisme, la culture de la m\u00e9diocrit\u00e9, la faillite de l\u2019\u00e9ducation, la d\u00e9t\u00e9rioration du syst\u00e8me de sant\u00e9, et surtout le manque de formation du citoyen de demain. Et pour autant, cette classe politique &nbsp;est le fruit d\u2019une longue lutte politique qui aurait d\u00e9but\u00e9 au lendemain du 19 novembre 1968, apr\u00e8s le renversement, par le Comit\u00e9 Militaire de Lib\u00e9ration Nationale, CMLN, du r\u00e9gime socialiste de Modibo Keita, le premier pr\u00e9sident du Mali ind\u00e9pendant. La question que l\u2019on est en droit de se poser est celle de savoir pourquoi &nbsp;la classe politique malienne n\u2019a pas su pr\u00e9server les pr\u00e9cieux acquis des combattants de la d\u00e9mocratie et de la libert\u00e9 que furent entre autres, Me Demba Moussa Diallo, Me Drissa Traor\u00e9, Abdramane Baba Tour\u00e9, Victor Sy, Mohamed Lamine Traor\u00e9, pour ne citer que ces quelques figures de proue. Leurs successeurs semblent trahir la noble cause, celle de la bonne gouvernance, pour laquelle ils se sont battus des ann\u00e9es durant, Ils ont trahi l\u2019id\u00e9al de combat pour une gouvernance vertueuse, pour s\u2019adonner \u00e0 des pratiques qui ont \u00e9t\u00e9 d\u00e9nonc\u00e9es et combattues sous le r\u00e9gime dictatorial du g\u00e9n\u00e9ral Moussa Traor\u00e9. D\u2019o\u00f9 la col\u00e8re noire de l\u2019opinion qui semble aujourd\u2019hui s\u2019accommoder des bourdes des militaires au pouvoir plut\u00f4t que le retour de cette classe politique aux affaires.<\/p>\n\n\n\n<p>Erreur d\u2019appr\u00e9ciation ou immaturit\u00e9 du peuple qui pense pouvoir trouver aux hommes en uniformes la solution de son malheur&nbsp;? &nbsp;Autant la classe politique a \u00e9chou\u00e9, autant les militaires, qui ont gouvern\u00e9 jusqu\u2019ici le pays, ont \u00e9galement \u00e9chou\u00e9. Donc la solution est entre les mains du peuple qui veut fuir ses responsabilit\u00e9s en mettant son destin entre les mains d\u2019un groupuscule fut-il arm\u00e9. Il revient au peuple et \u00e0 lui seul de d\u00e9cider de son avenir, en choisissant des hommes et des femmes dignes de confiance, d\u00e9sint\u00e9ress\u00e9s, patriotes et qui r\u00e9pondent aux crit\u00e8res moraux et d\u2019int\u00e9grit\u00e9. Ceux-ci auront la lourde mission de dessiner le futur du Mali, en mettant surtout l\u2019accent sur la formation des citoyens de demain. Qu\u2019il soit dit en passant il n y a pas d\u2019autres alternatives \u00e0 la d\u00e9mocratie.<\/p>\n\n\n\n<p><strong>\u00a0\u00a0\u00a0\u00a0\u00a0\u00a0\u00a0\u00a0\u00a0\u00a0\u00a0\u00a0\u00a0\u00a0\u00a0\u00a0\u00a0\u00a0\u00a0\u00a0\u00a0\u00a0\u00a0\u00a0\u00a0\u00a0\u00a0\u00a0\u00a0\u00a0\u00a0\u00a0\u00a0\u00a0\u00a0\u00a0\u00a0\u00a0\u00a0\u00a0\u00a0\u00a0\u00a0\u00a0\u00a0\u00a0\u00a0\u00a0\u00a0\u00a0\u00a0\u00a0\u00a0\u00a0\u00a0\u00a0\u00a0\u00a0\u00a0\u00a0\u00a0\u00a0\u00a0\u00a0\u00a0\u00a0\u00a0\u00a0\u00a0\u00a0\u00a0\u00a0\u00a0\u00a0\u00a0\u00a0\u00a0\u00a0\u00a0\u00a0\u00a0\u00a0\u00a0\u00a0\u00a0\u00a0\u00a0\u00a0\u00a0\u00a0\u00a0\u00a0\u00a0\u00a0\u00a0\u00a0\u00a0\u00a0\u00a0\u00a0\u00a0\u00a0\u00a0\u00a0\u00a0\u00a0\u00a0\u00a0\u00a0\u00a0\u00a0\u00a0\u00a0\u00a0\u00a0\u00a0\u00a0\u00a0\u00a0\u00a0\u00a0\u00a0\u00a0\u00a0\u00a0\u00a0\u00a0\u00a0\u00a0\u00a0\u00a0\u00a0\u00a0<\/strong><\/p>\n\n\n\n<p><strong>\u00a0\u00a0 Youssouf Sissoko<\/strong><\/p>\n\n\n\n<p><strong>L&rsquo;Alternance <\/strong><\/p>\n","protected":false},"excerpt":{"rendered":"<p>Jamais la classe politique malienne ne s\u2019est port\u00e9e aussi mal que sous la transition du Colonel Assimi Go\u00efta. Elle peine \u00e0 se faire entendre et \u00e0 jouer le r\u00f4le qui&hellip;<\/p>\n","protected":false},"author":1,"featured_media":4856,"comment_status":"open","ping_status":"closed","sticky":false,"template":"","format":"standard","meta":{"content-type":"","_lmt_disableupdate":"","_lmt_disable":"","_jetpack_memberships_contains_paid_content":false,"footnotes":"","jetpack_publicize_message":"","jetpack_publicize_feature_enabled":true,"jetpack_social_post_already_shared":true,"jetpack_social_options":{"image_generator_settings":{"template":"highway","default_image_id":0,"font":"","enabled":false},"version":2}},"categories":[34,68],"tags":[],"class_list":["post-12610","post","type-post","status-publish","format-standard","has-post-thumbnail","hentry","category-editorial","category-lalternance"],"jetpack_publicize_connections":[],"featured_image_urls":{"full":["https:\/\/nandi.info\/wp-content\/uploads\/2022\/04\/Youssouf-Sissoko-dirpub.jpg",480,640,false],"thumbnail":["https:\/\/nandi.info\/wp-content\/uploads\/2022\/04\/Youssouf-Sissoko-dirpub-150x150.jpg",150,150,true],"medium":["https:\/\/nandi.info\/wp-content\/uploads\/2022\/04\/Youssouf-Sissoko-dirpub-225x300.jpg",225,300,true],"medium_large":["https:\/\/nandi.info\/wp-content\/uploads\/2022\/04\/Youssouf-Sissoko-dirpub.jpg",480,640,false],"large":["https:\/\/nandi.info\/wp-content\/uploads\/2022\/04\/Youssouf-Sissoko-dirpub.jpg",480,640,false],"1536x1536":["https:\/\/nandi.info\/wp-content\/uploads\/2022\/04\/Youssouf-Sissoko-dirpub.jpg",480,640,false],"2048x2048":["https:\/\/nandi.info\/wp-content\/uploads\/2022\/04\/Youssouf-Sissoko-dirpub.jpg",480,640,false],"penci-recipe-1200x1200":["https:\/\/nandi.info\/wp-content\/uploads\/2022\/04\/Youssouf-Sissoko-dirpub.jpg",480,640,false],"penci-recipe-1200x900":["https:\/\/nandi.info\/wp-content\/uploads\/2022\/04\/Youssouf-Sissoko-dirpub.jpg",480,640,false],"penci-recipe-1200x675":["https:\/\/nandi.info\/wp-content\/uploads\/2022\/04\/Youssouf-Sissoko-dirpub.jpg",480,640,false],"penci-single-full":["https:\/\/nandi.info\/wp-content\/uploads\/2022\/04\/Youssouf-Sissoko-dirpub.jpg",480,640,false],"penci-slider-full-thumb":["https:\/\/nandi.info\/wp-content\/uploads\/2022\/04\/Youssouf-Sissoko-dirpub.jpg",480,640,false],"penci-full-thumb":["https:\/\/nandi.info\/wp-content\/uploads\/2022\/04\/Youssouf-Sissoko-dirpub.jpg",480,640,false],"penci-slider-thumb":["https:\/\/nandi.info\/wp-content\/uploads\/2022\/04\/Youssouf-Sissoko-dirpub.jpg",480,640,false],"penci-magazine-slider":["https:\/\/nandi.info\/wp-content\/uploads\/2022\/04\/Youssouf-Sissoko-dirpub.jpg",387,516,false],"penci-thumb":["https:\/\/nandi.info\/wp-content\/uploads\/2022\/04\/Youssouf-Sissoko-dirpub.jpg",293,390,false],"penci-masonry-thumb":["https:\/\/nandi.info\/wp-content\/uploads\/2022\/04\/Youssouf-Sissoko-dirpub.jpg",480,640,false],"penci-thumb-square":["https:\/\/nandi.info\/wp-content\/uploads\/2022\/04\/Youssouf-Sissoko-dirpub.jpg",439,585,false],"penci-thumb-vertical":["https:\/\/nandi.info\/wp-content\/uploads\/2022\/04\/Youssouf-Sissoko-dirpub.jpg",480,640,false],"penci-thumb-small":["https:\/\/nandi.info\/wp-content\/uploads\/2022\/04\/Youssouf-Sissoko-dirpub.jpg",131,175,false]},"author_info":{"display_name":"Nandi","author_link":"https:\/\/nandi.info\/?author=1"},"category_info":"<a href=\"https:\/\/nandi.info\/?cat=34\" rel=\"category\">Editorial<\/a> <a href=\"https:\/\/nandi.info\/?cat=68\" rel=\"category\">L'alternance<\/a>","tag_info":"L'alternance","comment_count":"0","jetpack_featured_media_url":"https:\/\/nandi.info\/wp-content\/uploads\/2022\/04\/Youssouf-Sissoko-dirpub.jpg","jetpack_sharing_enabled":true,"_links":{"self":[{"href":"https:\/\/nandi.info\/index.php?rest_route=\/wp\/v2\/posts\/12610","targetHints":{"allow":["GET"]}}],"collection":[{"href":"https:\/\/nandi.info\/index.php?rest_route=\/wp\/v2\/posts"}],"about":[{"href":"https:\/\/nandi.info\/index.php?rest_route=\/wp\/v2\/types\/post"}],"author":[{"embeddable":true,"href":"https:\/\/nandi.info\/index.php?rest_route=\/wp\/v2\/users\/1"}],"replies":[{"embeddable":true,"href":"https:\/\/nandi.info\/index.php?rest_route=%2Fwp%2Fv2%2Fcomments&post=12610"}],"version-history":[{"count":0,"href":"https:\/\/nandi.info\/index.php?rest_route=\/wp\/v2\/posts\/12610\/revisions"}],"wp:featuredmedia":[{"embeddable":true,"href":"https:\/\/nandi.info\/index.php?rest_route=\/wp\/v2\/media\/4856"}],"wp:attachment":[{"href":"https:\/\/nandi.info\/index.php?rest_route=%2Fwp%2Fv2%2Fmedia&parent=12610"}],"wp:term":[{"taxonomy":"category","embeddable":true,"href":"https:\/\/nandi.info\/index.php?rest_route=%2Fwp%2Fv2%2Fcategories&post=12610"},{"taxonomy":"post_tag","embeddable":true,"href":"https:\/\/nandi.info\/index.php?rest_route=%2Fwp%2Fv2%2Ftags&post=12610"}],"curies":[{"name":"wp","href":"https:\/\/api.w.org\/{rel}","templated":true}]}}