{"id":12594,"date":"2023-03-26T09:45:29","date_gmt":"2023-03-26T07:45:29","guid":{"rendered":"https:\/\/nandi.info\/?p=12594"},"modified":"2023-03-26T09:45:29","modified_gmt":"2023-03-26T07:45:29","slug":"26-mars-1991-quel-avenir-pour-la-democratie-malienne","status":"publish","type":"post","link":"https:\/\/nandi.info\/?p=12594","title":{"rendered":"26 Mars 1991 : Quel avenir pour la d\u00e9mocratie malienne ?"},"content":{"rendered":"\n<p><strong><em>Alors que les Maliens s\u2019appr\u00eatent \u00e0 c\u00e9l\u00e9brer les 32 ans de la d\u00e9mocratie malienne, une question revient en boucle&nbsp;: quel avenir pour la jeune d\u00e9mocratie malienne qui traverse des moments sombres ? Dr. Mohamed Amara, sociologue et analyste politique, tente de r\u00e9pondre \u00e0 la question.<\/em><\/strong><\/p>\n\n\n\n<p class=\"has-drop-cap\">En espace de 30 ans d\u2019exercice d\u00e9mocratique, le Mali traverse un tsunami sociopolitique sans pr\u00e9c\u00e9dent. Ce tsunami politique \u00e9merge de l\u2019inefficacit\u00e9 du syst\u00e8me de gouvernance de la plupart des r\u00e9gimes. Une inefficacit\u00e9 qui s\u2019explique par la corruption et l\u2019impunit\u00e9, symboles de la mauvaise gestion. Depuis 2012, les contestations populaires serpentent les r\u00e9gimes d\u00e9mocratiques et se terminent par des putschs militaires&nbsp;: ATT en 2012, IBK en 2020.<\/p>\n\n\n\n<p>Alors que les Maliens s\u2019appr\u00eatent \u00e0 c\u00e9l\u00e9brer les 32 ans de la d\u00e9mocratie malienne, une question revient en boucle dans l\u2019esprit&nbsp;: quel avenir pour la jeune d\u00e9mocratie malienne qui traverse des moments sombres ?<\/p>\n\n\n\n<p>Pour Dr. Mohamed Amara, sociologue non moins analyste politique, pour que notre d\u00e9mocratie sorte de cette situation d\u2019entre deux mondes, il faut affirmer une des valeurs fondamentales de la d\u00e9mocratie qui est \u201cl\u2019\u00e9galit\u00e9 \u201c.<\/p>\n\n\n\n<p><em>\u201cLa d\u00e9mocratie ne se d\u00e9cr\u00e8te pas, elle se construit. Pour que le syst\u00e8me d\u00e9mocratique marche, il faut qu\u2019on arrive \u00e0 cr\u00e9er les meilleures conditions de vie sociale et \u00e9conomique pour les populations aussi bien rurales qu\u2019urbaines pour l\u2019acc\u00e8s \u00e0 la sant\u00e9, \u00e0 l\u2019emploi, \u00e0 la s\u00e9curit\u00e9, \u00e0 l\u2019eau quelques soient notre lieu d\u2019habitation et notre statut social. La vie de chaque Malien doit \u00eatre prot\u00e9g\u00e9e\u201d<\/em>, pr\u00e9cise-t-il.<\/p>\n\n\n\n<p>Notre analyste ajoute que tout ce que nous avons comme syst\u00e8me d\u00e9mocratique est le fruit de la r\u00e9volution des ann\u00e9es 1990, des associations, des syndicats et des partis politiques pour d\u00e9gager la dictature militaire de Moussa Traor\u00e9 et r\u00e9clamer plus de libert\u00e9 d\u2019expression.<\/p>\n\n\n\n<p><em>\u201cL\u2019avenir de la d\u00e9mocratie d\u00e9pend de notre ambition d\u00e9mocratique, c\u2019est-\u00e0-dire notre capacit\u00e9 \u00e0 la r\u00e9inventer gr\u00e2ce \u00e0 des projets socio\u00e9conomiques, culturels, de d\u00e9veloppement tout simplement pour le Mali dans les 30-50 ans \u00e0 venir. R\u00e9inventer la d\u00e9mocratie, c\u2019est aussi s\u2019inspirer de nos modes de gouvernance traditionnels (r\u00e9solution de conflits, conventions sociales, etc.) pour l\u00e9gitimer les actions publiques&nbsp;et les d\u00e9lib\u00e9rations\u201d<\/em>, affirme Dr. Amara.<\/p>\n\n\n\n<p>A l\u2019en croire, il faut construire une forme de gouvernance o\u00f9 la jeunesse (homme-femme), les libert\u00e9s individuelles, la s\u00e9curit\u00e9, le mieux vivre ensemble et le bien-\u00eatre sont au centre martelant que l\u2019\u00e9lection pr\u00e9sidentielle reste l\u2019un des indicateurs par excellence pour \u00e9valuer la sant\u00e9 d\u2019une d\u00e9mocratie d\u2019o\u00f9 la n\u00e9cessit\u00e9 de tenir le scrutin pr\u00e9sidentiel de f\u00e9vrier 2024.&nbsp;<em>\u201cEnfin,&nbsp;il faut b\u00e2tir des dispositifs d\u00e9mocratiques \u00e9galitaires pour mieux \u00e9couter, concerter, entendre et impliquer les citoyens dans les r\u00e9formes. De cette fa\u00e7on-l\u00e0, on \u00e9rige une certaine culture d\u00e9mocratique&nbsp;; de cette fa\u00e7on-l\u00e0, on redonnera vie \u00e0 notre d\u00e9mocratie. Une d\u00e9mocratie ouverte sur le monde\u201d<\/em>, conclut-t-il.<\/p>\n\n\n\n<p><strong>Ousmane Mahamane<\/strong><\/p>\n","protected":false},"excerpt":{"rendered":"<p>Alors que les Maliens s\u2019appr\u00eatent \u00e0 c\u00e9l\u00e9brer les 32 ans de la d\u00e9mocratie malienne, une question revient en boucle&nbsp;: quel avenir pour la jeune d\u00e9mocratie malienne qui traverse des moments&hellip;<\/p>\n","protected":false},"author":1,"featured_media":12603,"comment_status":"open","ping_status":"closed","sticky":false,"template":"","format":"standard","meta":{"content-type":"","_lmt_disableupdate":"","_lmt_disable":"","_jetpack_memberships_contains_paid_content":false,"footnotes":"","jetpack_publicize_message":"","jetpack_publicize_feature_enabled":true,"jetpack_social_post_already_shared":true,"jetpack_social_options":{"image_generator_settings":{"template":"highway","default_image_id":0,"font":"","enabled":false},"version":2}},"categories":[33,21],"tags":[],"class_list":["post-12594","post","type-post","status-publish","format-standard","has-post-thumbnail","hentry","category-mali-tribune","category-societe"],"jetpack_publicize_connections":[],"featured_image_urls":{"full":"","thumbnail":"","medium":"","medium_large":"","large":"","1536x1536":"","2048x2048":"","penci-recipe-1200x1200":"","penci-recipe-1200x900":"","penci-recipe-1200x675":"","penci-single-full":"","penci-slider-full-thumb":"","penci-full-thumb":"","penci-slider-thumb":"","penci-magazine-slider":"","penci-thumb":"","penci-masonry-thumb":"","penci-thumb-square":"","penci-thumb-vertical":"","penci-thumb-small":""},"author_info":{"display_name":"Nandi","author_link":"https:\/\/nandi.info\/?author=1"},"category_info":"<a href=\"https:\/\/nandi.info\/?cat=33\" rel=\"category\">Mali Tribune<\/a> <a href=\"https:\/\/nandi.info\/?cat=21\" rel=\"category\">Soci\u00e9t\u00e9<\/a>","tag_info":"Soci\u00e9t\u00e9","comment_count":"0","jetpack_featured_media_url":"","jetpack_sharing_enabled":true,"_links":{"self":[{"href":"https:\/\/nandi.info\/index.php?rest_route=\/wp\/v2\/posts\/12594","targetHints":{"allow":["GET"]}}],"collection":[{"href":"https:\/\/nandi.info\/index.php?rest_route=\/wp\/v2\/posts"}],"about":[{"href":"https:\/\/nandi.info\/index.php?rest_route=\/wp\/v2\/types\/post"}],"author":[{"embeddable":true,"href":"https:\/\/nandi.info\/index.php?rest_route=\/wp\/v2\/users\/1"}],"replies":[{"embeddable":true,"href":"https:\/\/nandi.info\/index.php?rest_route=%2Fwp%2Fv2%2Fcomments&post=12594"}],"version-history":[{"count":0,"href":"https:\/\/nandi.info\/index.php?rest_route=\/wp\/v2\/posts\/12594\/revisions"}],"wp:featuredmedia":[{"embeddable":true,"href":"https:\/\/nandi.info\/index.php?rest_route=\/"}],"wp:attachment":[{"href":"https:\/\/nandi.info\/index.php?rest_route=%2Fwp%2Fv2%2Fmedia&parent=12594"}],"wp:term":[{"taxonomy":"category","embeddable":true,"href":"https:\/\/nandi.info\/index.php?rest_route=%2Fwp%2Fv2%2Fcategories&post=12594"},{"taxonomy":"post_tag","embeddable":true,"href":"https:\/\/nandi.info\/index.php?rest_route=%2Fwp%2Fv2%2Ftags&post=12594"}],"curies":[{"name":"wp","href":"https:\/\/api.w.org\/{rel}","templated":true}]}}