{"id":12591,"date":"2023-03-26T09:40:19","date_gmt":"2023-03-26T07:40:19","guid":{"rendered":"https:\/\/nandi.info\/?p=12591"},"modified":"2023-03-26T09:40:19","modified_gmt":"2023-03-26T07:40:19","slug":"32-ans-de-democratie-acquis-et-perspectives","status":"publish","type":"post","link":"https:\/\/nandi.info\/?p=12591","title":{"rendered":"32 ans de d\u00e9mocratie : Acquis et perspectives"},"content":{"rendered":"\n<p><strong><em>Le 26 mars 1991-26 mars 2023, l\u2019\u00e8re d\u00e9mocratique f\u00eate ses 32 ans au Mali. Survenu en 1991, apr\u00e8s de longues luttes clandestines, associatives et politiques, l\u2019av\u00e8nement de la d\u00e9mocratie malienne au Mali n\u2019a pas \u00e9t\u00e9 facile et a connu plusieurs coups durs. D\u2019abord l\u2019inach\u00e8vement du processus d\u00e9mocratique et plusieurs coups d\u2019Etat. Malgr\u00e9 tout, les 32 ans se f\u00eatent et chaque pr\u00e9sident \u00e9lu a eu \u00e0 donner le meilleur de lui-m\u00eame \u00e0 l\u2019id\u00e9al d\u00e9mocratique.<\/em><\/strong><\/p>\n\n\n\n<p><strong>&nbsp;&nbsp;<\/strong><strong>LE PRESIDENT ALPHA OUMAR KONARE<\/strong><\/p>\n\n\n\n<p>Au moment o\u00f9 le pr\u00e9sident Alpha Oumar Konar\u00e9 prenait le pouvoir en juin 1992, force est de reconnaitre que le Mali n\u2019avait aucune culture d\u00e9mocratique. Le pouvoir \u00e9tait directement rattach\u00e9 au pouvoir politique et militaire. Tout \u00e9tait question de poids sur la balance. Les institutions \u00e9taient de nom. Tout \u00e9tait g\u00e9r\u00e9 par le pr\u00e9sident et son entourage.<\/p>\n\n\n\n<p>Apr\u00e8s que la Conf\u00e9rence nationale a dot\u00e9 le Mali d\u2019une Constitution d\u00e9mocratique avec 3 pouvoirs (ex\u00e9cutif, l\u00e9gislatif et judiciaire) et une presse libre, avec ses 8 institutions, le pr\u00e9sident Alpha Oumar avait pour premi\u00e8re mission de transposer ces th\u00e9ories constitutionnelles sur papier en r\u00e9alit\u00e9.<\/p>\n\n\n\n<p>Et en 10 ans, il l\u2019a r\u00e9ussi \u00e0 70 %. Les organes institutionnels ont \u00e9t\u00e9 cr\u00e9\u00e9s, except\u00e9 la Haute cour de justice. Les 3 pouvoirs fonctionnaient concurremment. L\u2019ex\u00e9cutif proposait des lois, l\u2019Assembl\u00e9e nationale les votait et le gouvernement ex\u00e9cutait. Le pouvoir judiciaire \u00e9tait tr\u00e8s ind\u00e9pendant par rapport \u00e0 la dictature.<\/p>\n\n\n\n<p>Depuis Alpha, le militaire aussi grad\u00e9 qu\u2019il soit ne pouvait plus emprisonner les gens \u00e0 sa guise comme cela se passait sous la dictature. Les autorit\u00e9s politiques et tous les hommes puissants sont devenus justiciables et le magistrat d\u00e9tenait d\u00e9sormais la cl\u00e9 de la prison et tout passait par une proc\u00e9dure judiciaire.<\/p>\n\n\n\n<p>Le d\u00e9fis des institutions et des organes d\u00e9mocratiques ont \u00e9t\u00e9 relev\u00e9s \u00e0 70 % en moins de 10 ans par le pr\u00e9sident Alpha Oumar Konar\u00e9. Mieux, une opposition politique existait, les marches, les r\u00e9unions, les associations contre le pouvoir \u00e9taient permises. Les libert\u00e9s politiques fondamentales d\u2019opinion, d\u2019expression et de pens\u00e9e \u00e9taient acquises. La dictature fut un lointain souvenir en moins de 10 ans. Ce qui n\u2019\u00e9tait le cas dans plusieurs pays africains \u00e0 30 ans apr\u00e8s la D\u00e9mocratie.<\/p>\n\n\n\n<p><strong>LE PRESIDENT AMADOU TOUMANI TOURE DIT ATT<\/strong><\/p>\n\n\n\n<figure class=\"wp-block-image alignright is-resized\" id=\"attachment_2951282\"><a href=\"https:\/\/www.maliweb.net\/wp-content\/news\/images\/2021\/11\/ATT-AMADOU-TOUMANI-TOURE.jpeg\" data-rel=\"penci-gallery-image-content\" ><img fetchpriority=\"high\" decoding=\"async\" src=\"https:\/\/www.maliweb.net\/wp-content\/news\/images\/2021\/11\/ATT-AMADOU-TOUMANI-TOURE.jpeg\" alt=\"\" class=\"wp-image-2951282\" width=\"509\" height=\"679\"\/><\/a><figcaption>Amadou Toumani Tour\u00e9, ATT<\/figcaption><\/figure>\n\n\n\n<p>En 2002, le Mali fait son plus grand test d\u00e9mocratique et rel\u00e8ve les d\u00e9fis aux yeux du monde entier. Un pr\u00e9sident sortant qui ne force pas un 3e mandat, Alpha Oumar Konar\u00e9, deux potentiels opposants et candidats (IBK et Souma\u00efla Ciss\u00e9), un pr\u00e9sident sera d\u00e9clar\u00e9 \u00e9lu par les r\u00e9sultats finaux de la Cour constitutionnel, Amadou Toumani Tour\u00e9 dit ATT, brigue son premier mandat en tant candidat ind\u00e9pendant en mai 2002.<\/p>\n\n\n\n<p>ATT ne continue pas l\u2019institutionnalisation de la d\u00e9mocratie malienne comme son pr\u00e9d\u00e9cesseur Alpha Oumar Konar\u00e9 mais n\u2019entrave aucun acquis malgr\u00e9 son statut d\u2019ancien militaire. L\u2019exercice d\u00e9mocratique malien \u00e9tait devenu un exemple dans la sous-r\u00e9gion. L\u2019animation politique battait son plein entre la majorit\u00e9 et l\u2019opposition. Les d\u00e9bats politiques \u00e9taient ouverts. La presse fonctionnait et le pr\u00e9sident s\u2019\u00e9tait soumis \u00e0 une causerie d\u2019information annuelle et donnait les nouvelles du pays.<\/p>\n\n\n\n<p>Soldat du d\u00e9veloppement m\u00eame si pas excellemment de la d\u00e9mocratie, le pr\u00e9sident ATT va poser de grosses pierres du d\u00e9veloppement. De infrastructures routi\u00e8res, des investissements agricoles, entre autres. En 9 ans, avant que la marche ne soit stopp\u00e9e par la r\u00e9bellion au nord du pays en 2012, le pr\u00e9sident ATT allait faire du Mali, un eldorado.<\/p>\n\n\n\n<p>Malheureusement, la crise de 2012 n\u2019\u00e9pargnera pas les institutions d\u00e9mocratiques qui n\u2019ont pas connu assez de construction. Comme tous les pays qui se sont consacr\u00e9s au d\u00e9veloppement en n\u00e9gligeant le renforcement du processus d\u00e9mocratique, la fin, l\u2019\u00e9difice s\u2019\u00e9croule. Le Mali n\u2019a pas \u00e9chapp\u00e9 \u00e0 cette r\u00e8gle.<\/p>\n\n\n\n<p>L\u2019\u00e9chec militaire au nord face aux rebelles et djihadistes, entrainera la chute du r\u00e9gime politique et les institutions en mars 2012. ATT \u00e9tait un soldat du d\u00e9veloppement et n\u2019e\u00fbt \u00e9t\u00e9 la r\u00e9bellion de 2012, le Mali ne serait pas l\u00e0 o\u00f9, la d\u00e9mocratie est prise pour cause d\u2019\u00e9chec dans un probl\u00e8me de d\u00e9fense et de s\u00e9curit\u00e9.<\/p>\n\n\n\n<p><strong>LE PRESIDENT IBRAHIM BOUBACAR KEITA DIT IBK<\/strong><\/p>\n\n\n\n<figure class=\"wp-block-image size-large\"><img decoding=\"async\" src=\"https:\/\/nandi.info\/wp-content\/uploads\/2023\/03\/photo_1642338749-1024x512.jpg\" alt=\"\" class=\"wp-image-12599\"\/><\/figure>\n\n\n\n<p><strong>&nbsp;<\/strong>Certes sur le plan politique et les attentes des Maliens \u00e0 l\u2019\u00e9poque, le pr\u00e9sident IBK n\u2019a pas pu \u00eatre \u00e0 la hauteur mais avec IBK, jamais la d\u00e9mocratie n\u2019a atteint un si grand niveau au Mali aussi bien qu\u2019en Afrique. \u201cDura lex sed lex\u201d, qui veut dire : \u201cLoi est dure mais c\u2019est la loi\u201d, \u00e9tait une parole sacr\u00e9e pour le pr\u00e9sident IBK. Nous savons tous qu\u2019un des id\u00e9aux tr\u00e8s respectueux de la d\u00e9mocratie, c\u2019est le principe de s\u00e9paration des pouvoirs. Faire en sorte qu\u2019aucun pouvoir ne s\u2019immisce dans les affaires d\u2019un autre pouvoir. En cela IBK remporte un troph\u00e9e mondial.<\/p>\n\n\n\n<p>Nous nous souvenons tous du fameux proc\u00e8s entre Karim K\u00e9ita, Mamadou Sacko dit Saxe et Dram\u00e9 du Sphinx. En juillet 2019, Karim K\u00e9ita, non moins pr\u00e9sident de la Commission d\u00e9fense et s\u00e9curit\u00e9 de l\u2019Assembl\u00e9e nationale, le fils du pr\u00e9sident \u00e9tait le plus craint et le plus influent du Mali. Malgr\u00e9 tout cela, Karim K\u00e9ita perd au proc\u00e8s face \u00e0 Saxe pour une affaire de diffamation. Cet \u00e9chec de la famille pr\u00e9sidentielle, du fils du pr\u00e9sident qui accuse un journalise de diffamation contre sa propre personne. IBK et surtout sa famille rehaussait ainsi l\u2019image d\u00e9mocratique du Mali.<\/p>\n\n\n\n<p><strong>Koureichy Ciss\u00e9<\/strong><\/p>\n","protected":false},"excerpt":{"rendered":"<p>Le 26 mars 1991-26 mars 2023, l\u2019\u00e8re d\u00e9mocratique f\u00eate ses 32 ans au Mali. Survenu en 1991, apr\u00e8s de longues luttes clandestines, associatives et politiques, l\u2019av\u00e8nement de la d\u00e9mocratie malienne&hellip;<\/p>\n","protected":false},"author":1,"featured_media":12597,"comment_status":"open","ping_status":"closed","sticky":false,"template":"","format":"standard","meta":{"content-type":"","_lmt_disableupdate":"","_lmt_disable":"","_jetpack_memberships_contains_paid_content":false,"footnotes":"","jetpack_publicize_message":"","jetpack_publicize_feature_enabled":true,"jetpack_social_post_already_shared":true,"jetpack_social_options":{"image_generator_settings":{"template":"highway","default_image_id":0,"font":"","enabled":false},"version":2}},"categories":[33,23,92],"tags":[],"class_list":["post-12591","post","type-post","status-publish","format-standard","has-post-thumbnail","hentry","category-mali-tribune","category-politique","category-slider"],"jetpack_publicize_connections":[],"featured_image_urls":{"full":"","thumbnail":"","medium":"","medium_large":"","large":"","1536x1536":"","2048x2048":"","penci-recipe-1200x1200":"","penci-recipe-1200x900":"","penci-recipe-1200x675":"","penci-single-full":"","penci-slider-full-thumb":"","penci-full-thumb":"","penci-slider-thumb":"","penci-magazine-slider":"","penci-thumb":"","penci-masonry-thumb":"","penci-thumb-square":"","penci-thumb-vertical":"","penci-thumb-small":""},"author_info":{"display_name":"Nandi","author_link":"https:\/\/nandi.info\/?author=1"},"category_info":"<a href=\"https:\/\/nandi.info\/?cat=33\" rel=\"category\">Mali Tribune<\/a> <a href=\"https:\/\/nandi.info\/?cat=23\" rel=\"category\">Politique<\/a> <a href=\"https:\/\/nandi.info\/?cat=92\" rel=\"category\">Slider<\/a>","tag_info":"Slider","comment_count":"0","jetpack_featured_media_url":"","jetpack_sharing_enabled":true,"_links":{"self":[{"href":"https:\/\/nandi.info\/index.php?rest_route=\/wp\/v2\/posts\/12591","targetHints":{"allow":["GET"]}}],"collection":[{"href":"https:\/\/nandi.info\/index.php?rest_route=\/wp\/v2\/posts"}],"about":[{"href":"https:\/\/nandi.info\/index.php?rest_route=\/wp\/v2\/types\/post"}],"author":[{"embeddable":true,"href":"https:\/\/nandi.info\/index.php?rest_route=\/wp\/v2\/users\/1"}],"replies":[{"embeddable":true,"href":"https:\/\/nandi.info\/index.php?rest_route=%2Fwp%2Fv2%2Fcomments&post=12591"}],"version-history":[{"count":0,"href":"https:\/\/nandi.info\/index.php?rest_route=\/wp\/v2\/posts\/12591\/revisions"}],"wp:featuredmedia":[{"embeddable":true,"href":"https:\/\/nandi.info\/index.php?rest_route=\/"}],"wp:attachment":[{"href":"https:\/\/nandi.info\/index.php?rest_route=%2Fwp%2Fv2%2Fmedia&parent=12591"}],"wp:term":[{"taxonomy":"category","embeddable":true,"href":"https:\/\/nandi.info\/index.php?rest_route=%2Fwp%2Fv2%2Fcategories&post=12591"},{"taxonomy":"post_tag","embeddable":true,"href":"https:\/\/nandi.info\/index.php?rest_route=%2Fwp%2Fv2%2Ftags&post=12591"}],"curies":[{"name":"wp","href":"https:\/\/api.w.org\/{rel}","templated":true}]}}