{"id":12583,"date":"2023-03-26T09:20:45","date_gmt":"2023-03-26T07:20:45","guid":{"rendered":"https:\/\/nandi.info\/?p=12583"},"modified":"2023-03-26T09:20:45","modified_gmt":"2023-03-26T07:20:45","slug":"que-sont-ils-devenus-boubacar-monzon-traore-le-dirigeant-sportif-et-le-fonctionnaire-international","status":"publish","type":"post","link":"https:\/\/nandi.info\/?p=12583","title":{"rendered":"Que sont-ils devenus\u2026. Boubacar Monzon Traor\u00e9 : Le dirigeant sportif et le fonctionnaire international"},"content":{"rendered":"\n<p><strong><em>Ancien fonctionnaire international des Nations unies, ancien pr\u00e9sident de la Ligue de football du district de Bamako, ex-membre du comit\u00e9 ex\u00e9cutif&nbsp; de la F\u00e9d\u00e9ration malienne de football, dirigeant incontest\u00e9 du Djoliba AC, Boubacar Monzon Traor\u00e9 a un carnet d\u2019adresse assez fourni pour signer son passage dans la rubrique \u201cQue sont-ils devenus ?\u201d. Ag\u00e9 aujourd\u2019hui de 78 ans, il est en bonne sant\u00e9. En un mot il se maintient. De plus en plus, il se d\u00e9passionne du football. Mari\u00e9 et p\u00e8re de 6 enfants dont deux gar\u00e7ons, sa vie de retraite est partag\u00e9e entre la mosqu\u00e9e et son grin \u00e0 Hamdallaye. De son cursus universitaire \u00e0 sa retraite, en passant par sa carri\u00e8re administrative et sa gestion du football, Boubacar Monzon Traor\u00e9 nous a re\u00e7u en fin de week end dernier pour parler de son histoire.<\/em><\/strong><\/p>\n\n\n\n<p class=\"has-drop-cap\">Notre rencontre avec Boubacar Monzon Traor\u00e9 co\u00efncide avec l\u2019actualit\u00e9 du jour : le d\u00e9c\u00e8s du baobab de H\u00e9r\u00e9makono, le monument du football malien, l\u2019incarnation du Djoliba AC, Karounga K\u00e9ita dit K\u00e9k\u00e9. Il est l\u2019idole de notre h\u00e9ros du jour, ils ont fini par \u00eatre des collaborateurs, des complices. L\u2019ancien pr\u00e9sident de la Ligue de football du district, dit que la grande famille des Rouges \u00e9tait pr\u00e9par\u00e9e au d\u00e9c\u00e8s de son mentor. Parce que cela fait deux ans qu\u2019il est malade en France.<\/p>\n\n\n\n<p>Malgr\u00e9 tout le choc est \u00e9norme. Il retient le sacrifice de K\u00e9k\u00e9 pour avoir abandonn\u00e9 sa famille, son emploi. Il aurait d\u00fb \u00eatre promu au poste de directeur g\u00e9n\u00e9ral de la banque. Mais puisque ses absences r\u00e9p\u00e9t\u00e9es li\u00e9es aux voyages du Djoliba ou de l\u2019\u00e9quipe nationale \u00e9taient incompatibles aux charges de premier responsable de l\u2019administration, il s\u2019est r\u00e9sign\u00e9 dans sa logique : servir le football malien et le Djoliba, laissant m\u00eame l\u2019\u00e9ducation de ses enfants entre les mains de sa brave \u00e9pouse.<\/p>\n\n\n\n<p><em>\u201cKarounga a m\u00eame d\u00e9clin\u00e9 l\u2019offre du poste de repr\u00e9sentant sp\u00e9cial de l\u2019Unicef \u00e0 Bujumbura, parce qu\u2019il ne peut pas se s\u00e9parer de son club. D\u2019ailleurs, ce matin avant de vous rencontrer (Ndlr le dimanche 12 mars 2023) j\u2019ai rendu visite \u00e0 sa veuve Fanta&nbsp; Diallo,&nbsp; pour lui t\u00e9moigner toute la gratitude, la reconnaissance du Djoliba. Parce qu\u2019elle a tout accept\u00e9 pour le bonheur du Djoliba\u201d<\/em>, soutient Boubacar Monzon Traor\u00e9 la gorge nou\u00e9e.<\/p>\n\n\n\n<p>Apr\u00e8s ces moments d\u2019\u00e9motion, l\u2019hibernation du football malien s\u2019invite au d\u00e9bat. Oui notre sport roi traverse une zone de turbulences : niveau tr\u00e8s bas du championnat national, incapacit\u00e9 des clubs maliens \u00e0 acc\u00e9der aux phases de poule des comp\u00e9titions de la Caf, notamment la ligue des champions, \u00e9limination des juniors, prestation calamiteuse des Aigles locaux au Chan. Boubacar Monzon reconnait cette triste r\u00e9alit\u00e9 et propose :<\/p>\n\n\n\n<p>\u2013 Plus d\u2019honn\u00eatet\u00e9 des uns envers les autres ;<\/p>\n\n\n\n<p>\u2013 Que les dirigeants s\u2019occupent plus du football. Parce que les moyens financiers sont actuellement en jeu, et le constat amer est que les clubs n\u2019ont que 20 millions de F CFA. Un appui tr\u00e8s faible par rapport au Burkina et \u00e0 la C\u00f4te d\u2019Ivoire.<\/p>\n\n\n\n<p>\u2013 Le soutien cons\u00e9quent du bureau f\u00e9d\u00e9ral aux clubs, vu que l\u2019Etat a cess\u00e9 de les accompagner. A d\u00e9faut, nos diff\u00e9rentes \u00e9quipes feront de la figuration, et les querelles intestines pr\u00e9cipiteront la descente aux enfers de notre football.<\/p>\n\n\n\n<p>A ce niveau, Boubacar Monzon semblait \u00eatre exacerb\u00e9 par son analyse. Pour le d\u00e9passionner nous profitons d\u2019une gorg\u00e9e d\u2019eau pour entamer son cursus scolaire.<\/p>\n\n\n\n<p>C\u2019est \u00e0 l\u2019\u00e9cole des&nbsp;<strong>\u201cGrottes\u201d<\/strong>&nbsp;\u00e0 Hamdallaye, en compagnie du feu pr\u00e9sident IBK que Boubacar Monzon a fait ses \u00e9tudes primaires. Entr\u00e9 au lyc\u00e9e Terrasson de Foug\u00e8res en 1958, il en ressort six ans plus tard. Parce que le second cycle y \u00e9tait inclus. C\u2019est avec la r\u00e9forme de 1962 qui a consacr\u00e9 le d\u00e9tachement de l\u2019enseignement fondamental du lyc\u00e9e, avec la cr\u00e9ation du dipl\u00f4me d\u2019\u00e9tudes fondamentales (DEF).&nbsp; En octobre 1964, il passe par l\u2019ENA et d\u00e9croche un dipl\u00f4me en \u00e9conomie en juin 1968.<\/p>\n\n\n\n<p>Directement int\u00e9gr\u00e9 dans la Fonction publique, Boubacar Monzon est affect\u00e9 \u00e0 la direction nationale du plan et de la statistique en 1969. Un an plus tard, il est nomm\u00e9 directeur r\u00e9gional \u00e0 S\u00e9gou (1970-1971) avant de b\u00e9n\u00e9ficier d\u2019une bourse de la Commission \u00e9conomique des Nations unies bas\u00e9e \u00e0 Addis-Abeba. Au terme de cette formation, il retourne \u00e0 la case de d\u00e9part, le temps de trouver un point de chute ou une nouvelle promotion. La chance lui sourit du c\u00f4t\u00e9 du gouvernorat du district de Bamako, o\u00f9 il occupe le poste de conseiller aux affaires \u00e9conomiques du gouverneur pendant deux ans (1973-1975). N\u2019Golo Traor\u00e9 (ancien dignitaire du r\u00e9gime de GMT) nomm\u00e9 directeur l\u2019Institut d\u2019\u00e9conomie rurale (IER), sollicite ses comp\u00e9tences pour diriger la direction administrative et financi\u00e8re (Daf).<\/p>\n\n\n\n<p><strong>Discours retentissant<\/strong><\/p>\n\n\n\n<p>Les deux hommes se sont connus \u00e0 S\u00e9gou, et ont entretenu de bons rapports. N\u2019Golo avait une vision tr\u00e8s claire, pour donner de nouvelles orientations au service. Et Boubacar Monzon Traor\u00e9 l\u2019assiste dans cette dynamique et politique de redressement de l\u2019IER. Il profite en m\u00eame temps du programme de formation du service pour faire un troisi\u00e8me cycle au Nigeria. Apr\u00e8s ce cursus suppl\u00e9mentaire, Boubacar Monzon Traor\u00e9 perd logiquement son poste de Daf, et accepte de rester en stand-by \u00e0 l\u2019IER jusqu\u2019\u00e0 ce jour m\u00e9morable : l\u2019opportunit\u00e9 de travailler dans un organisme international, et de surcro\u00eet les Nations unies. Comment cela s\u2019est produit ?&nbsp;<em>\u201cC\u2019est mon ami, l\u2019ex-ministre Nancoman K\u00e9ita qui m\u2019a inform\u00e9 de l\u2019appel \u00e0 candidature pour un poste au Fnuap. Arriv\u00e9 au si\u00e8ge de l\u2019institution, il s\u2019est av\u00e9r\u00e9 que c\u2019est plut\u00f4t mon profil qui \u00e9tait sollicit\u00e9. Nancoman ne m\u2019a pas donn\u00e9 le temps de compatir \u00e0 sa d\u00e9ception. Il m\u2019encouragea \u00e0 d\u00e9poser mes dossiers le plus vite possible. Effectivement j\u2019ai postul\u00e9 et au bout de quelques semaines j\u2019ai \u00e9t\u00e9 recrut\u00e9 pour servir d\u2019abord \u00e0 Bamako, puis aux USA, au Za\u00efre, en Guin\u00e9e Conakry et au Gabon\u201d.<\/em><\/p>\n\n\n\n<p>Boubacar Monzon est rest\u00e9 \u00e0 ce poste de 1981 \u00e0 2006, date \u00e0 laquelle il a fait valoir ses droits \u00e0 la retraite. Il passe les deux ans restants dans l\u2019administration malienne \u00e0 la Cellule d\u2019enqu\u00eate et de recherche.<\/p>\n\n\n\n<p>Son destin au niveau de la Ligue de football de Bamako s\u2019est dessin\u00e9 au cours d\u2019une assembl\u00e9e g\u00e9n\u00e9rale.&nbsp; Membre de la d\u00e9l\u00e9gation du Djoliba, son intervention a \u00e9merveill\u00e9 l\u2019assistance. Au moment de la mise en place du bureau, Abdoul Karim Tour\u00e9 dit Bakoun, un dirigeant du R\u00e9al, le propose comme secr\u00e9taire g\u00e9n\u00e9ral.<\/p>\n\n\n\n<p>Boubacar Monzon Traor\u00e9 se d\u00e9siste au motif que ses occupations aux Nations unies l\u2019emp\u00eacheront de s\u2019investir \u00e0 hauteur de souhait. En 2001, il occupe la 2e vice-pr\u00e9sidence. Une fois de plus il monte d\u2019un cran en 2005&nbsp; pour \u00eatre la deuxi\u00e8me personnalit\u00e9 de la ligue. C\u2019est au cours de ce mandat que le pr\u00e9sident Mamadou Samba Konat\u00e9 d\u00e9c\u00e8de le 18 f\u00e9vrier 2006. Automatiquement Boubacar Monzon prend la rel\u00e8ve. Ce mandat a connu une prolongation parce que la Femafoot devrait tenir son assembl\u00e9e G\u00e9n\u00e9rale de relecture des textes. Raison pour laquelle elle a souhait\u00e9 que les quatre ligues (Bamako, Kayes, Koulikoro, et Sikasso)&nbsp; qui sont en renouvellement attendent pour se conformer aux nouveaux textes.<\/p>\n\n\n\n<p>Son vrai leadership comme pr\u00e9sident de la Ligue d\u00e9bute en 2011 avec son \u00e9lection \u00e0 l\u2019issue d\u2019une assembl\u00e9e g\u00e9n\u00e9rale tenue \u00e0 l\u2019Ecole nationale de police. Sa volont\u00e9 pour briguer un second mandat est entrav\u00e9e par la grande crise du football malien. Il n\u2019a m\u00eame pas voulu se pr\u00e9senter \u00e0 l\u2019\u00e9lection organis\u00e9e par le Comit\u00e9 de normalisation en 2018. Boubacar Monzon actif au Djoliba s\u2019efface de la Ligue. Quand m\u00eame l\u2019histoire retiendra les grandes actions de son passage \u00e0 la ligue de Bamako, notamment :<\/p>\n\n\n\n<p>L\u00b4organisation du championnat de troisi\u00e8me division, du championnat d\u2019honneur entre les clubs de premi\u00e8re division, du championnat de toutes les cat\u00e9gories d\u2019\u00e2ge. Une politique salutaire qui a permis au football malien de remporter des titres continentaux et participer aux phases finales de coupes du monde. Au niveau de la F\u00e9d\u00e9ration Malienne de Football, il a occup\u00e9 le poste de 2\u00e8me Vice-Pr\u00e9sident sous la mandature de feu Hamadoun Kola Ciss\u00e9.<\/p>\n\n\n\n<p>Boubacar Monzon retient comme bons souvenirs : la victoire du Djoliba \u00e0 la finale de la Coupe du Mali de 1978, la qualification des Rouges en finale de la Coupe Caf aux tirs au but en 2012 et la confiance plac\u00e9e en lui par ses pairs des autres ligues de football. Quant aux mauvais souvenirs ils sont au nombre de deux : la d\u00e9faite du Mali \u00e0 la Can de Yaound\u00e9-72, la grande d\u00e9ception des hommes.<\/p>\n\n\n\n<p>Au moment de quitter Boubacar Monzon Traor\u00e9, nous lui posons une derni\u00e8re question. Certes K\u00e9k\u00e9 est parti, alors qu\u2019est-ce qu\u2019il a pu l\u00e9guer comme boussole pour la famille Rouge ? Notre h\u00e9ros de la semaine se rajuste dans sa chaise et dit ceci :&nbsp;<strong><em>\u201cK\u00e9k\u00e9 nous a laiss\u00e9 l\u2019amour du Djoliba, la rage de vaincre\u201d.&nbsp;<\/em><\/strong><\/p>\n\n\n\n<p><strong>&nbsp;O. Roger&nbsp; T\u00e9l (00223) 63 88 24 23<\/strong><\/p>\n","protected":false},"excerpt":{"rendered":"<p>Ancien fonctionnaire international des Nations unies, ancien pr\u00e9sident de la Ligue de football du district de Bamako, ex-membre du comit\u00e9 ex\u00e9cutif&nbsp; de la F\u00e9d\u00e9ration malienne de football, dirigeant incontest\u00e9 du&hellip;<\/p>\n","protected":false},"author":1,"featured_media":12585,"comment_status":"open","ping_status":"closed","sticky":false,"template":"","format":"standard","meta":{"content-type":"","_lmt_disableupdate":"","_lmt_disable":"","_jetpack_memberships_contains_paid_content":false,"footnotes":"","jetpack_publicize_message":"","jetpack_publicize_feature_enabled":true,"jetpack_social_post_already_shared":true,"jetpack_social_options":{"image_generator_settings":{"template":"highway","default_image_id":0,"font":"","enabled":false},"version":2}},"categories":[19,44,21],"tags":[],"class_list":["post-12583","post","type-post","status-publish","format-standard","has-post-thumbnail","hentry","category-aujourdhui-mali","category-que-sont-ils-devenus","category-societe"],"jetpack_publicize_connections":[],"featured_image_urls":{"full":"","thumbnail":"","medium":"","medium_large":"","large":"","1536x1536":"","2048x2048":"","penci-recipe-1200x1200":"","penci-recipe-1200x900":"","penci-recipe-1200x675":"","penci-single-full":"","penci-slider-full-thumb":"","penci-full-thumb":"","penci-slider-thumb":"","penci-magazine-slider":"","penci-thumb":"","penci-masonry-thumb":"","penci-thumb-square":"","penci-thumb-vertical":"","penci-thumb-small":""},"author_info":{"display_name":"Nandi","author_link":"https:\/\/nandi.info\/?author=1"},"category_info":"<a href=\"https:\/\/nandi.info\/?cat=19\" rel=\"category\">Aujourd\u2019hui Mali<\/a> <a href=\"https:\/\/nandi.info\/?cat=44\" rel=\"category\">Que sont-ils devenus ?<\/a> <a href=\"https:\/\/nandi.info\/?cat=21\" rel=\"category\">Soci\u00e9t\u00e9<\/a>","tag_info":"Soci\u00e9t\u00e9","comment_count":"0","jetpack_featured_media_url":"","jetpack_sharing_enabled":true,"_links":{"self":[{"href":"https:\/\/nandi.info\/index.php?rest_route=\/wp\/v2\/posts\/12583","targetHints":{"allow":["GET"]}}],"collection":[{"href":"https:\/\/nandi.info\/index.php?rest_route=\/wp\/v2\/posts"}],"about":[{"href":"https:\/\/nandi.info\/index.php?rest_route=\/wp\/v2\/types\/post"}],"author":[{"embeddable":true,"href":"https:\/\/nandi.info\/index.php?rest_route=\/wp\/v2\/users\/1"}],"replies":[{"embeddable":true,"href":"https:\/\/nandi.info\/index.php?rest_route=%2Fwp%2Fv2%2Fcomments&post=12583"}],"version-history":[{"count":0,"href":"https:\/\/nandi.info\/index.php?rest_route=\/wp\/v2\/posts\/12583\/revisions"}],"wp:featuredmedia":[{"embeddable":true,"href":"https:\/\/nandi.info\/index.php?rest_route=\/"}],"wp:attachment":[{"href":"https:\/\/nandi.info\/index.php?rest_route=%2Fwp%2Fv2%2Fmedia&parent=12583"}],"wp:term":[{"taxonomy":"category","embeddable":true,"href":"https:\/\/nandi.info\/index.php?rest_route=%2Fwp%2Fv2%2Fcategories&post=12583"},{"taxonomy":"post_tag","embeddable":true,"href":"https:\/\/nandi.info\/index.php?rest_route=%2Fwp%2Fv2%2Ftags&post=12583"}],"curies":[{"name":"wp","href":"https:\/\/api.w.org\/{rel}","templated":true}]}}